{"id":10030,"date":"2022-12-11T13:52:18","date_gmt":"2022-12-11T16:52:18","guid":{"rendered":"https:\/\/123empregos.com.br\/?p=10030"},"modified":"2022-12-11T13:52:18","modified_gmt":"2022-12-11T16:52:18","slug":"empresa-pet-abre-novas-oportunidades-de-emprego-confira-as-vagas","status":"publish","type":"post","link":"https:\/\/99empregos.com.br\/blog\/empresa-pet-abre-novas-oportunidades-de-emprego-confira-as-vagas\/","title":{"rendered":"Empresa pet abre novas oportunidades de emprego, confira as vagas"},"content":{"rendered":"<p>A Petz, empresa comercial do setor veterin\u00e1rio, segue contratando e est\u00e1 com <a href=\"https:\/\/99empregos.com.br\/vaga\/dexco-abre-novas-oportunidades-confira-as-vagas\/\">novas vagas<\/a> de emprego abertas. Com mais de 300 itens dispon\u00edveis em suas lojas espalhadas pelo pa\u00eds, a companhia segue expandindo o seu neg\u00f3cio e agora busca profissionais nas seguintes \u00e1reas:<\/p>\n<ul>\n<li><span style=\"font-weight: 400\">Ajudante Geral &#8211;\u00a0 Fernando Corr\u00eaa Cuiab\u00e1\/MT;\u00a0\u00a0<\/span><\/li>\n<li><span style=\"font-weight: 400\">Ajudante Geral &#8211;\u00a0 Miguel Sutil Cuiab\u00e1\/MT;\u00a0\u00a0<\/span><\/li>\n<li><span style=\"font-weight: 400\">Analista de Intelig\u00eancia de Mercado S\u00eanior &#8211;\u00a0 Holding S\u00e3o Paulo\/SP;\u00a0\u00a0<\/span><\/li>\n<li><span style=\"font-weight: 400\">Analista de Planejamento e Opera\u00e7\u00f5es Jr. S\u00e3o Paulo\/SP;\u00a0\u00a0<\/span><\/li>\n<li><span style=\"font-weight: 400\">Aprendiz &#8211; Exclusivo Para Pessoas com Defici\u00eancia S\u00e3o Paulo\/SP;\u00a0<\/span><\/li>\n<li><span style=\"font-weight: 400\">Assistente Administrativo de Loja &#8211;\u00a0 Ponta Verde Macei\u00f3\/AL;\u00a0\u00a0<\/span><\/li>\n<li><span style=\"font-weight: 400\">Assistente Administrativo de Loja &#8211; V\u00e1rzea Grande\/MT;\u00a0\u00a0<\/span><\/li>\n<li><span style=\"font-weight: 400\">Assistente de Garantia de Qualidade &#8211; CD Embu Das Artes\/SP;\u00a0\u00a0<\/span><\/li>\n<li><span style=\"font-weight: 400\">Atendente de Loja &#8211; Fernando Corr\u00eaa Cuiab\u00e1\/MT;\u00a0\u00a0<\/span><\/li>\n<li><span style=\"font-weight: 400\">Atendente de Loja &#8211; Itatiba\/SP;\u00a0\u00a0<\/span><\/li>\n<li><span style=\"font-weight: 400\">Atendente de Loja &#8211;\u00a0 Maring\u00e1\/PR;\u00a0\u00a0<\/span><\/li>\n<li><span style=\"font-weight: 400\">Atendente de Loja &#8211;\u00a0 Miguel Sutil Cuiab\u00e1\/MT;\u00a0\u00a0<\/span><\/li>\n<li><span style=\"font-weight: 400\">Atendente de Loja &#8211;\u00a0 V\u00e1rzea Grande V\u00e1rzea Grande\/MT;\u00a0\u00a0<\/span><\/li>\n<li><span style=\"font-weight: 400\">Atendente de Telemarketing &#8211; Al\u00f4\u00a0 S\u00e3o Paulo\/SP;\u00a0\u00a0<\/span><\/li>\n<li><span style=\"font-weight: 400\">Atendente de Vidas &#8211;\u00a0 Maring\u00e1\/PR;\u00a0<\/span><\/li>\n<li><span style=\"font-weight: 400\">Auxiliar de E-commerce &#8211;\u00a0 Holding S\u00e3o Paulo\/SP;\u00a0\u00a0<\/span><\/li>\n<li><span style=\"font-weight: 400\">Auxiliar de Limpeza &#8211;\u00a0 Carrefour Ribeir\u00e3o Shopping Ribeir\u00e3o Preto\/SP;\u00a0<\/span><\/li>\n<li><span style=\"font-weight: 400\">Auxiliar De Limpeza &#8211;\u00a0 Londrina Tiradentes Londrina\/PR;\u00a0\u00a0<\/span><\/li>\n<li><span style=\"font-weight: 400\">Auxiliar de Limpeza &#8211;\u00a0 V\u00e1rzea Grande V\u00e1rzea Grande\/MT;\u00a0\u00a0<\/span><\/li>\n<li><span style=\"font-weight: 400\">Auxiliar de Limpeza &#8211; Seres Fernando Correa Cuiab\u00e1\/MT;\u00a0\u00a0<\/span><\/li>\n<li><span style=\"font-weight: 400\">Auxiliar De Limpeza &#8211; Seres Giovanni Gronchi S\u00e3o Paulo\/SP;\u00a0\u00a0<\/span><\/li>\n<li><span style=\"font-weight: 400\">Auxiliar de Limpeza &#8211; Vaga Afirmativa Para Pessoa 50+ Curitiba\/PR;\u00a0\u00a0<\/span><\/li>\n<li><span style=\"font-weight: 400\">Auxiliar Financeiro &#8211;\u00a0 Holding S\u00e3o Paulo\/SP;\u00a0\u00a0<\/span><\/li>\n<li><span style=\"font-weight: 400\">Auxiliar Veterin\u00e1rio &#8211; Seres Brasil;<\/span><\/li>\n<li><span style=\"font-weight: 400\">Auxiliar Veterin\u00e1rio &#8211; Seres Santa Cec\u00edlia S\u00e3o Paulo\/SP;\u00a0\u00a0<\/span><\/li>\n<li><span style=\"font-weight: 400\">Banhista e Tosador &#8211;\u00a0 Ara\u00e7atuba Santos\/SP;\u00a0<\/span><\/li>\n<li><span style=\"font-weight: 400\">Banhista e Tosador &#8211;\u00a0 Belo Horizonte\/MG;\u00a0\u00a0<\/span><\/li>\n<li><span style=\"font-weight: 400\">Banhista e Tosador &#8211;\u00a0 Carlos Berta Porto Alegre\/RS;\u00a0\u00a0<\/span><\/li>\n<li><span style=\"font-weight: 400\">Banhista e Tosador &#8211;\u00a0 Carlos Luz Belo Horizonte\/MG;\u00a0\u00a0<\/span><\/li>\n<li><span style=\"font-weight: 400\">Banhista e Tosador &#8211;\u00a0 Cotia Cotia\/SP;\u00a0\u00a0<\/span><\/li>\n<li><span style=\"font-weight: 400\">Banhista e Tosador &#8211;\u00a0 Governador Valadares\/MG.<\/span><\/li>\n<\/ul>\n<figure id=\"attachment_10035\" aria-describedby=\"caption-attachment-10035\" style=\"width: 1200px\" class=\"wp-caption aligncenter\"><img decoding=\"async\" class=\"size-full wp-image-10035\" src=\"https:\/\/99empregos.com.br\/wp-content\/uploads\/2022\/12\/petz-vagas-de-emprego.jpg\" alt=\"Petz abre novas vagas de emprego, confira. Foto: Divulga\u00e7\u00e3o\" width=\"1200\" height=\"750\" srcset=\"https:\/\/99empregos.com.br\/blog\/wp-content\/uploads\/2022\/12\/petz-vagas-de-emprego.jpg 1200w, https:\/\/99empregos.com.br\/blog\/wp-content\/uploads\/2022\/12\/petz-vagas-de-emprego-300x188.jpg 300w, https:\/\/99empregos.com.br\/blog\/wp-content\/uploads\/2022\/12\/petz-vagas-de-emprego-1024x640.jpg 1024w, https:\/\/99empregos.com.br\/blog\/wp-content\/uploads\/2022\/12\/petz-vagas-de-emprego-768x480.jpg 768w\" sizes=\"(max-width: 1200px) 100vw, 1200px\" \/><figcaption id=\"caption-attachment-10035\" class=\"wp-caption-text\">Petz abre novas vagas de emprego, confira. Foto: Divulga\u00e7\u00e3o<\/figcaption><\/figure>\n<h3>Mais informa\u00e7\u00f5es sobre o Petz<\/h3>\n<p>A\u00a0Petz\u00a0tem como\u00a0prop\u00f3sito\u00a0criar valor e proporcionar a melhor experi\u00eancia poss\u00edvel na rela\u00e7\u00e3o entre o pet e o seu tutor. E, para que isso seja poss\u00edvel, temos como\u00a0vis\u00e3o sermos reconhecidos mundialmente, at\u00e9 2025, como o melhor ecossistema do seguimento pet.<\/p>\n<p>Com uma estrat\u00e9gia omnicanal e que integra n\u00e3o s\u00f3 os canais f\u00edsicos e digitais, mas tamb\u00e9m os segmentos de produtos e servi\u00e7os,\u00a0somos uma plataforma de solu\u00e7\u00f5es completa para os animais de estima\u00e7\u00e3o. Nossa proposta \u00e9 oferecer aos nossos clientes uma experi\u00eancia de compra e atendimento diferenciado em nossas lojas f\u00edsicas, al\u00e9m de agilidade e conveni\u00eancia em nossos canais digitais.\u00a0Sim, queremos estar presentes em todos os momentos da vida dos nossos clientes, tutores e pets.<\/p>\n<h3>Como se candidatar<\/h3>\n<p>Se voc\u00ea encontrou uma oportunidade de emprego na Petz que se encaixa no seu perfil profissional, <a href=\"https:\/\/99empregos.com.br\/vaga\/petz-abre-novas-vagas-de-emprego-confira\/\">basta clicar neste link<\/a> para se candidatar. No entanto, antes de efetivar a sua inscri\u00e7\u00e3o, recomendamos que fa\u00e7a uma revis\u00e3o completa de todos os pr\u00e9-requisitos solicitados pela companhia. Boa sorte!<\/p>\n","protected":false},"excerpt":{"rendered":"<p>A Petz, empresa comercial do setor veterin\u00e1rio, segue contratando e est\u00e1 com novas vagas de emprego abertas. Com mais de 300 itens dispon\u00edveis em suas lojas espalhadas pelo pa\u00eds, a companhia segue expandindo o seu neg\u00f3cio e agora busca profissionais nas seguintes \u00e1reas: Ajudante Geral &#8211;\u00a0 Fernando Corr\u00eaa Cuiab\u00e1\/MT;\u00a0\u00a0 Ajudante Geral &#8211;\u00a0 Miguel Sutil Cuiab\u00e1\/MT;\u00a0\u00a0 [&hellip;]<\/p>\n","protected":false},"author":8,"featured_media":10034,"comment_status":"open","ping_status":"closed","sticky":false,"template":"","format":"standard","meta":{"footnotes":""},"categories":[7],"tags":[603,778,1268,37],"class_list":["post-10030","post","type-post","status-publish","format-standard","has-post-thumbnail","hentry","category-noticias","tag-603","tag-novas-oportunidades","tag-petz","tag-vagas"],"_links":{"self":[{"href":"https:\/\/99empregos.com.br\/blog\/wp-json\/wp\/v2\/posts\/10030","targetHints":{"allow":["GET"]}}],"collection":[{"href":"https:\/\/99empregos.com.br\/blog\/wp-json\/wp\/v2\/posts"}],"about":[{"href":"https:\/\/99empregos.com.br\/blog\/wp-json\/wp\/v2\/types\/post"}],"author":[{"embeddable":true,"href":"https:\/\/99empregos.com.br\/blog\/wp-json\/wp\/v2\/users\/8"}],"replies":[{"embeddable":true,"href":"https:\/\/99empregos.com.br\/blog\/wp-json\/wp\/v2\/comments?post=10030"}],"version-history":[{"count":0,"href":"https:\/\/99empregos.com.br\/blog\/wp-json\/wp\/v2\/posts\/10030\/revisions"}],"wp:featuredmedia":[{"embeddable":true,"href":"https:\/\/99empregos.com.br\/blog\/wp-json\/wp\/v2\/media\/10034"}],"wp:attachment":[{"href":"https:\/\/99empregos.com.br\/blog\/wp-json\/wp\/v2\/media?parent=10030"}],"wp:term":[{"taxonomy":"category","embeddable":true,"href":"https:\/\/99empregos.com.br\/blog\/wp-json\/wp\/v2\/categories?post=10030"},{"taxonomy":"post_tag","embeddable":true,"href":"https:\/\/99empregos.com.br\/blog\/wp-json\/wp\/v2\/tags?post=10030"}],"curies":[{"name":"wp","href":"https:\/\/api.w.org\/{rel}","templated":true}]}}