{"id":10058,"date":"2022-12-11T18:20:02","date_gmt":"2022-12-11T21:20:02","guid":{"rendered":"https:\/\/123empregos.com.br\/?p=10058"},"modified":"2022-12-11T18:20:02","modified_gmt":"2022-12-11T21:20:02","slug":"foto-no-curriculo-ou-curriculo-sem-foto","status":"publish","type":"post","link":"https:\/\/99empregos.com.br\/blog\/foto-no-curriculo-ou-curriculo-sem-foto\/","title":{"rendered":"FOTO NO CURR\u00cdCULO ou curr\u00edculo sem foto?"},"content":{"rendered":"<p><span style=\"font-weight: 400\">Para ter um curr\u00edculo que funciona, \u00e9 preciso que se escolha: <\/span><b>foto no curr\u00edculo<\/b><span style=\"font-weight: 400\"> ou n\u00e3o? Essa \u00e9 uma decis\u00e3o importante, j\u00e1 que \u00e9 a sua carta de apresenta\u00e7\u00e3o para conseguir uma entrevista de emprego. H\u00e1 um debate sobre a inclus\u00e3o ou n\u00e3o de uma foto e n\u00e3o h\u00e1 uma resposta universal que possa ser aplicada a todos.<\/span><\/p>\n<h2><span style=\"font-weight: 400\">Por que voc\u00ea deve inclu\u00ed-lo?\u00a0<\/span><\/h2>\n<p><span style=\"font-weight: 400\">Como voc\u00ea j\u00e1 sabe, n\u00e3o \u00e9 uma obriga\u00e7\u00e3o foto no curr\u00edculo, mas algumas empresas o solicitam expressamente, em suas vagas. O n\u00e3o cumprimento pode ser interpretado como n\u00e3o leitura correta das instru\u00e7\u00f5es da oferta de emprego ou desinteresse em segui-las, pelo que acabar\u00e3o por descartar o seu curr\u00edculo.\u00a0<\/span><\/p>\n<p><span style=\"font-weight: 400\">Al\u00e9m disso, se voc\u00ea escolher a foto certa, ela pode ajud\u00e1-lo a se conectar com a pessoa que ver\u00e1 o documento. Nesse artigo, apresentaremos tudo que precisa saber para escolher a foto certa, dicas e erros que voc\u00ea deve evitar.<\/span><\/p>\n<h2><span style=\"font-weight: 400\">Que tipo de foto no curr\u00edculo deve existir?<\/span><\/h2>\n<p><span style=\"font-weight: 400\">Uma foto em seu curr\u00edculo deve ser mais do que apenas um rostinho bonito.<\/span><\/p>\n<p><span style=\"font-weight: 400\">Primeiro, escolha uma que pare\u00e7a profissional. Aqui n\u00e3o vale a reciclagem ou a t\u00edpica selfie que costumamos usar no perfil do Facebook.\u00a0\u00a0<\/span><\/p>\n<p><span style=\"font-weight: 400\">Pode ser do tamanho de um documento de identidade ou passaporte e, se voc\u00ea inclu\u00ed-lo digitalmente, 370 x 500 pixels est\u00e1 bom. Em cores ou em preto e branco, mas n\u00e3o use filtros.\u00a0<\/span><\/p>\n<p><span style=\"font-weight: 400\">Nas redes sociais, \u00e9 comum as pessoas falarem sobre a m\u00e1 impress\u00e3o que fica ao conhecer pessoalmente algu\u00e9m que n\u00e3o condiz com a foto do perfil, por conta dos filtros. Bem, aqui \u00e9 o mesmo. Tudo bem pequenos retoques para eliminar sombras, ou reduzir levemente as olheiras, se tiverem sido marcadas por m\u00e1 ilumina\u00e7\u00e3o, mas n\u00e3o fa\u00e7a parecer que voc\u00ea fez uma cirurgia. Pense tamb\u00e9m na linha est\u00e9tica do seu curr\u00edculo, o uso de cores e outros elementos gr\u00e1ficos. Tudo deve manter uma certa harmonia.<\/span><\/p>\n<h2><span style=\"font-weight: 400\">Que roupa usar para a fotografia<\/span><\/h2>\n<p><span style=\"font-weight: 400\">Depende do setor e da empresa, mas pode ser relativamente formal. Se voc\u00ea n\u00e3o tiver certeza, pesquise o c\u00f3digo de vestimenta deles, se houver. Mas, mesmo que eles sejam mais \u201crelaxados\u201d em suas roupas, h\u00e1 certas coisas que voc\u00ea deve estar ciente ou evitar.\u00a0<\/span><\/p>\n<p><span style=\"font-weight: 400\">Como de costume, voc\u00ea estar\u00e1 se candidatando a v\u00e1rias vagas, por isso n\u00e3o \u00e9 aconselh\u00e1vel escolher o que vestir com base no que pesquisou em uma empresa. Pode ser que uma delas seja bastante casual em roupas, mas as outras n\u00e3o. E voc\u00ea provavelmente n\u00e3o quer tirar uma foto sua para cada <a href=\"https:\/\/99empregos.com.br\/cinco-mentiras-que-candidatos-colocam-no-curriculo-e-suas-consequencias\/\" target=\"_blank\" rel=\"noopener\">curr\u00edculo que enviar<\/a>. Portanto, o conselho \u00e9 que aplique o que combina com a maioria.<\/span><\/p>\n<p><span style=\"font-weight: 400\">Em algumas empresas, para determinados cargos, eles costumam se vestir de maneira muito formal, com palet\u00f3 e gravata, ou n\u00e3o t\u00e3o s\u00e9rios, mas elegantes. Existem outras empresas que, pela sua cultura ou mesmo do setor, s\u00e3o mais descontra\u00eddas, como no marketing, onde muitas vezes essas regras s\u00e3o quebradas.\u00a0<\/span><\/p>\n<p><span style=\"font-weight: 400\">Use roupas formais e cores neutras. Evite cores muito chamativas. N\u00e3o use blusas ou camisas sem mangas, ou decotadas. J\u00e1 os acess\u00f3rios, para as mulheres, como brincos ou colares, devem ser discretos. Deixe os piercings para outra hora.<\/span><\/p>\n<h2><span style=\"font-weight: 400\">Como tirar uma foto profissional para curr\u00edculo?\u00a0<\/span><\/h2>\n<h3><span style=\"font-weight: 400\">Por favor, na foto do curr\u00edculo, use uma foto recente<\/span><\/h3>\n<p><span style=\"font-weight: 400\">N\u00e3o coloque uma fotografia de dois anos atr\u00e1s s\u00f3 porque voc\u00ea parece bem.\u00a0<\/span><\/p>\n<h3><span style=\"font-weight: 400\">Use um fundo neutro<\/span><\/h3>\n<p><span style=\"font-weight: 400\">Cores ou desenhos extravagantes s\u00e3o um grande n\u00e3o para esta ocasi\u00e3o. Escolha um fundo neutro que contraste com a cor da sua roupa. Por exemplo, se voc\u00ea estiver vestindo uma camisa branca, escolha um fundo escuro. Se voc\u00ea for a um est\u00fadio fotogr\u00e1fico, eles podem aconselh\u00e1-lo sobre isso.\u00a0<\/span><\/p>\n<h3><span style=\"font-weight: 400\">A qualidade \u00e9 importante<\/span><\/h3>\n<p><span style=\"font-weight: 400\">Se um fot\u00f3grafo profissional tirar sua foto, voc\u00ea n\u00e3o ter\u00e1 problemas. Mas se decidir tirar voc\u00ea mesmo ou pedir um favor a algu\u00e9m, tome cuidado com esse detalhe.\u00a0<\/span><\/p>\n<p><span style=\"font-weight: 400\">Se voc\u00ea n\u00e3o tem c\u00e2mera, n\u00e3o h\u00e1 problema em fazer com o celular, j\u00e1 que atualmente todos os celulares possuem uma boa resolu\u00e7\u00e3o. O que voc\u00ea deve prestar aten\u00e7\u00e3o \u00e9 na foto n\u00e3o sair mal focada ou deslocada, e que seja tirada no plano correto.<\/span><\/p>\n<h3><span style=\"font-weight: 400\">Linguagem corporal\u00a0<\/span><\/h3>\n<p><span style=\"font-weight: 400\">Profissional n\u00e3o \u00e9 sin\u00f4nimo de impass\u00edvel. Al\u00e9m disso, te ajudar\u00e1 a causar uma melhor impress\u00e3o no recrutador que v\u00ea seu <a href=\"https:\/\/99empregos.com.br\/seis-erros-no-curriculo-que-voce-deve-evitar\/\" target=\"_blank\" rel=\"noopener\">curr\u00edculo<\/a>. Existem estudos que indicam que as pessoas prestam mais aten\u00e7\u00e3o no sorriso do que no visual ou nas roupas. Al\u00e9m disso, o sorriso est\u00e1 associado ao carisma e gera um sentimento de confian\u00e7a em quem o observa. Tenha cuidado, pois n\u00e3o \u00e9 um sorriso como uma gargalhada, mas sim, um sorriso leve e que n\u00e3o pare\u00e7a for\u00e7ado.\u00a0<\/span><\/p>\n<p><span style=\"font-weight: 400\">Evite cruzar os bra\u00e7os ou ficar muito r\u00edgido. Olhe para a frente e relaxe as sobrancelhas e a testa. Se voc\u00ea n\u00e3o \u00e9 fotog\u00eanico, pratique e fa\u00e7a v\u00e1rios testes at\u00e9 encontrar uma posi\u00e7\u00e3o em que pare\u00e7a relaxado e natural.<\/span><\/p>\n<h3><span style=\"font-weight: 400\">Ilumina\u00e7\u00e3o adequada\u00a0<\/span><\/h3>\n<p><span style=\"font-weight: 400\">Se voc\u00ea estiver tirando sua pr\u00f3pria foto, uma boa ilumina\u00e7\u00e3o far\u00e1 com que pare\u00e7a melhor. Fique na frente de uma janela ou de um local onde haja luz. N\u00e3o fique contra a luz, porque voc\u00ea far\u00e1 o oposto, que sua foto ficar\u00e1 ruim.\u00a0<\/span><\/p>\n<p><span style=\"font-weight: 400\">Se n\u00e3o tiver uma boa ilumina\u00e7\u00e3o natural, pode experimentar outra fonte de luz artificial. Coloque a fonte de luz na frente, porque a luz perpendicular marcar\u00e1 as olheiras e dar\u00e1 uma apar\u00eancia cansada.\u00a0<\/span><\/p>\n<p><span style=\"font-weight: 400\">Seguindo essas dicas, a foto no curr\u00edculo ficar\u00e1 perfeita. Mas, lembre-se: s\u00f3 coloque se na descri\u00e7\u00e3o da vaga for solicitado pela empresa.<\/span><\/p>\n<div id=\"icpbravoaccess_loaded\"><\/div>\n","protected":false},"excerpt":{"rendered":"<p>Para ter um curr\u00edculo que funciona, \u00e9 preciso que se escolha: foto no curr\u00edculo ou n\u00e3o? Essa \u00e9 uma decis\u00e3o importante, j\u00e1 que \u00e9 a sua carta de apresenta\u00e7\u00e3o para conseguir uma entrevista de emprego. H\u00e1 um debate sobre a inclus\u00e3o ou n\u00e3o de uma foto e n\u00e3o h\u00e1 uma resposta universal que possa ser [&hellip;]<\/p>\n","protected":false},"author":2,"featured_media":10059,"comment_status":"open","ping_status":"closed","sticky":false,"template":"","format":"standard","meta":{"footnotes":""},"categories":[9],"tags":[8],"class_list":["post-10058","post","type-post","status-publish","format-standard","has-post-thumbnail","hentry","category-dicas","tag-curriculo"],"_links":{"self":[{"href":"https:\/\/99empregos.com.br\/blog\/wp-json\/wp\/v2\/posts\/10058","targetHints":{"allow":["GET"]}}],"collection":[{"href":"https:\/\/99empregos.com.br\/blog\/wp-json\/wp\/v2\/posts"}],"about":[{"href":"https:\/\/99empregos.com.br\/blog\/wp-json\/wp\/v2\/types\/post"}],"author":[{"embeddable":true,"href":"https:\/\/99empregos.com.br\/blog\/wp-json\/wp\/v2\/users\/2"}],"replies":[{"embeddable":true,"href":"https:\/\/99empregos.com.br\/blog\/wp-json\/wp\/v2\/comments?post=10058"}],"version-history":[{"count":0,"href":"https:\/\/99empregos.com.br\/blog\/wp-json\/wp\/v2\/posts\/10058\/revisions"}],"wp:featuredmedia":[{"embeddable":true,"href":"https:\/\/99empregos.com.br\/blog\/wp-json\/wp\/v2\/media\/10059"}],"wp:attachment":[{"href":"https:\/\/99empregos.com.br\/blog\/wp-json\/wp\/v2\/media?parent=10058"}],"wp:term":[{"taxonomy":"category","embeddable":true,"href":"https:\/\/99empregos.com.br\/blog\/wp-json\/wp\/v2\/categories?post=10058"},{"taxonomy":"post_tag","embeddable":true,"href":"https:\/\/99empregos.com.br\/blog\/wp-json\/wp\/v2\/tags?post=10058"}],"curies":[{"name":"wp","href":"https:\/\/api.w.org\/{rel}","templated":true}]}}