{"id":10061,"date":"2022-12-11T18:43:34","date_gmt":"2022-12-11T21:43:34","guid":{"rendered":"https:\/\/123empregos.com.br\/?p=10061"},"modified":"2022-12-11T18:43:34","modified_gmt":"2022-12-11T21:43:34","slug":"a-marca-pessoal-o-que-te-torna-diferente-dos-outros-candidatos","status":"publish","type":"post","link":"https:\/\/99empregos.com.br\/blog\/a-marca-pessoal-o-que-te-torna-diferente-dos-outros-candidatos\/","title":{"rendered":"A marca pessoal: o que te torna diferente dos outros candidatos?"},"content":{"rendered":"<p><span style=\"font-weight: 400\">\u00c9 importante que as pessoas procurem a sua <\/span><b>marca pessoal<\/b><span style=\"font-weight: 400\">. Dito no dia-a-dia, pode defini-la como a imagem que projeta no exterior, destacando o que te diferencia. Diante do mundo dos neg\u00f3cios, e mais especificamente quando est\u00e1 imerso na procura de emprego, o que te define \u00e9 seu curr\u00edculo. Por isso, vamos te dar uma s\u00e9rie de recomenda\u00e7\u00f5es muito simples que ser\u00e3o de grande ajuda para se diferenciar dos demais.<\/span><\/p>\n<h2><span style=\"font-weight: 400\">Ferramentas que a tecnologia nos oferece para preparar o curr\u00edculo<\/span><\/h2>\n<p><span style=\"font-weight: 400\">Microsoft Word ou PowerPoint s\u00e3o os mais utilizados quando se trata de preparar um curr\u00edculo atrativo e completo, que seja significativo para a sua marca pessoal. Se vai enviar por e-mail \u00e9 importante que o fa\u00e7a em formato PDF.\u00a0<\/span><\/p>\n<h3><span style=\"font-weight: 400\">O design \u00e9 importante<\/span><\/h3>\n<p><span style=\"font-weight: 400\">Seu curr\u00edculo deve ser interessante, utilizando fontes diferenciadas que diferenciem o t\u00edtulo do conte\u00fado do texto base.\u00a0<\/span><\/p>\n<h3><span style=\"font-weight: 400\">Erro zero<\/span><\/h3>\n<p><span style=\"font-weight: 400\">N\u00e3o cometa erros ortogr\u00e1ficos ao escrever seu curr\u00edculo.\u00a0<\/span><\/p>\n<h3><span style=\"font-weight: 400\">A extens\u00e3o<\/span><\/h3>\n<p><span style=\"font-weight: 400\">O curr\u00edculo n\u00e3o deve ser muito longo. O recomendado \u00e9 uma p\u00e1gina e, no m\u00e1ximo, duas. Sintetizar e escrever nele o mais significativo e importante \u00e9 essencial. Lembre-se apenas de deixar a sua marca pessoal. Hoje em dia, gra\u00e7as a redes como o LinkedIn, pode estender mais amplamente ao descrever seu perfil profissional.<\/span><\/p>\n<h3><span style=\"font-weight: 400\">Forma\u00e7\u00e3o e experi\u00eancia<\/span><\/h3>\n<p><span style=\"font-weight: 400\">S\u00e3o os dois conte\u00fados mais importantes do <a href=\"https:\/\/99empregos.com.br\/seis-erros-no-curriculo-que-voce-deve-evitar\/\" target=\"_blank\" rel=\"noopener\">curr\u00edculo<\/a>. Em rela\u00e7\u00e3o ao pedido, deve-se sempre colocar no in\u00edcio suas experi\u00eancias profissionais mais recentes. Al\u00e9m disso, a forma\u00e7\u00e3o acad\u00eamica \u00e9 requisito fundamental. Quanto mais treinamento voc\u00ea tiver, melhor.\u00a0<\/span><\/p>\n<h3><span style=\"font-weight: 400\">Adapte o curr\u00edculo a cada oferta<\/span><\/h3>\n<p><span style=\"font-weight: 400\">O curr\u00edculo n\u00e3o tem de ser um <a href=\"https:\/\/99empregos.com.br\/cinco-mentiras-que-candidatos-colocam-no-curriculo-e-suas-consequencias\/\" target=\"_blank\" rel=\"noopener\">modelo \u00fanico<\/a> para todas as ofertas de emprego a que se adapte. Mude-o conforme a vaga para a qual vai se inscrever. Assim, sua candidatura ter\u00e1 mais valor.\u00a0<\/span><\/p>\n<h3><span style=\"font-weight: 400\">A foto<\/span><\/h3>\n<p><span style=\"font-weight: 400\">At\u00e9 hoje h\u00e1 uma discuss\u00e3o sobre colocar ou n\u00e3o uma foto. Se na descri\u00e7\u00e3o da vaga for solicitado, preocupe-se em adicionar algo profissional, de qualidade. Em rela\u00e7\u00e3o \u00e0 roupa com que aparecer\u00e1 na fotografia, \u00e9 importante que transmita profissionalismo, com cores suaves e fundo neutro.\u00a0<\/span><\/p>\n<h3><span style=\"font-weight: 400\">Manter o curr\u00edculo atualizado<\/span><\/h3>\n<p><span style=\"font-weight: 400\">Atualizar o curr\u00edculo agrega valor a um pedido de emprego. Al\u00e9m do documento, atualmente vale a pena destacar ter um discurso, ou seja, saber como se apresentar e transmitir qual \u00e9 o seu prop\u00f3sito. Por isso, \u00e9 importante praticar 30 segundos, 1 e 5 minutos, dependendo da entrevista que enfrentar e das circunst\u00e2ncias dela.\u00a0<\/span><\/p>\n<p><span style=\"font-weight: 400\">\u00c9 extremamente importante nas entrevistas de emprego, os discursos sobre quem se \u00e9 e qual \u00e9 o perfil profissional. Assim, agregando o curr\u00edculo com sua fala coesa, certamente deixar\u00e1 uma boa impress\u00e3o, ou seja, sua marca pessoal, que far\u00e1 o recrutador te colocar \u00e0 frente dos outros.<\/span><\/p>\n<div id=\"icpbravoaccess_loaded\"><\/div>\n","protected":false},"excerpt":{"rendered":"<p>\u00c9 importante que as pessoas procurem a sua marca pessoal. Dito no dia-a-dia, pode defini-la como a imagem que projeta no exterior, destacando o que te diferencia. Diante do mundo dos neg\u00f3cios, e mais especificamente quando est\u00e1 imerso na procura de emprego, o que te define \u00e9 seu curr\u00edculo. Por isso, vamos te dar uma [&hellip;]<\/p>\n","protected":false},"author":2,"featured_media":10062,"comment_status":"open","ping_status":"closed","sticky":false,"template":"","format":"standard","meta":{"footnotes":""},"categories":[9],"tags":[8],"class_list":["post-10061","post","type-post","status-publish","format-standard","has-post-thumbnail","hentry","category-dicas","tag-curriculo"],"_links":{"self":[{"href":"https:\/\/99empregos.com.br\/blog\/wp-json\/wp\/v2\/posts\/10061","targetHints":{"allow":["GET"]}}],"collection":[{"href":"https:\/\/99empregos.com.br\/blog\/wp-json\/wp\/v2\/posts"}],"about":[{"href":"https:\/\/99empregos.com.br\/blog\/wp-json\/wp\/v2\/types\/post"}],"author":[{"embeddable":true,"href":"https:\/\/99empregos.com.br\/blog\/wp-json\/wp\/v2\/users\/2"}],"replies":[{"embeddable":true,"href":"https:\/\/99empregos.com.br\/blog\/wp-json\/wp\/v2\/comments?post=10061"}],"version-history":[{"count":0,"href":"https:\/\/99empregos.com.br\/blog\/wp-json\/wp\/v2\/posts\/10061\/revisions"}],"wp:featuredmedia":[{"embeddable":true,"href":"https:\/\/99empregos.com.br\/blog\/wp-json\/wp\/v2\/media\/10062"}],"wp:attachment":[{"href":"https:\/\/99empregos.com.br\/blog\/wp-json\/wp\/v2\/media?parent=10061"}],"wp:term":[{"taxonomy":"category","embeddable":true,"href":"https:\/\/99empregos.com.br\/blog\/wp-json\/wp\/v2\/categories?post=10061"},{"taxonomy":"post_tag","embeddable":true,"href":"https:\/\/99empregos.com.br\/blog\/wp-json\/wp\/v2\/tags?post=10061"}],"curies":[{"name":"wp","href":"https:\/\/api.w.org\/{rel}","templated":true}]}}