{"id":10073,"date":"2022-12-12T05:09:26","date_gmt":"2022-12-12T08:09:26","guid":{"rendered":"https:\/\/123empregos.com.br\/?p=10073"},"modified":"2022-12-12T05:09:26","modified_gmt":"2022-12-12T08:09:26","slug":"empresa-de-moda-abre-novas-vagas-confira","status":"publish","type":"post","link":"https:\/\/99empregos.com.br\/blog\/empresa-de-moda-abre-novas-vagas-confira\/","title":{"rendered":"Empresa de moda abre novas vagas, confira"},"content":{"rendered":"<p>A Monju\u00e1, empresa com mais de 58 anos como refer\u00eancia no setor de moda, est\u00e1 com <a href=\"https:\/\/99empregos.com.br\/vaga\/panvel-farmacias-divulga-vagas-de-emprego-pelo-brasil\/\">novas vagas<\/a> de emprego abertas. Com mais de 700 colaboradores, a companhia segue expandindo os seus neg\u00f3cios e agora busca os seguintes profissionais para integrarem a sua equipe:<\/p>\n<ul>\n<li><span style=\"font-weight: 400\">Analista de Controladoria &#8211; Porto Alegre\/RS;\u00a0\u00a0<\/span><\/li>\n<li><span style=\"font-weight: 400\">Analista de Processos e Qualidade &#8211; Porto Alegre\/RS;\u00a0\u00a0<\/span><\/li>\n<li><span style=\"font-weight: 400\">Analista Financeiro &#8211; Porto Alegre\/RS;\u00a0\u00a0<\/span><\/li>\n<li><span style=\"font-weight: 400\">Analista Financeiro &#8211; Tr\u00eas Passos\/RS;\u00a0\u00a0<\/span><\/li>\n<li><span style=\"font-weight: 400\">Assistente de RH Porto Alegre\/RS;\u00a0\u00a0<\/span><\/li>\n<li><span style=\"font-weight: 400\">Auxiliar de Atendimento &#8211; Porto Alegre\/RS;\u00a0\u00a0<\/span><\/li>\n<li><span style=\"font-weight: 400\">Auxiliar de Limpeza de Loja &#8211; S\u00e3o Gabriel\/RS;\u00a0\u00a0<\/span><\/li>\n<li><span style=\"font-weight: 400\">Banco de talentos Caixa de Loja &#8211; Candel\u00e1ria\/RS;\u00a0\u00a0<\/span><\/li>\n<li><span style=\"font-weight: 400\">Caixa de Loja &#8211; Marau\/RS;\u00a0\u00a0<\/span><\/li>\n<li><span style=\"font-weight: 400\">Caixa de Loja &#8211; Panambi\/RS;\u00a0\u00a0<\/span><\/li>\n<li><span style=\"font-weight: 400\">Caixa de Loja &#8211; Quara\u00ed\/RS;\u00a0\u00a0<\/span><\/li>\n<li><span style=\"font-weight: 400\">Caixa de Loja &#8211; Santa Rosa\/RS;\u00a0\u00a0<\/span><\/li>\n<li><span style=\"font-weight: 400\">Caixa de Loja &#8211; Tapejara\/RS;\u00a0\u00a0<\/span><\/li>\n<li><span style=\"font-weight: 400\">Gerente de Loja &#8211; Porto Alegre\/RS;\u00a0\u00a0<\/span><\/li>\n<li><span style=\"font-weight: 400\">Gerente de Loja &#8211; Santa Cruz do Sul\/RS;\u00a0\u00a0<\/span><\/li>\n<li><span style=\"font-weight: 400\">Vendedor de Loja &#8211; Cachoeira do Sul\/RS;\u00a0\u00a0<\/span><\/li>\n<li><span style=\"font-weight: 400\">Vendedor de Loja &#8211; Cachoeirinha\/RS;\u00a0\u00a0<\/span><\/li>\n<li><span style=\"font-weight: 400\">Vendedor de Loja &#8211; Camaqu\u00e3\/RS;\u00a0\u00a0<\/span><\/li>\n<li><span style=\"font-weight: 400\">Vendedor de Loja &#8211; Campo Bom\/RS;\u00a0\u00a0<\/span><\/li>\n<li><span style=\"font-weight: 400\">Vendedor de Loja &#8211; Cerro Largo\/RS;\u00a0\u00a0<\/span><\/li>\n<li><span style=\"font-weight: 400\">Vendedor de Loja &#8211; Dom Pedrito\/RS;\u00a0\u00a0<\/span><\/li>\n<li><span style=\"font-weight: 400\">Vendedor de Loja &#8211; Erechim\/RS;\u00a0\u00a0<\/span><\/li>\n<li><span style=\"font-weight: 400\">Vendedor de Loja &#8211; Frederico Westphalen\/RS;\u00a0\u00a0<\/span><\/li>\n<li><span style=\"font-weight: 400\">Vendedor de Loja &#8211; Horizontina\/RS;\u00a0\u00a0<\/span><\/li>\n<li><span style=\"font-weight: 400\">Vendedor de Loja &#8211; Iju\u00ed\/RS;\u00a0\u00a0<\/span><\/li>\n<li><span style=\"font-weight: 400\">Vendedor de Loja &#8211; Jaguar\u00e3o\/RS.<\/span><\/li>\n<\/ul>\n<figure id=\"attachment_10075\" aria-describedby=\"caption-attachment-10075\" style=\"width: 1200px\" class=\"wp-caption aligncenter\"><img decoding=\"async\" class=\"size-full wp-image-10075\" src=\"https:\/\/99empregos.com.br\/wp-content\/uploads\/2022\/12\/monjua-novas-oportunidades.jpg\" alt=\"Monju\u00e1 abre novas vagas de emprego, confira as oportunidades. Foto: Divulga\u00e7\u00e3o\" width=\"1200\" height=\"750\" srcset=\"https:\/\/99empregos.com.br\/blog\/wp-content\/uploads\/2022\/12\/monjua-novas-oportunidades.jpg 1200w, https:\/\/99empregos.com.br\/blog\/wp-content\/uploads\/2022\/12\/monjua-novas-oportunidades-300x188.jpg 300w, https:\/\/99empregos.com.br\/blog\/wp-content\/uploads\/2022\/12\/monjua-novas-oportunidades-1024x640.jpg 1024w, https:\/\/99empregos.com.br\/blog\/wp-content\/uploads\/2022\/12\/monjua-novas-oportunidades-768x480.jpg 768w\" sizes=\"(max-width: 1200px) 100vw, 1200px\" \/><figcaption id=\"caption-attachment-10075\" class=\"wp-caption-text\">Monju\u00e1 abre novas vagas de emprego, confira as oportunidades. Foto: Divulga\u00e7\u00e3o<\/figcaption><\/figure>\n<h3>Mais informa\u00e7\u00f5es sobre a Monju\u00e1<\/h3>\n<p class=\"ql-align-justify\">H\u00e1 mais de 58 anos inspiramos bem-estar e felicidade atrav\u00e9s da moda por todo o Rio Grande do Sul. Com inova\u00e7\u00e3o, acolhimento e comprometimento, buscamos contribuir para o crescimento dos nossos clientes, colaboradores e parceiros.<\/p>\n<p class=\"ql-align-justify\">Somos 76 lojas e mais de 700 colaboradores que nos ajudaram a ser hoje, uma das maiores redes de varejo de moda do Estado.\u00a0Para n\u00f3s, inspirar a felicidade n\u00e3o \u00e9 apenas um slogan, mas nosso prop\u00f3sito, meta e forma de ser. Em tudo o que fazemos temos a felicidade como ponto inicial \u2013 e final. Abra\u00e7amos todos do jeito que s\u00e3o e apostamos na diversidade como uma ferramenta de desenvolvimento criativo.<\/p>\n<p class=\"ql-align-justify\">Al\u00e9m disso, temos a inova\u00e7\u00e3o como um dos nossos pilares e trabalhamos em v\u00e1rias frentes para nos tornarmos refer\u00eancia em tecnologia. Tamb\u00e9m, estamos trabalhando para nos tornarmos sustent\u00e1veis no futuro.<\/p>\n<h3>Como se candidatar \u00e0s vagas<\/h3>\n<p>Se voc\u00ea encontrou uma nova oportunidade de emprego que se encaixa no seu perfil profissional, <a href=\"https:\/\/99empregos.com.br\/vaga\/monjua-abre-novas-vagas-de-emprego-confira-as-oportunidades\/\">basta clicar neste link<\/a>. No entanto, antes de efetivar a sua inscri\u00e7\u00e3o, recomendamos que fa\u00e7a uma revis\u00e3o completa e detalhada de todos os pr\u00e9-requisitos solicitados pela empresa. Boa sorte!<\/p>\n","protected":false},"excerpt":{"rendered":"<p>A Monju\u00e1, empresa com mais de 58 anos como refer\u00eancia no setor de moda, est\u00e1 com novas vagas de emprego abertas. Com mais de 700 colaboradores, a companhia segue expandindo os seus neg\u00f3cios e agora busca os seguintes profissionais para integrarem a sua equipe: Analista de Controladoria &#8211; Porto Alegre\/RS;\u00a0\u00a0 Analista de Processos e Qualidade [&hellip;]<\/p>\n","protected":false},"author":8,"featured_media":10076,"comment_status":"open","ping_status":"closed","sticky":false,"template":"","format":"standard","meta":{"footnotes":""},"categories":[7],"tags":[603,5,37],"class_list":["post-10073","post","type-post","status-publish","format-standard","has-post-thumbnail","hentry","category-noticias","tag-603","tag-empregos","tag-vagas"],"_links":{"self":[{"href":"https:\/\/99empregos.com.br\/blog\/wp-json\/wp\/v2\/posts\/10073","targetHints":{"allow":["GET"]}}],"collection":[{"href":"https:\/\/99empregos.com.br\/blog\/wp-json\/wp\/v2\/posts"}],"about":[{"href":"https:\/\/99empregos.com.br\/blog\/wp-json\/wp\/v2\/types\/post"}],"author":[{"embeddable":true,"href":"https:\/\/99empregos.com.br\/blog\/wp-json\/wp\/v2\/users\/8"}],"replies":[{"embeddable":true,"href":"https:\/\/99empregos.com.br\/blog\/wp-json\/wp\/v2\/comments?post=10073"}],"version-history":[{"count":0,"href":"https:\/\/99empregos.com.br\/blog\/wp-json\/wp\/v2\/posts\/10073\/revisions"}],"wp:featuredmedia":[{"embeddable":true,"href":"https:\/\/99empregos.com.br\/blog\/wp-json\/wp\/v2\/media\/10076"}],"wp:attachment":[{"href":"https:\/\/99empregos.com.br\/blog\/wp-json\/wp\/v2\/media?parent=10073"}],"wp:term":[{"taxonomy":"category","embeddable":true,"href":"https:\/\/99empregos.com.br\/blog\/wp-json\/wp\/v2\/categories?post=10073"},{"taxonomy":"post_tag","embeddable":true,"href":"https:\/\/99empregos.com.br\/blog\/wp-json\/wp\/v2\/tags?post=10073"}],"curies":[{"name":"wp","href":"https:\/\/api.w.org\/{rel}","templated":true}]}}