{"id":10249,"date":"2022-12-13T04:54:24","date_gmt":"2022-12-13T07:54:24","guid":{"rendered":"https:\/\/123empregos.com.br\/?p=10249"},"modified":"2022-12-13T04:54:24","modified_gmt":"2022-12-13T07:54:24","slug":"agencia-digital-continua-contratando-confira-novas-vagas","status":"publish","type":"post","link":"https:\/\/99empregos.com.br\/blog\/agencia-digital-continua-contratando-confira-novas-vagas\/","title":{"rendered":"Ag\u00eancia digital continua contratando, confira novas vagas"},"content":{"rendered":"<p>A Vitrio, ag\u00eancia digital Full Service, est\u00e1 com <a href=\"https:\/\/99empregos.com.br\/vaga\/grupo-prime-anuncia-vagas-de-emprego-pelo-pais\/\">novas vagas de emprego<\/a> abertas. Com atua\u00e7\u00e3o direta em planejamento e gest\u00e3o de m\u00eddia, a companhia segue expandindo os seus neg\u00f3cios e agora busca os seguintes profissionais para integrarem a sua equipe:<\/p>\n<ul>\n<li><span style=\"font-weight: 400\">Analista de CMS J\u00fanior S\u00e3o Paulo\/SP;\u00a0\u00a0<\/span><\/li>\n<li><span style=\"font-weight: 400\">Analista de CRM J\u00fanior S\u00e3o Paulo\/SP;\u00a0\u00a0<\/span><\/li>\n<li><span style=\"font-weight: 400\">Analista de Intelig\u00eancia de Dados S\u00eanior S\u00e3o Paulo\/SP e Remoto;\u00a0\u00a0<\/span><\/li>\n<li><span style=\"font-weight: 400\">Analista de M\u00eddia On\/Off S\u00eanior S\u00e3o Paulo\/SP e Remoto Pessoa jur\u00eddica;\u00a0<\/span><\/li>\n<li><span style=\"font-weight: 400\">Analista de M\u00eddia On\/Off S\u00eanior S\u00e3o Paulo\/SP e Remoto Pessoa jur\u00eddica;\u00a0<\/span><\/li>\n<li><span style=\"font-weight: 400\">Analista de M\u00eddia On S\u00eanior S\u00e3o Paulo\/SP e Remoto;\u00a0\u00a0<\/span><\/li>\n<li><span style=\"font-weight: 400\">Analista de M\u00eddia On S\u00eanior S\u00e3o Paulo\/SP e Remoto;\u00a0\u00a0<\/span><\/li>\n<li><span style=\"font-weight: 400\">Banco de Talentos S\u00e3o Paulo\/SP;\u00a0<\/span><\/li>\n<li><span style=\"font-weight: 400\">Banco de Talentos Creator S\u00e3o Paulo\/SP;\u00a0\u00a0<\/span><\/li>\n<li><span style=\"font-weight: 400\">Banco de Talentos M\u00eddia S\u00e3o Paulo\/SP e Remoto;\u00a0<\/span><\/li>\n<li><span style=\"font-weight: 400\">Pessoa Diretora de Arte Junior S\u00e3o Paulo\/SP.<\/span><\/li>\n<\/ul>\n<figure id=\"attachment_10251\" aria-describedby=\"caption-attachment-10251\" style=\"width: 1200px\" class=\"wp-caption aligncenter\"><img decoding=\"async\" class=\"size-full wp-image-10251\" src=\"https:\/\/99empregos.com.br\/wp-content\/uploads\/2022\/12\/vitrio-vagas-2022.jpg\" alt=\"Vitrio abre novas vagas de emprego, confira as oportunidades. Foto: Divulga\u00e7\u00e3o\" width=\"1200\" height=\"750\" srcset=\"https:\/\/99empregos.com.br\/blog\/wp-content\/uploads\/2022\/12\/vitrio-vagas-2022.jpg 1200w, https:\/\/99empregos.com.br\/blog\/wp-content\/uploads\/2022\/12\/vitrio-vagas-2022-300x188.jpg 300w, https:\/\/99empregos.com.br\/blog\/wp-content\/uploads\/2022\/12\/vitrio-vagas-2022-1024x640.jpg 1024w, https:\/\/99empregos.com.br\/blog\/wp-content\/uploads\/2022\/12\/vitrio-vagas-2022-768x480.jpg 768w\" sizes=\"(max-width: 1200px) 100vw, 1200px\" \/><figcaption id=\"caption-attachment-10251\" class=\"wp-caption-text\">Vitrio abre novas vagas de emprego, confira as oportunidades. Foto: Divulga\u00e7\u00e3o<\/figcaption><\/figure>\n<h3>Mais informa\u00e7\u00f5es sobre a Vitrio<\/h3>\n<p>A Vitrio \u00e9 uma ag\u00eancia digital Full Service. Atuamos com planejamento e gest\u00e3o de m\u00eddia, planejamento de marca, gest\u00e3o de social media, dados &amp; analytics, SEO, CRO, CRM, cria\u00e7\u00e3o e desenvolvimento. Nosso maior diferencial? Trazemos para o mercado uma nova forma de pensar e trabalhar o marketing, colocando em nossa opera\u00e7\u00e3o o mindset de dados, inova\u00e7\u00e3o e criatividade, sempre conectado ao objetivo de neg\u00f3cio dos nossos clientes.<\/p>\n<p class=\"subtitle-with-typing\">Nascemos com obsess\u00e3o em compreender o comportamento dos consumidores e aprender com a vida das pessoas. Somos movidos pela emo\u00e7\u00e3o em inovar trazendo solu\u00e7\u00f5es que impactem o p\u00fablico e se tornem inesquec\u00edveis.<\/p>\n<p class=\"subtitle-with-typing\">Acreditamos na estrat\u00e9gia com foco em efeito sobre neg\u00f3cios e identifica\u00e7\u00e3o de novas oportunidades a cada etapa de comunica\u00e7\u00e3o. Se voc\u00ea consegue se identificar com esses ideais, temos certeza que se sentir\u00e1 em casa ao trabalhar com a nossa equipe!<\/p>\n<h3>Como se candidatar \u00e0s vagas de emprego<\/h3>\n<p>Se voc\u00ea encontrou uma nova oportunidade de emprego na Vitrio, <a href=\"https:\/\/99empregos.com.br\/vaga\/vitrio-abre-novas-vagas-confira-a-lista-atualizada\/\">basta clicar neste link<\/a>. No entanto, antes de efetivar a sua candidatura, recomendamos que fa\u00e7a uma revis\u00e3o completa e detalhada de todos os pr\u00e9-requisitos solicitados pela empresa em quest\u00e3o. Boa sorte!<\/p>\n","protected":false},"excerpt":{"rendered":"<p>A Vitrio, ag\u00eancia digital Full Service, est\u00e1 com novas vagas de emprego abertas. Com atua\u00e7\u00e3o direta em planejamento e gest\u00e3o de m\u00eddia, a companhia segue expandindo os seus neg\u00f3cios e agora busca os seguintes profissionais para integrarem a sua equipe: Analista de CMS J\u00fanior S\u00e3o Paulo\/SP;\u00a0\u00a0 Analista de CRM J\u00fanior S\u00e3o Paulo\/SP;\u00a0\u00a0 Analista de Intelig\u00eancia [&hellip;]<\/p>\n","protected":false},"author":8,"featured_media":10252,"comment_status":"open","ping_status":"closed","sticky":false,"template":"","format":"standard","meta":{"footnotes":""},"categories":[7],"tags":[603,5,37],"class_list":["post-10249","post","type-post","status-publish","format-standard","has-post-thumbnail","hentry","category-noticias","tag-603","tag-empregos","tag-vagas"],"_links":{"self":[{"href":"https:\/\/99empregos.com.br\/blog\/wp-json\/wp\/v2\/posts\/10249","targetHints":{"allow":["GET"]}}],"collection":[{"href":"https:\/\/99empregos.com.br\/blog\/wp-json\/wp\/v2\/posts"}],"about":[{"href":"https:\/\/99empregos.com.br\/blog\/wp-json\/wp\/v2\/types\/post"}],"author":[{"embeddable":true,"href":"https:\/\/99empregos.com.br\/blog\/wp-json\/wp\/v2\/users\/8"}],"replies":[{"embeddable":true,"href":"https:\/\/99empregos.com.br\/blog\/wp-json\/wp\/v2\/comments?post=10249"}],"version-history":[{"count":0,"href":"https:\/\/99empregos.com.br\/blog\/wp-json\/wp\/v2\/posts\/10249\/revisions"}],"wp:featuredmedia":[{"embeddable":true,"href":"https:\/\/99empregos.com.br\/blog\/wp-json\/wp\/v2\/media\/10252"}],"wp:attachment":[{"href":"https:\/\/99empregos.com.br\/blog\/wp-json\/wp\/v2\/media?parent=10249"}],"wp:term":[{"taxonomy":"category","embeddable":true,"href":"https:\/\/99empregos.com.br\/blog\/wp-json\/wp\/v2\/categories?post=10249"},{"taxonomy":"post_tag","embeddable":true,"href":"https:\/\/99empregos.com.br\/blog\/wp-json\/wp\/v2\/tags?post=10249"}],"curies":[{"name":"wp","href":"https:\/\/api.w.org\/{rel}","templated":true}]}}