{"id":10432,"date":"2022-12-14T05:20:35","date_gmt":"2022-12-14T08:20:35","guid":{"rendered":"https:\/\/123empregos.com.br\/?p=10432"},"modified":"2022-12-14T05:20:35","modified_gmt":"2022-12-14T08:20:35","slug":"empresa-de-rh-segue-contratando-veja-novas-vagas","status":"publish","type":"post","link":"https:\/\/99empregos.com.br\/blog\/empresa-de-rh-segue-contratando-veja-novas-vagas\/","title":{"rendered":"Empresa de RH segue contratando, veja novas vagas"},"content":{"rendered":"<p>A EDC Smart, holding de recursos humanos, est\u00e1 com <a href=\"https:\/\/99empregos.com.br\/vaga\/ambev-anuncia-novos-empregos-pelo-brasil\/\">novas vagas de emprego<\/a> abertas. Com mais de 12 anos de experi\u00eancia no mercado, a companhia segue expandindo os seus neg\u00f3cios e agora precisa dos seguintes profissionais para integrarem a sua equipe:<\/p>\n<ul>\n<li><span style=\"font-weight: 400\">Analista Cont\u00e1bil S\u00e3o Paulo\/SP;\u00a0<\/span><\/li>\n<li><span style=\"font-weight: 400\">Analista da Qualidade de Fornecedor STA Ca\u00e7apava\/SP;\u00a0<\/span><\/li>\n<li><span style=\"font-weight: 400\">Analista de Com\u00e9rcio Exterior Indaiatuba\/SP;\u00a0<\/span><\/li>\n<li><span style=\"font-weight: 400\">Analista de Comunica\u00e7\u00e3o S\u00eanior &#8211; PJ S\u00e3o Paulo\/SP Pessoa jur\u00eddica;\u00a0<\/span><\/li>\n<li><span style=\"font-weight: 400\">Analista de Faturamento S\u00e3o Paulo\/SP;\u00a0<\/span><\/li>\n<li><span style=\"font-weight: 400\">Analista de Garantia Indaiatuba\/SP;\u00a0<\/span><\/li>\n<li><span style=\"font-weight: 400\">Analista de Garantia &#8211; ES Cariacica\/ES;\u00a0<\/span><\/li>\n<li><span style=\"font-weight: 400\">Analista de Gera\u00e7\u00e3o Distribu\u00edda S\u00e3o Paulo\/SP;\u00a0<\/span><\/li>\n<li><span style=\"font-weight: 400\">Analista de Log\u00edstica S\u00eanior (Processos Log\u00edsticos Externos) Joinville\/SC;\u00a0<\/span><\/li>\n<li><span style=\"font-weight: 400\">Analista de Log\u00edstica S\u00eanior (Processos Log\u00edsticos Externos);\u00a0<\/span><\/li>\n<li><span style=\"font-weight: 400\">Analista de Log\u00edstica S\u00eanior (Processos Log\u00edsticos Externos) Joinville\/SC;\u00a0<\/span><\/li>\n<li><span style=\"font-weight: 400\">Analista de Log\u00edstica S\u00eanior (Processos Log\u00edsticos Internos) Joinville\/SC;\u00a0<\/span><\/li>\n<li><span style=\"font-weight: 400\">Analista de Log\u00edstica S\u00eanior (Processos Log\u00edsticos Internos);\u00a0<\/span><\/li>\n<li><span style=\"font-weight: 400\">Analista de Log\u00edstica S\u00eanior (Processos Log\u00edsticos Internos) Joinville\/SC;\u00a0<\/span><\/li>\n<li><span style=\"font-weight: 400\">Analista de Qualidade Indaiatuba\/SP;\u00a0<\/span><\/li>\n<li><span style=\"font-weight: 400\">Analista de Qualidade S\u00e3o Paulo\/SP;\u00a0<\/span><\/li>\n<li><span style=\"font-weight: 400\">Analista de Qualidade Osasco\/SP;\u00a0<\/span><\/li>\n<li><span style=\"font-weight: 400\">Analista de Recrutamento e Sele\u00e7\u00e3o Indaiatuba\/SP;\u00a0<\/span><\/li>\n<li><span style=\"font-weight: 400\">Analista de Suporte (TI) Indaiatuba\/SP;\u00a0<\/span><\/li>\n<li><span style=\"font-weight: 400\">Analista de Vendas S\u00e3o Paulo\/SP Pessoa jur\u00eddica;\u00a0<\/span><\/li>\n<li><span style=\"font-weight: 400\">Analista Fiscal Indaiatuba\/SP;\u00a0<\/span><\/li>\n<li><span style=\"font-weight: 400\">Arquiteta Pleno\/S\u00eanior S\u00e3o Paulo\/SP Pessoa jur\u00eddica;\u00a0<\/span><\/li>\n<li><span style=\"font-weight: 400\">Assistente de Compras S\u00e3o Paulo\/SP;\u00a0<\/span><\/li>\n<li><span style=\"font-weight: 400\">Assistente T\u00e9cnico Timb\u00f3\/SC;\u00a0<\/span><\/li>\n<li><span style=\"font-weight: 400\">Auxiliar de Log\u00edstica S\u00e3o Paulo\/SP;\u00a0<\/span><\/li>\n<li><span style=\"font-weight: 400\">Auxiliar de Log\u00edstica Osasco\/SP.<\/span><\/li>\n<\/ul>\n<figure id=\"attachment_10434\" aria-describedby=\"caption-attachment-10434\" style=\"width: 1200px\" class=\"wp-caption aligncenter\"><img decoding=\"async\" class=\"size-full wp-image-10434\" src=\"https:\/\/99empregos.com.br\/wp-content\/uploads\/2022\/12\/edc-vagas-2022-1.jpg\" alt=\"EDC Smart abre novas vagas de emprego, confira. Foto: Divulga\u00e7\u00e3o\" width=\"1200\" height=\"750\" srcset=\"https:\/\/99empregos.com.br\/blog\/wp-content\/uploads\/2022\/12\/edc-vagas-2022-1.jpg 1200w, https:\/\/99empregos.com.br\/blog\/wp-content\/uploads\/2022\/12\/edc-vagas-2022-1-300x188.jpg 300w, https:\/\/99empregos.com.br\/blog\/wp-content\/uploads\/2022\/12\/edc-vagas-2022-1-1024x640.jpg 1024w, https:\/\/99empregos.com.br\/blog\/wp-content\/uploads\/2022\/12\/edc-vagas-2022-1-768x480.jpg 768w\" sizes=\"(max-width: 1200px) 100vw, 1200px\" \/><figcaption id=\"caption-attachment-10434\" class=\"wp-caption-text\">EDC Smart abre novas vagas de emprego, confira. Foto: Divulga\u00e7\u00e3o<\/figcaption><\/figure>\n<h3>Mais informa\u00e7\u00f5es sobre a EDC Smart<\/h3>\n<p>H\u00e1 mais de 12 anos no mercado, a EDC Smart faz parte da EDC Group, uma holding do mercado de recursos humanos presente no Brasil, EUA e Argentina. Oferecemos uma gama completa de servi\u00e7os como processos de hunting C-level, servi\u00e7os de treinamento e desenvolvimento de lideran\u00e7as, outsourcing especializado e servi\u00e7os tempor\u00e1rios\/terceiros.<\/p>\n<p>N\u00f3s desenvolvemos nossa pr\u00f3pria metodologia, buscando ajudar nossos parceiros com velocidade, foco em pessoas, capta\u00e7\u00e3o de talentos qualificados, flexibilidade de adapta\u00e7\u00e3o e treinamentos de alto n\u00edvel. Nossa miss\u00e3o \u00e9 fornecer o profissional adequado \u00e0 necessidade do cliente, proporcionando a cada colaborador a oportunidade de crescimento e desenvolvimento, objetivando a qualidade dos servi\u00e7os, preservando e protegendo o meio ambiente.<\/p>\n<h3>Como se candidatar<\/h3>\n<p>Se voc\u00ea encontrou uma nova oportunidade de emprego que se encaixou no seu perfil profissional, <a href=\"https:\/\/99empregos.com.br\/vaga\/edc-smart-segue-contratando-veja-nova-lista\/\">basta clicar neste link<\/a> para se candidatar. No entanto, antes de efetivar a sua inscri\u00e7\u00e3o, recomendamos que fa\u00e7a uma revis\u00e3o completa e detalhada de todos os pr\u00e9-requisitos solicitados pela companhia. Boa sorte!<\/p>\n","protected":false},"excerpt":{"rendered":"<p>A EDC Smart, holding de recursos humanos, est\u00e1 com novas vagas de emprego abertas. Com mais de 12 anos de experi\u00eancia no mercado, a companhia segue expandindo os seus neg\u00f3cios e agora precisa dos seguintes profissionais para integrarem a sua equipe: Analista Cont\u00e1bil S\u00e3o Paulo\/SP;\u00a0 Analista da Qualidade de Fornecedor STA Ca\u00e7apava\/SP;\u00a0 Analista de Com\u00e9rcio [&hellip;]<\/p>\n","protected":false},"author":8,"featured_media":10435,"comment_status":"open","ping_status":"closed","sticky":false,"template":"","format":"standard","meta":{"footnotes":""},"categories":[7],"tags":[603,1120,5,37],"class_list":["post-10432","post","type-post","status-publish","format-standard","has-post-thumbnail","hentry","category-noticias","tag-603","tag-edc-smart","tag-empregos","tag-vagas"],"_links":{"self":[{"href":"https:\/\/99empregos.com.br\/blog\/wp-json\/wp\/v2\/posts\/10432","targetHints":{"allow":["GET"]}}],"collection":[{"href":"https:\/\/99empregos.com.br\/blog\/wp-json\/wp\/v2\/posts"}],"about":[{"href":"https:\/\/99empregos.com.br\/blog\/wp-json\/wp\/v2\/types\/post"}],"author":[{"embeddable":true,"href":"https:\/\/99empregos.com.br\/blog\/wp-json\/wp\/v2\/users\/8"}],"replies":[{"embeddable":true,"href":"https:\/\/99empregos.com.br\/blog\/wp-json\/wp\/v2\/comments?post=10432"}],"version-history":[{"count":0,"href":"https:\/\/99empregos.com.br\/blog\/wp-json\/wp\/v2\/posts\/10432\/revisions"}],"wp:featuredmedia":[{"embeddable":true,"href":"https:\/\/99empregos.com.br\/blog\/wp-json\/wp\/v2\/media\/10435"}],"wp:attachment":[{"href":"https:\/\/99empregos.com.br\/blog\/wp-json\/wp\/v2\/media?parent=10432"}],"wp:term":[{"taxonomy":"category","embeddable":true,"href":"https:\/\/99empregos.com.br\/blog\/wp-json\/wp\/v2\/categories?post=10432"},{"taxonomy":"post_tag","embeddable":true,"href":"https:\/\/99empregos.com.br\/blog\/wp-json\/wp\/v2\/tags?post=10432"}],"curies":[{"name":"wp","href":"https:\/\/api.w.org\/{rel}","templated":true}]}}