{"id":10575,"date":"2022-12-15T05:51:56","date_gmt":"2022-12-15T08:51:56","guid":{"rendered":"https:\/\/123empregos.com.br\/?p=10575"},"modified":"2022-12-15T05:51:56","modified_gmt":"2022-12-15T08:51:56","slug":"rede-de-supermercados-segue-contratando-veja-vagas","status":"publish","type":"post","link":"https:\/\/99empregos.com.br\/blog\/rede-de-supermercados-segue-contratando-veja-vagas\/","title":{"rendered":"Rede de supermercados segue contratando, veja vagas"},"content":{"rendered":"<p>A Rede Tatico, companhia com mais de 30 anos de mercado, segue contratando e ainda est\u00e1 com<a href=\"https:\/\/99empregos.com.br\/vaga\/grupo-boticario-abre-vagas-para-trabalho-remoto-em-todo-o-pais\/\"> vagas de emprego<\/a> abertas. Refer\u00eancia no mercado goiano, a empresa expande cada vez mais os seus neg\u00f3cios e agora est\u00e1 em busca dos seguintes profissionais:<\/p>\n<ul>\n<li><span style=\"font-weight: 400\">A\u00e7ougueiro Goi\u00e2nia\/GO;\u00a0<\/span><\/li>\n<li><span style=\"font-weight: 400\">Analista de Compras Goi\u00e2nia\/GO;\u00a0<\/span><\/li>\n<li><span style=\"font-weight: 400\">Analista de Departamento Pessoal Goi\u00e2nia\/GO;\u00a0<\/span><\/li>\n<li><span style=\"font-weight: 400\">Analista de Invent\u00e1rio Goi\u00e2nia\/GO;\u00a0<\/span><\/li>\n<li><span style=\"font-weight: 400\">Analista de Log\u00edstica Goi\u00e2nia\/GO;\u00a0<\/span><\/li>\n<li><span style=\"font-weight: 400\">Analista de PCP Goi\u00e2nia\/GO;\u00a0<\/span><\/li>\n<li><span style=\"font-weight: 400\">Analista de Recursos Humanos Aparecida de Goi\u00e2nia\/GO;\u00a0<\/span><\/li>\n<li><span style=\"font-weight: 400\">Assistente de Compras Goi\u00e2nia\/GO;\u00a0<\/span><\/li>\n<li><span style=\"font-weight: 400\">Assistente de Recursos Humanos Goi\u00e2nia\/GO;\u00a0<\/span><\/li>\n<li><span style=\"font-weight: 400\">Auxiliar de Almoxarifado Goi\u00e2nia\/GO;\u00a0<\/span><\/li>\n<li><span style=\"font-weight: 400\">Auxiliar de Compras Goi\u00e2nia\/GO;\u00a0<\/span><\/li>\n<li><span style=\"font-weight: 400\">Auxiliar de Manuten\u00e7\u00e3o Goi\u00e2nia\/GO;\u00a0<\/span><\/li>\n<li><span style=\"font-weight: 400\">Banco de talentos Auxiliar de Servi\u00e7os Gerais &#8211; Noturno\/Diurno Goi\u00e2nia\/GO;\u00a0<\/span><\/li>\n<li><span style=\"font-weight: 400\">Coordenador de PCP Goi\u00e2nia\/GO;\u00a0<\/span><\/li>\n<li><span style=\"font-weight: 400\">Encarregado de Loja &#8211; A\u00e7ougue Goi\u00e2nia\/GO;\u00a0<\/span><\/li>\n<li><span style=\"font-weight: 400\">Estagi\u00e1rio(a) de Ensino M\u00e9dio &#8211; Auxiliar de Loja Goi\u00e2nia\/GO;\u00a0<\/span><\/li>\n<li><span style=\"font-weight: 400\">Est\u00e1gio em Nutri\u00e7\u00e3o Goi\u00e2nia\/GO;\u00a0<\/span><\/li>\n<li><span style=\"font-weight: 400\">Gerente de Categoria Goi\u00e2nia\/GO;\u00a0<\/span><\/li>\n<li><span style=\"font-weight: 400\">Gerente de Loja Aparecida de Goi\u00e2nia\/GO;\u00a0<\/span><\/li>\n<li><span style=\"font-weight: 400\">Gerente de Pre\u00e7os Goi\u00e2nia\/GO;\u00a0<\/span><\/li>\n<li><span style=\"font-weight: 400\">Operador(a) de caixa Goi\u00e2nia\/GO;\u00a0<\/span><\/li>\n<li><span style=\"font-weight: 400\">Operador de C\u00e2mara Fria Goi\u00e2nia\/GO;\u00a0<\/span><\/li>\n<li><span style=\"font-weight: 400\">Padeiro Goi\u00e2nia\/GO.<\/span><\/li>\n<\/ul>\n<figure id=\"attachment_10577\" aria-describedby=\"caption-attachment-10577\" style=\"width: 1200px\" class=\"wp-caption aligncenter\"><img decoding=\"async\" class=\"size-full wp-image-10577\" src=\"https:\/\/99empregos.com.br\/wp-content\/uploads\/2022\/12\/tatico-goiania-vagas-2022.jpg\" alt=\"Tatico Goi\u00e2nia abre novas vagas de emprego confira as oportunidades e saiba como se candidatar. Foto: Divulga\u00e7\u00e3o\" width=\"1200\" height=\"750\" srcset=\"https:\/\/99empregos.com.br\/blog\/wp-content\/uploads\/2022\/12\/tatico-goiania-vagas-2022.jpg 1200w, https:\/\/99empregos.com.br\/blog\/wp-content\/uploads\/2022\/12\/tatico-goiania-vagas-2022-300x188.jpg 300w, https:\/\/99empregos.com.br\/blog\/wp-content\/uploads\/2022\/12\/tatico-goiania-vagas-2022-1024x640.jpg 1024w, https:\/\/99empregos.com.br\/blog\/wp-content\/uploads\/2022\/12\/tatico-goiania-vagas-2022-768x480.jpg 768w\" sizes=\"(max-width: 1200px) 100vw, 1200px\" \/><figcaption id=\"caption-attachment-10577\" class=\"wp-caption-text\">Tatico Goi\u00e2nia abre novas vagas de emprego confira as oportunidades e saiba como se candidatar. Foto: Divulga\u00e7\u00e3o<\/figcaption><\/figure>\n<h3>Mais informa\u00e7\u00f5es sobre a Tatico Goi\u00e2nia<\/h3>\n<section id=\"about\" class=\"sc-90af7a72-0 Ogwlu\" data-testid=\"company-description\">\n<div class=\"sc-90af7a72-1 cxPlKI\">\n<p>Fundada pelo empres\u00e1rio Jos\u00e9 Tatico em 1987, a rede de Supermercados Tatico apresentou-se ao consumidor com um grande diferencial: oferecer variedade de marcas e produtos de qualidade com pre\u00e7os baixos todos os dias. Ap\u00f3s 10 anos de dedica\u00e7\u00e3o e trabalho, em 1997 inaugurou sua segunda loja em \u00c1guas Lindas \u2013 GO. Hoje, atende duas importantes capitais brasileiras: Bras\u00edlia e Goi\u00e2nia, sendo cinco lojas em Bras\u00edlia e seis em Goi\u00e2nia.<\/p>\n<p>O Supermercado Tatico reafirma seu compromisso com o pre\u00e7o baixo, agradece a prefer\u00eancia e se orgulha de ter sido eleito em 2013 como a marca Top of Mind na categoria supermercados na mente do consumidor brasiliense. Fato esse, que se deu principalmente pela prefer\u00eancia de seus clientes, empenho e compromisso de seus colaboradores, parceiros e diretores, que conquistaram diariamente a confian\u00e7a e credibilidade do consumidor em mais de 26 anos de muito trabalho e dedica\u00e7\u00e3o.<\/p>\n<h3>Como se candidatar \u00e0s vagas de emprego abertas pela companhia<\/h3>\n<p>Se voc\u00ea encontrou uma nova oportunidade de emprego na Rede Tatico, <a href=\"https:\/\/99empregos.com.br\/vaga\/tatico-goiania-segue-contratando-veja-novas-vagas\/\">basta clicar neste link<\/a> para se candidatar agora mesmo. No entanto, antes de efetivar a sua candidatura, recomendamos que fa\u00e7a uma revis\u00e3o completa e detalhada de todos os pr\u00e9-requisitos solicitados pela companhia em quest\u00e3o. Boa sorte!<\/p>\n<\/div>\n<\/section>\n","protected":false},"excerpt":{"rendered":"<p>A Rede Tatico, companhia com mais de 30 anos de mercado, segue contratando e ainda est\u00e1 com vagas de emprego abertas. Refer\u00eancia no mercado goiano, a empresa expande cada vez mais os seus neg\u00f3cios e agora est\u00e1 em busca dos seguintes profissionais: A\u00e7ougueiro Goi\u00e2nia\/GO;\u00a0 Analista de Compras Goi\u00e2nia\/GO;\u00a0 Analista de Departamento Pessoal Goi\u00e2nia\/GO;\u00a0 Analista de [&hellip;]<\/p>\n","protected":false},"author":8,"featured_media":10578,"comment_status":"open","ping_status":"closed","sticky":false,"template":"","format":"standard","meta":{"footnotes":""},"categories":[7],"tags":[603,5,778,37],"class_list":["post-10575","post","type-post","status-publish","format-standard","has-post-thumbnail","hentry","category-noticias","tag-603","tag-empregos","tag-novas-oportunidades","tag-vagas"],"_links":{"self":[{"href":"https:\/\/99empregos.com.br\/blog\/wp-json\/wp\/v2\/posts\/10575","targetHints":{"allow":["GET"]}}],"collection":[{"href":"https:\/\/99empregos.com.br\/blog\/wp-json\/wp\/v2\/posts"}],"about":[{"href":"https:\/\/99empregos.com.br\/blog\/wp-json\/wp\/v2\/types\/post"}],"author":[{"embeddable":true,"href":"https:\/\/99empregos.com.br\/blog\/wp-json\/wp\/v2\/users\/8"}],"replies":[{"embeddable":true,"href":"https:\/\/99empregos.com.br\/blog\/wp-json\/wp\/v2\/comments?post=10575"}],"version-history":[{"count":0,"href":"https:\/\/99empregos.com.br\/blog\/wp-json\/wp\/v2\/posts\/10575\/revisions"}],"wp:featuredmedia":[{"embeddable":true,"href":"https:\/\/99empregos.com.br\/blog\/wp-json\/wp\/v2\/media\/10578"}],"wp:attachment":[{"href":"https:\/\/99empregos.com.br\/blog\/wp-json\/wp\/v2\/media?parent=10575"}],"wp:term":[{"taxonomy":"category","embeddable":true,"href":"https:\/\/99empregos.com.br\/blog\/wp-json\/wp\/v2\/categories?post=10575"},{"taxonomy":"post_tag","embeddable":true,"href":"https:\/\/99empregos.com.br\/blog\/wp-json\/wp\/v2\/tags?post=10575"}],"curies":[{"name":"wp","href":"https:\/\/api.w.org\/{rel}","templated":true}]}}