{"id":10697,"date":"2022-12-15T21:10:24","date_gmt":"2022-12-16T00:10:24","guid":{"rendered":"https:\/\/123empregos.com.br\/?p=10697"},"modified":"2022-12-15T21:10:24","modified_gmt":"2022-12-16T00:10:24","slug":"grupo-boticario-abre-vagas-para-pessoas-com-deficiencia","status":"publish","type":"post","link":"https:\/\/99empregos.com.br\/blog\/grupo-boticario-abre-vagas-para-pessoas-com-deficiencia\/","title":{"rendered":"Grupo Botic\u00e1rio abre vagas para Pessoas com Defici\u00eancia"},"content":{"rendered":"<p>O Grupo Botic\u00e1rio, respons\u00e1vel por marcas como Eudora, Vult e Beleza na Web, abriu vagas para Pessoas com Defici\u00eancia (PcD)! As oportunidades de trabalho est\u00e3o dispon\u00edveis no Distrito Federal e em quatro estados do Brasil. Al\u00e9m disso, os novos colaboradores ir\u00e3o integrar o quadro efetivo de funcion\u00e1rios da multinacional. Portanto, se voc\u00ea est\u00e1 em busca de um novo emprego, confira mais detalhes agora mesmo!<\/p>\n<h2>Cidades com vagas dispon\u00edveis no Grupo Botic\u00e1rio para Pessoas com Defici\u00eancia<\/h2>\n<p>Antes de mais nada, vale a pena saber que as vagas est\u00e3o dispon\u00edveis tanto para pessoas das cidades onde ir\u00e3o atuar, quanto moradores de localidades pr\u00f3ximas. Sendo assim, veja abaixo onde ser\u00e3o os postos de trabalho oferecidos pelo Grupo Botic\u00e1rio:<\/p>\n<ul>\n<li>Curitiba (PR)<\/li>\n<li>Bras\u00edlia (DF)<\/li>\n<li>Blumenau (SC)<\/li>\n<li>Fortaleza (CE)<\/li>\n<li>Bel\u00e9m (PA)<\/li>\n<li>S\u00e3o Jos\u00e9 dos Pinhais (PR)<\/li>\n<li>Maracana\u00fa (CE)<\/li>\n<\/ul>\n<h2>Cargos com vagas para PcD no Grupo Botic\u00e1rio<\/h2>\n<ul>\n<li>Assistente Administrativo;<\/li>\n<li>Auxiliar de Opera\u00e7\u00f5es;<\/li>\n<li>Consultor de Beleza;<\/li>\n<li>Consultor de Vendas;<\/li>\n<li>Promotor de Venda Direta;<\/li>\n<li>Estoquista.<\/li>\n<\/ul>\n<h2>Pr\u00e9-requisitos das vagas para Pessoas com Defici\u00eancia no Grupo Botic\u00e1rio<\/h2>\n<p>As vagas para Assistente Administrativo exigem Ensino Superior completo ou em andamento na \u00e1rea de Administra\u00e7\u00e3o, Publicidade e Propaganda ou outros cursos correlacionados. Al\u00e9m disso, \u00e9 importante ter conhecimento intermedi\u00e1rio em Excel.<\/p>\n<p>As demais vagas, por outro lado, exigem conhecimentos e experi\u00eancia em seus respectivos ramos de atua\u00e7\u00e3o. Al\u00e9m disso, devido ao fato de serem oportunidades de emprego reservadas \u00e0s pessoas que possuem alguma defici\u00eancia, seja ela f\u00edsica ou mental, \u00e9 necess\u00e1rio possuir laudo m\u00e9dico comprobat\u00f3rio.<\/p>\n<h2>Vantagens de trabalhar no Grupo Botic\u00e1rio<\/h2>\n<p>O Grupo Botic\u00e1rio oferece remunera\u00e7\u00e3o adequada \u00e0s atribui\u00e7\u00f5es de cada profissional e reconhece seus colaboradores por meio de benef\u00edcios trabalhistas. Entretanto, esses n\u00e3o s\u00e3o os \u00fanicos pontos altos para quem deseja se candidatar \u00e0s vagas.<\/p>\n<p>H\u00e1 ainda o privil\u00e9gio de atuar em uma empresa que est\u00e1 presente no Brasil h\u00e1 mais de 45 anos e que cresce cada vez mais. Hoje em dia, o Grupo Botic\u00e1rio consiste em um ecossistema multimarca e que exerce suas fun\u00e7\u00f5es tamb\u00e9m em territ\u00f3rio internacional.<\/p>\n<p>Por isso, ao candidatar-se \u00e0s vagas para Pessoas com Defici\u00eancia voc\u00ea ter\u00e1 a oportunidade de trabalhar em um ambiente que preza pelo bem-estar de seus colaboradores, fazer parte de uma empresa s\u00f3lida e crescer profissionalmente.<\/p>\n<p>Sendo assim, <a href=\"https:\/\/99empregos.com.br\/vaga\/grupo-boticario-abre-vagas-exclusivas-para-pcd\/\" target=\"_blank\" rel=\"noopener\">clique aqui<\/a> e cadastre-se para participar do processo seletivo para trabalhar no Grupo Botic\u00e1rio. Ademais, se voc\u00ea est\u00e1 pensando em trabalhar no modelo <em>home office<\/em>, confira ainda as<a href=\"https:\/\/99empregos.com.br\/grupo-boticario-esta-com-vagas-abertas-para-trabalho-remoto\/\" target=\"_blank\" rel=\"noopener\"> vagas que est\u00e3o dispon\u00edveis para trabalhar remotamente<\/a> na empresa.<\/p>\n","protected":false},"excerpt":{"rendered":"<p>O Grupo Botic\u00e1rio, respons\u00e1vel por marcas como Eudora, Vult e Beleza na Web, abriu vagas para Pessoas com Defici\u00eancia (PcD)! As oportunidades de trabalho est\u00e3o dispon\u00edveis no Distrito Federal e em quatro estados do Brasil. Al\u00e9m disso, os novos colaboradores ir\u00e3o integrar o quadro efetivo de funcion\u00e1rios da multinacional. Portanto, se voc\u00ea est\u00e1 em busca [&hellip;]<\/p>\n","protected":false},"author":12,"featured_media":10538,"comment_status":"open","ping_status":"closed","sticky":false,"template":"","format":"standard","meta":{"footnotes":""},"categories":[15],"tags":[1312,19],"class_list":["post-10697","post","type-post","status-publish","format-standard","has-post-thumbnail","hentry","category-vagas","tag-grupo-boticario","tag-vagas-pcd"],"_links":{"self":[{"href":"https:\/\/99empregos.com.br\/blog\/wp-json\/wp\/v2\/posts\/10697","targetHints":{"allow":["GET"]}}],"collection":[{"href":"https:\/\/99empregos.com.br\/blog\/wp-json\/wp\/v2\/posts"}],"about":[{"href":"https:\/\/99empregos.com.br\/blog\/wp-json\/wp\/v2\/types\/post"}],"author":[{"embeddable":true,"href":"https:\/\/99empregos.com.br\/blog\/wp-json\/wp\/v2\/users\/12"}],"replies":[{"embeddable":true,"href":"https:\/\/99empregos.com.br\/blog\/wp-json\/wp\/v2\/comments?post=10697"}],"version-history":[{"count":0,"href":"https:\/\/99empregos.com.br\/blog\/wp-json\/wp\/v2\/posts\/10697\/revisions"}],"wp:featuredmedia":[{"embeddable":true,"href":"https:\/\/99empregos.com.br\/blog\/wp-json\/wp\/v2\/media\/10538"}],"wp:attachment":[{"href":"https:\/\/99empregos.com.br\/blog\/wp-json\/wp\/v2\/media?parent=10697"}],"wp:term":[{"taxonomy":"category","embeddable":true,"href":"https:\/\/99empregos.com.br\/blog\/wp-json\/wp\/v2\/categories?post=10697"},{"taxonomy":"post_tag","embeddable":true,"href":"https:\/\/99empregos.com.br\/blog\/wp-json\/wp\/v2\/tags?post=10697"}],"curies":[{"name":"wp","href":"https:\/\/api.w.org\/{rel}","templated":true}]}}