{"id":10740,"date":"2022-12-16T06:27:40","date_gmt":"2022-12-16T09:27:40","guid":{"rendered":"https:\/\/123empregos.com.br\/?p=10740"},"modified":"2022-12-16T06:27:40","modified_gmt":"2022-12-16T09:27:40","slug":"instituicao-de-ensino-segue-contratando-veja-nova-lista-de-vagas","status":"publish","type":"post","link":"https:\/\/99empregos.com.br\/blog\/instituicao-de-ensino-segue-contratando-veja-nova-lista-de-vagas\/","title":{"rendered":"Institui\u00e7\u00e3o de ensino segue contratando, veja nova lista de vagas"},"content":{"rendered":"<p>A Est\u00e1cio, uma das mais qualificadas institui\u00e7\u00f5es de ensino do Brasil, segue contratando e est\u00e1 com mais vagas de <a href=\"https:\/\/99empregos.com.br\/vaga\/dexco-anuncia-novos-empregos-em-todo-o-pais\/\">emprego<\/a> abertas. Com mais de 50 anos de atua\u00e7\u00e3o direta no mercado brasileiro, a companhia busca agora os seguintes profissionais para integrarem a sua equipe:<\/p>\n<ul>\n<li><span style=\"font-weight: 400\">ASSISTENTE ADMINISTRATIVO II &#8211; (Focal Acad\u00eamico) S\u00e3o Paulo\/SP;\u00a0<\/span><\/li>\n<li><span style=\"font-weight: 400\">ASSISTENTE DE GENTE E GEST\u00c3O ll &#8211; JUAZEIRO DO NORTE Juazeiro do Norte\/CE;\u00a0<\/span><\/li>\n<li><span style=\"font-weight: 400\">AUX. ADMINISTRATIVO SALA DE PROFESSORES &#8211; &#8211; VAGA EXCLUSIVA PARA PESSOA COM DEFICI\u00caNCIA Feira de Santana\/BA;\u00a0<\/span><\/li>\n<li><span style=\"font-weight: 400\">AUXILIAR ADMINISTRATIVO Campos dos Goytacazes\/RJ;\u00a0<\/span><\/li>\n<li><span style=\"font-weight: 400\">AUXILIAR ADMINISTRATIVO &#8211; Belo Horizonte\/MG;\u00a0<\/span><\/li>\n<li><span style=\"font-weight: 400\">AUXILIAR ADMINISTRATIVO &#8211; Belo Horizonte\/MG;\u00a0<\/span><\/li>\n<li><span style=\"font-weight: 400\">AUXILIAR ADMINISTRATIVO &#8211; Curitiba;\u00a0<\/span><\/li>\n<li><span style=\"font-weight: 400\">AUXILIAR ADMINISTRATIVO I Salvador\/BA;\u00a0<\/span><\/li>\n<li><span style=\"font-weight: 400\">AUXILIAR ADMINISTRATIVO &#8211; PESSOA COM DEFICI\u00caNCIA (C\u00d3PIA) Recife\/PE;\u00a0<\/span><\/li>\n<li><span style=\"font-weight: 400\">AUXILIAR ADMINISTRATIVO &#8211; PESSOA COM DEFICI\u00caNCIA &#8211; EST\u00c1CIO CONCEI\u00c7\u00c3O S\u00e3o Paulo\/SP;\u00a0<\/span><\/li>\n<li><span style=\"font-weight: 400\">AUXILIAR ADMINISTRATIVO &#8211; P\u00d3LO COPACABANA Copacabana\/RJ;\u00a0<\/span><\/li>\n<li><span style=\"font-weight: 400\">AUXILIAR ADMINISTRATIVO (SALA DE MATR\u00cdCULA) &#8211; Resende\/RJ;\u00a0<\/span><\/li>\n<li><span style=\"font-weight: 400\">AUXILIAR ADMINISTRATIVO (SALA DE MATR\u00cdCULA) &#8211; Rio de Janeiro\/RJ;\u00a0<\/span><\/li>\n<li><span style=\"font-weight: 400\">AUXILIAR ADMINISTRATIVO &#8211; VAGA EXCLUSIVA PARA PESSOA COM DEFICI\u00caNCIA Ribeir\u00e3o Preto\/SP;\u00a0<\/span><\/li>\n<li><span style=\"font-weight: 400\">AUXILIAR DE T.I &#8211; VAGA PARA PESSOAS COM DEFICI\u00caNCIA &#8211; Feira de Santana\/BA;\u00a0<\/span><\/li>\n<li><span style=\"font-weight: 400\">AUXILIAR INFORM\u00c1TICA (C\u00d3PIA) Porto Alegre\/RS;\u00a0<\/span><\/li>\n<li><span style=\"font-weight: 400\">AUXILIAR INFORM\u00c1TICA &#8211; CONCEI\u00c7\u00c3O S\u00e3o paulo;\u00a0<\/span><\/li>\n<li><span style=\"font-weight: 400\">AUXILIAR MANUTEN\u00c7\u00c3O PREDIAL &#8211; EST\u00c1CIO &#8211; CURITIBA Curitiba\/PR;\u00a0<\/span><\/li>\n<li><span style=\"font-weight: 400\">AUX MANUTEN\u00c7\u00c3O &#8211; PESSOA COM DEFICI\u00caNCIA &#8211; EST\u00c1CIO CONCEI\u00c7\u00c3O S\u00e3o Paulo\/SP;\u00a0<\/span><\/li>\n<li><span style=\"font-weight: 400\">BANCO DE TALENTOS &#8211; RESENDE\/RJ;\u00a0<\/span><\/li>\n<li><span style=\"font-weight: 400\">BANCO DE TALENTOS &#8211; EXCLUSIVO PARA PESSOAS COM DEFICI\u00caNCIA;<\/span><\/li>\n<li><span style=\"font-weight: 400\">BIBLIOTEC\u00c1RIO &#8211; EST\u00c1CIO FSP\/ ROLIM DE MOURA Rolim Moura;\u00a0<\/span><\/li>\n<li><span style=\"font-weight: 400\">CONSULTOR COMERCIAL &#8211; Fortaleza\/CE;\u00a0<\/span><\/li>\n<li><span style=\"font-weight: 400\">CONSULTOR COMERCIAL &#8211; FEIRA DE SANTANA Feira de Santana\/BA;\u00a0<\/span><\/li>\n<li><span style=\"font-weight: 400\">CONSULTOR COMERCIAL- UNIDADE GILBERTO GIL Salvador\/BA.<\/span><\/li>\n<\/ul>\n<figure id=\"attachment_10742\" aria-describedby=\"caption-attachment-10742\" style=\"width: 1200px\" class=\"wp-caption aligncenter\"><img decoding=\"async\" class=\"size-full wp-image-10742\" src=\"https:\/\/99empregos.com.br\/wp-content\/uploads\/2022\/12\/estacio-vagas-2022.jpg\" alt=\"Est\u00e1cio segue contratando, veja novas vagas de emprego. Foto: Divulga\u00e7\u00e3o\" width=\"1200\" height=\"750\" srcset=\"https:\/\/99empregos.com.br\/blog\/wp-content\/uploads\/2022\/12\/estacio-vagas-2022.jpg 1200w, https:\/\/99empregos.com.br\/blog\/wp-content\/uploads\/2022\/12\/estacio-vagas-2022-300x188.jpg 300w, https:\/\/99empregos.com.br\/blog\/wp-content\/uploads\/2022\/12\/estacio-vagas-2022-1024x640.jpg 1024w, https:\/\/99empregos.com.br\/blog\/wp-content\/uploads\/2022\/12\/estacio-vagas-2022-768x480.jpg 768w\" sizes=\"(max-width: 1200px) 100vw, 1200px\" \/><figcaption id=\"caption-attachment-10742\" class=\"wp-caption-text\">Est\u00e1cio segue contratando, veja novas vagas de emprego. Foto: Divulga\u00e7\u00e3o<\/figcaption><\/figure>\n<h3>Mais informa\u00e7\u00f5es sobre a Est\u00e1cio<\/h3>\n<p class=\"ql-align-justify\">Somos uma das maiores e mais respeitadas institui\u00e7\u00f5es do setor educacional brasileiro. H\u00e1 mais de 50 anos, proporcionamos acesso a um ensino de qualidade em larga escala. Estamos presentes em todo territ\u00f3rio nacional, ofertando cursos de gradua\u00e7\u00e3o, p\u00f3s-gradua\u00e7\u00e3o e cursos livres, nas modalidades presencial e digital, e nossa busca constante pela qualidade acad\u00eamica e investimentos na \u00e1rea de ensino garantem que as nossas institui\u00e7\u00f5es e cursos sejam reconhecidos pelo MEC com elevados conceitos de qualidade.<\/p>\n<p class=\"ql-align-justify\">Sempre nos dedicamos a lapidar talentos para revelar a voca\u00e7\u00e3o de cada estudante. Os alunos tamb\u00e9m sabem que n\u00f3s reconhecemos, em cada um, um diamante a ser polido. Juntos, formamos uma comunidade de diferentes perfis e sonhos, presente em todos os cantos do Brasil. Mais do que dar um diploma, a Est\u00e1cio cria condi\u00e7\u00f5es para que novas hist\u00f3rias de vida sejam escritas.<\/p>\n<h3>Como se candidatar \u00e0s vagas<\/h3>\n<p>Se voc\u00ea encontrou uma nova oportunidade de emprego que se encaixa no seu perfil profissional, <a href=\"https:\/\/99empregos.com.br\/vaga\/estacio-segue-contratando-veja-novas-vagas\/\">basta clicar neste link<\/a> para se candidatar. No entanto, antes de efetivar a sua inscri\u00e7\u00e3o, recomendamos que fa\u00e7a uma revis\u00e3o completa e detalhada de todos os pr\u00e9-requisitos solicitados pela companhia. Boa sorte!<\/p>\n","protected":false},"excerpt":{"rendered":"<p>A Est\u00e1cio, uma das mais qualificadas institui\u00e7\u00f5es de ensino do Brasil, segue contratando e est\u00e1 com mais vagas de emprego abertas. Com mais de 50 anos de atua\u00e7\u00e3o direta no mercado brasileiro, a companhia busca agora os seguintes profissionais para integrarem a sua equipe: ASSISTENTE ADMINISTRATIVO II &#8211; (Focal Acad\u00eamico) S\u00e3o Paulo\/SP;\u00a0 ASSISTENTE DE GENTE [&hellip;]<\/p>\n","protected":false},"author":8,"featured_media":10743,"comment_status":"open","ping_status":"closed","sticky":false,"template":"","format":"standard","meta":{"footnotes":""},"categories":[7],"tags":[603,5,778,37],"class_list":["post-10740","post","type-post","status-publish","format-standard","has-post-thumbnail","hentry","category-noticias","tag-603","tag-empregos","tag-novas-oportunidades","tag-vagas"],"_links":{"self":[{"href":"https:\/\/99empregos.com.br\/blog\/wp-json\/wp\/v2\/posts\/10740","targetHints":{"allow":["GET"]}}],"collection":[{"href":"https:\/\/99empregos.com.br\/blog\/wp-json\/wp\/v2\/posts"}],"about":[{"href":"https:\/\/99empregos.com.br\/blog\/wp-json\/wp\/v2\/types\/post"}],"author":[{"embeddable":true,"href":"https:\/\/99empregos.com.br\/blog\/wp-json\/wp\/v2\/users\/8"}],"replies":[{"embeddable":true,"href":"https:\/\/99empregos.com.br\/blog\/wp-json\/wp\/v2\/comments?post=10740"}],"version-history":[{"count":0,"href":"https:\/\/99empregos.com.br\/blog\/wp-json\/wp\/v2\/posts\/10740\/revisions"}],"wp:featuredmedia":[{"embeddable":true,"href":"https:\/\/99empregos.com.br\/blog\/wp-json\/wp\/v2\/media\/10743"}],"wp:attachment":[{"href":"https:\/\/99empregos.com.br\/blog\/wp-json\/wp\/v2\/media?parent=10740"}],"wp:term":[{"taxonomy":"category","embeddable":true,"href":"https:\/\/99empregos.com.br\/blog\/wp-json\/wp\/v2\/categories?post=10740"},{"taxonomy":"post_tag","embeddable":true,"href":"https:\/\/99empregos.com.br\/blog\/wp-json\/wp\/v2\/tags?post=10740"}],"curies":[{"name":"wp","href":"https:\/\/api.w.org\/{rel}","templated":true}]}}