{"id":10745,"date":"2022-12-16T06:38:11","date_gmt":"2022-12-16T09:38:11","guid":{"rendered":"https:\/\/123empregos.com.br\/?p=10745"},"modified":"2022-12-16T06:38:11","modified_gmt":"2022-12-16T09:38:11","slug":"quero-quero-loja-comercial-segue-contratando-veja-novas-vagas","status":"publish","type":"post","link":"https:\/\/99empregos.com.br\/blog\/quero-quero-loja-comercial-segue-contratando-veja-novas-vagas\/","title":{"rendered":"Quero-Quero: Loja comercial segue contratando, veja novas vagas"},"content":{"rendered":"<p>As Lojas Quero-Quero seguem com vagas de emprego abertas. Com mais de 50 anos no mercado brasileiro, a companhia n\u00e3o para de expandir os seus neg\u00f3cios e busca agora novos profissionais para integrarem a sua equipe. Antes de mais nada, portanto, confira quais s\u00e3o as oportunidades ofertadas por l\u00e1:<\/p>\n<ul>\n<li><span style=\"font-weight: 400\">AUXILIAR ADMINISTRATIVO &#8211; S\u00c3O LEOPOLDO- SCHARLAU &#8211; RS S\u00c3O LEOPOLDO;\u00a0<\/span><\/li>\n<li><span style=\"font-weight: 400\">AUXILIAR DE ESTOQUE &#8211; BOM RETIRO \/ SC BOM RETIRO\/SC;\u00a0<\/span><\/li>\n<li><span style=\"font-weight: 400\">AUXILIAR DE ESTOQUE &#8211; DEOD\u00c1POLIS \/ MS DEOD\u00c1POLIS\/MS;\u00a0<\/span><\/li>\n<li><span style=\"font-weight: 400\">AUXILIAR DE ESTOQUE &#8211; LJ NOVA IRATI\/PR;\u00a0<\/span><\/li>\n<li><span style=\"font-weight: 400\">AUXILIAR DE ESTOQUE &#8211; MOREIRA SALES \/ PR MOREIRA SALES\/PR;<\/span><\/li>\n<li><span style=\"font-weight: 400\">AUXILIAR DE ESTOQUE &#8211; S\u00c3O LEOPOLDO &#8211; MELLO &#8211; RS SAO LEOPOLDO;\u00a0<\/span><\/li>\n<li><span style=\"font-weight: 400\">AUXILIAR OPERACIONAL (EXCLUSIVO PCD) &#8211; JOAQUIM T\u00c1VORA \/ PR JOAQUIM T\u00c1VORA;\u00a0<\/span><\/li>\n<li><span style=\"font-weight: 400\">AUXILIAR OPERACIONAL &#8211; (EXCLUSIVO PCD) S\u00c3O LEOPOLDO- SCHARLAU- RS S\u00c3O LEOPOLDO;\u00a0<\/span><\/li>\n<li><span style=\"font-weight: 400\">AUXILIAR OPERACIONAL (PCD) &#8211; GUARANIA\u00c7U \/ PR GUARANIA\u00c7U;\u00a0<\/span><\/li>\n<li><span style=\"font-weight: 400\">CAIXA &#8211; BOM RETIRO \/ SC BOM RETIRO\/SC;\u00a0<\/span><\/li>\n<li><span style=\"font-weight: 400\">CAIXA &#8211; CASCAVEL &#8211; PRUDENTE DE MORAIS \/ PR;<\/span><\/li>\n<li><span style=\"font-weight: 400\">CAIXA &#8211; DEOD\u00c1POLIS \/ MS DEOD\u00c1POLIS\/MS;\u00a0<\/span><\/li>\n<li><span style=\"font-weight: 400\">CAIXA &#8211; MOREIRA SALES \/ PR MOREIRA SALES\/PR;\u00a0<\/span><\/li>\n<li><span style=\"font-weight: 400\">CAIXA &#8211; S\u00c3O LEOPOLDO &#8211; MELLO- RS S\u00c3O LEOPOLDO;\u00a0<\/span><\/li>\n<li><span style=\"font-weight: 400\">CAIXA &#8211; SENG\u00c9S \/ PR SENG\u00c9S\/PR;\u00a0<\/span><\/li>\n<li><span style=\"font-weight: 400\">CONSULTOR (A) DE VENDAS &#8211; BOM RETIRO \/ SC BOM RETIRO\/SC;\u00a0<\/span><\/li>\n<li><span style=\"font-weight: 400\">CONSULTOR (A) DE VENDAS &#8211; DEOD\u00c1POLIS \/ MS DEOD\u00c1POLIS\/MS;\u00a0<\/span><\/li>\n<li><span style=\"font-weight: 400\">CONSULTOR (A) DE VENDAS &#8211; FOZ DO IGUA\u00c7U &#8211; MORENITAS \/ PR FOZ DO IGUA\u00c7U &#8211; MORENITAS\/PR;\u00a0<\/span><\/li>\n<li><span style=\"font-weight: 400\">CONSULTOR (A) DE VENDAS &#8211; I\u00c7ARA \/ SC I\u00c7ARA\/SC;\u00a0<\/span><\/li>\n<li><span style=\"font-weight: 400\">CONSULTOR (A) DE VENDAS &#8211; MOREIRA SALES \/ PR MOREIRA SALES\/PR;\u00a0<\/span><\/li>\n<li><span style=\"font-weight: 400\">CONSULTOR ( A ) DE VENDAS &#8211; NOVA PRATA DO IGUA\u00c7U \/ PR NOVA PRATA DO IGUA\u00c7U;\u00a0<\/span><\/li>\n<li><span style=\"font-weight: 400\">CONSULTOR (A) DE VENDAS &#8211; PANORAMA\/SP PANORAMA\/SP.<\/span><\/li>\n<\/ul>\n<figure id=\"attachment_10747\" aria-describedby=\"caption-attachment-10747\" style=\"width: 1200px\" class=\"wp-caption aligncenter\"><img decoding=\"async\" class=\"size-full wp-image-10747\" src=\"https:\/\/99empregos.com.br\/wp-content\/uploads\/2022\/12\/lojas-quero-quero-vagas-2022.jpg\" alt=\"Lojas Quero-Quero seguem contratando, veja novas vagas abertas por l\u00e1. Foto: Divulga\u00e7\u00e3o\" width=\"1200\" height=\"750\" srcset=\"https:\/\/99empregos.com.br\/blog\/wp-content\/uploads\/2022\/12\/lojas-quero-quero-vagas-2022.jpg 1200w, https:\/\/99empregos.com.br\/blog\/wp-content\/uploads\/2022\/12\/lojas-quero-quero-vagas-2022-300x188.jpg 300w, https:\/\/99empregos.com.br\/blog\/wp-content\/uploads\/2022\/12\/lojas-quero-quero-vagas-2022-1024x640.jpg 1024w, https:\/\/99empregos.com.br\/blog\/wp-content\/uploads\/2022\/12\/lojas-quero-quero-vagas-2022-768x480.jpg 768w\" sizes=\"(max-width: 1200px) 100vw, 1200px\" \/><figcaption id=\"caption-attachment-10747\" class=\"wp-caption-text\">Lojas Quero-Quero seguem contratando, veja novas vagas abertas por l\u00e1. Foto: Divulga\u00e7\u00e3o<\/figcaption><\/figure>\n<h3>Mais informa\u00e7\u00f5es sobre as Lojas Quero-Quero<\/h3>\n<p class=\"ql-align-justify\">Em 1967, inauguramos nossa\u00a0primeira loja em Santo Cristo, um munic\u00edpio pequeno do Estado do Rio Grande do Sul, mas que j\u00e1 abrigava nossos sonhos imensos. Com coragem e muito trabalho duro, fomos crescendo e levando cada vez mais qualidade para as fam\u00edlias do interior ga\u00facho. Nosso objetivo desde o in\u00edcio foi estar ao lado das pessoas, seja no campo ou na cidade. J\u00e1 nos anos 80, consolidamos o nosso portf\u00f3lio de\u00a0materiais de constru\u00e7\u00e3o, eletrodom\u00e9sticos e m\u00f3veis, ficando conhecidos por oferecer uma solu\u00e7\u00e3o integrada aos nossos consumidores. Nos anos 90, mais um salto de ousadia:\u00a0agregamos a opera\u00e7\u00e3o de servi\u00e7os financeiros. O modelo deu certo e, nos anos 2000, foi expandido e consolidado definitivamente.<\/p>\n<p class=\"ql-align-justify\">Em 2008 a companhia foi\u00a0adquirida pelo fundo de Private\u00a0<em>Equity Advent International<\/em>. Com essa mudan\u00e7a, o centro administrativo muda-se para a regi\u00e3o metropolitana de Porto Alegre, no\u00a0munic\u00edpio de Cachoeirinha (RS). Sempre buscando ir al\u00e9m, em 2010, chegamos em Santa Catarina e no Paran\u00e1, ampliando nossa presen\u00e7a em toda a regi\u00e3o sul. Tamb\u00e9m nessa d\u00e9cada, lan\u00e7amos o\u00a0Programa Palavra, nos tornando o \u00fanico varejo do pa\u00eds a garantir o produto de gra\u00e7a se a entrega atrasar.<\/p>\n<h3>Como se candidatar \u00e0s vagas de emprego<\/h3>\n<p>Se voc\u00ea encontrou uma nova oportunidade de emprego na Lojas Quero-Quero que se encaixa com seu perfil profissional, basta clicar neste link para se candidatar. No entanto, antes de efetivar a sua inscri\u00e7\u00e3o, recomendamos que fa\u00e7a uma revis\u00e3o completa e detalhada sobre os pr\u00e9-requisitos solicitados pela companhia. Boa sorte!<\/p>\n","protected":false},"excerpt":{"rendered":"<p>As Lojas Quero-Quero seguem com vagas de emprego abertas. Com mais de 50 anos no mercado brasileiro, a companhia n\u00e3o para de expandir os seus neg\u00f3cios e busca agora novos profissionais para integrarem a sua equipe. Antes de mais nada, portanto, confira quais s\u00e3o as oportunidades ofertadas por l\u00e1: AUXILIAR ADMINISTRATIVO &#8211; S\u00c3O LEOPOLDO- SCHARLAU [&hellip;]<\/p>\n","protected":false},"author":8,"featured_media":10748,"comment_status":"open","ping_status":"closed","sticky":false,"template":"","format":"standard","meta":{"footnotes":""},"categories":[7],"tags":[603,5,37],"class_list":["post-10745","post","type-post","status-publish","format-standard","has-post-thumbnail","hentry","category-noticias","tag-603","tag-empregos","tag-vagas"],"_links":{"self":[{"href":"https:\/\/99empregos.com.br\/blog\/wp-json\/wp\/v2\/posts\/10745","targetHints":{"allow":["GET"]}}],"collection":[{"href":"https:\/\/99empregos.com.br\/blog\/wp-json\/wp\/v2\/posts"}],"about":[{"href":"https:\/\/99empregos.com.br\/blog\/wp-json\/wp\/v2\/types\/post"}],"author":[{"embeddable":true,"href":"https:\/\/99empregos.com.br\/blog\/wp-json\/wp\/v2\/users\/8"}],"replies":[{"embeddable":true,"href":"https:\/\/99empregos.com.br\/blog\/wp-json\/wp\/v2\/comments?post=10745"}],"version-history":[{"count":0,"href":"https:\/\/99empregos.com.br\/blog\/wp-json\/wp\/v2\/posts\/10745\/revisions"}],"wp:featuredmedia":[{"embeddable":true,"href":"https:\/\/99empregos.com.br\/blog\/wp-json\/wp\/v2\/media\/10748"}],"wp:attachment":[{"href":"https:\/\/99empregos.com.br\/blog\/wp-json\/wp\/v2\/media?parent=10745"}],"wp:term":[{"taxonomy":"category","embeddable":true,"href":"https:\/\/99empregos.com.br\/blog\/wp-json\/wp\/v2\/categories?post=10745"},{"taxonomy":"post_tag","embeddable":true,"href":"https:\/\/99empregos.com.br\/blog\/wp-json\/wp\/v2\/tags?post=10745"}],"curies":[{"name":"wp","href":"https:\/\/api.w.org\/{rel}","templated":true}]}}