{"id":10750,"date":"2022-12-16T07:38:23","date_gmt":"2022-12-16T10:38:23","guid":{"rendered":"https:\/\/123empregos.com.br\/?p=10750"},"modified":"2022-12-16T07:38:23","modified_gmt":"2022-12-16T10:38:23","slug":"ibmec-instituicao-de-ensino-segue-contratando-veja-novas-vagas","status":"publish","type":"post","link":"https:\/\/99empregos.com.br\/blog\/ibmec-instituicao-de-ensino-segue-contratando-veja-novas-vagas\/","title":{"rendered":"Ibmec: Institui\u00e7\u00e3o de ensino segue contratando, veja novas vagas"},"content":{"rendered":"<p>O Ibmec, um dos mais importantes institutos de ensino brasileiro, est\u00e1 com<a href=\"https:\/\/99empregos.com.br\/vaga\/pole-alimentos-divulga-vagas-de-emprego-no-nordeste\/\"> novas vagas de emprego<\/a> abertas. Expandindo cada vez mais os seus neg\u00f3cios em \u00e2mbito nacional, a companhia busca agora os seguintes profissionais para integrarem a sua equipe:<\/p>\n<ul>\n<li><span style=\"font-weight: 400\">ASSISTENTE ADMINISTRATIVO &#8211; BANCO DE TALENTOS &#8211; EXCLUSIVO PARA PESSOAS COM DEFICI\u00caNCIA &#8211; (DF) Bras\u00edlia;\u00a0<\/span><\/li>\n<li><span style=\"font-weight: 400\">ASSISTENTE ADMINISTRATIVO &#8211; BANCO DE TALENTOS &#8211; EXCLUSIVO PARA PESSOAS COM DEFICI\u00caNCIA &#8211; (MG) Belo Horizonte;\u00a0<\/span><\/li>\n<li><span style=\"font-weight: 400\">ASSISTENTE ADMINISTRATIVO &#8211; BANCO DE TALENTOS &#8211; EXCLUSIVO PARA PESSOAS COM DEFICI\u00caNCIA &#8211; (RJ) Rio de Janeiro;\u00a0<\/span><\/li>\n<li><span style=\"font-weight: 400\">ASSISTENTE ADMINISTRATIVO &#8211; BANCO DE TALENTOS &#8211; EXCLUSIVO PARA PESSOAS COM DEFICI\u00caNCIA &#8211; (SP) S\u00e3o Paulo;\u00a0<\/span><\/li>\n<li><span style=\"font-weight: 400\">ASSISTENTE ADMINISTRATIVO I &#8211; FARIA LIMA SP ( ACAD\u00caMICO GRADUA\u00c7\u00c3O);\u00a0<\/span><\/li>\n<li><span style=\"font-weight: 400\">ASSISTENTE ADMINISTRATIVO I &#8211; FARIA LIMA SP ( ACAD\u00caMICO P\u00d3S GRADUA\u00c7\u00c3O) S\u00e3o Paulo\/SP;\u00a0<\/span><\/li>\n<li><span style=\"font-weight: 400\">ASSISTENTE ADMINISTRATIVO I &#8211; FARIA LIMA SP ( SALA DE MATR\u00cdCULA) S\u00e3o Paulo\/SP;\u00a0<\/span><\/li>\n<li><span style=\"font-weight: 400\">ASSISTENTE DE GENTE E GEST\u00c3O &#8211; FARIA LIMA SP;\u00a0<\/span><\/li>\n<li><span style=\"font-weight: 400\">ASSISTENTE SECRETARIA I Rio de Janeiro\/RJ;\u00a0<\/span><\/li>\n<li><span style=\"font-weight: 400\">ASSISTENTE SECRETARIA I Rio de Janeiro\/RJ;\u00a0<\/span><\/li>\n<li><span style=\"font-weight: 400\">ASSISTENTE SECRETARIA &#8211; FARIA LIMA SP S\u00e3o Paulo\/SP;\u00a0<\/span><\/li>\n<li><span style=\"font-weight: 400\">ASSISTENTE SECRETARIA &#8211; FARIA LIMA SP (PCD) S\u00e3o Paulo\/SP;\u00a0<\/span><\/li>\n<li><span style=\"font-weight: 400\">ASSISTENTE SECRETARIA I &#8211; Rio de Janeiro\/RJ;\u00a0<\/span><\/li>\n<li><span style=\"font-weight: 400\">AUXILIAR SERVICOS GERAIS &#8211; Rio de Janeiro\/RJ;\u00a0<\/span><\/li>\n<li><span style=\"font-weight: 400\">AUXILIAR SERVI\u00c7OS GERAIS &#8211; RJ Rio de Janeiro\/RJ;\u00a0<\/span><\/li>\n<li><span style=\"font-weight: 400\">AUXILIAR SERVI\u00c7OS GERAIS PCD &#8211; BH Belo Horizonte;\u00a0<\/span><\/li>\n<li><span style=\"font-weight: 400\">Banco de Talentos &#8211; Docentes Cruzeiro\/DF;<\/span><\/li>\n<li><span style=\"font-weight: 400\">INSPETOR DE ALUNOS &#8211; FARIA LIMA SP;\u00a0<\/span><\/li>\n<li><span style=\"font-weight: 400\">PROFESSOR(A) &#8211; BANCO DE TALENTOS &#8211; EXCLUSIVO PARA PESSOAS COM DEFICI\u00caNCIA &#8211; (DF);\u00a0<\/span><\/li>\n<li><span style=\"font-weight: 400\">PROFESSOR(A) &#8211; BANCO DE TALENTOS &#8211; EXCLUSIVO PARA PESSOAS COM DEFICI\u00caNCIA &#8211; (MG);\u00a0<\/span><\/li>\n<li><span style=\"font-weight: 400\">PROFESSOR(A) &#8211; BANCO DE TALENTOS &#8211; EXCLUSIVO PARA PESSOAS COM DEFICI\u00caNCIA &#8211; (RJ);\u00a0<\/span><\/li>\n<li><span style=\"font-weight: 400\">PROFESSOR(A) &#8211; BANCO DE TALENTOS &#8211; EXCLUSIVO PARA PESSOAS COM DEFICI\u00caNCIA &#8211; (SP);\u00a0<\/span><\/li>\n<li><span style=\"font-weight: 400\">PROFESSOR ASSISTENTE I &#8211; AN\u00c1LISE POL\u00cdTICA E SOCIAL &#8211; DF Bras\u00edlia\/DF;\u00a0<\/span><\/li>\n<li><span style=\"font-weight: 400\">PROFESSOR ASSISTENTE I &#8211; CI\u00caNCIAS ECON\u00d4MICAS &#8211; RJ Rio de Janeiro\/RJ;\u00a0<\/span><\/li>\n<li><span style=\"font-weight: 400\">PROFESSOR ASSISTENTE I &#8211; CONTABILIDADE FINANCEIRA &#8211; DF Bras\u00edlia\/DF;\u00a0<\/span><\/li>\n<li><span style=\"font-weight: 400\">PROFESSOR ASSISTENTE I &#8211; DESENVOLVIMENTO MOBILE &#8211; RJ Rio de Janeiro\/RJ.<\/span><\/li>\n<\/ul>\n<figure id=\"attachment_10752\" aria-describedby=\"caption-attachment-10752\" style=\"width: 1200px\" class=\"wp-caption aligncenter\"><img decoding=\"async\" class=\"size-full wp-image-10752\" src=\"https:\/\/99empregos.com.br\/wp-content\/uploads\/2022\/12\/ibmec-vagas-2022.jpg\" alt=\"Ibmec abre novas vagas de emprego, confira as oportunidades. Foto: Divulga\u00e7\u00e3o\" width=\"1200\" height=\"750\" srcset=\"https:\/\/99empregos.com.br\/blog\/wp-content\/uploads\/2022\/12\/ibmec-vagas-2022.jpg 1200w, https:\/\/99empregos.com.br\/blog\/wp-content\/uploads\/2022\/12\/ibmec-vagas-2022-300x188.jpg 300w, https:\/\/99empregos.com.br\/blog\/wp-content\/uploads\/2022\/12\/ibmec-vagas-2022-1024x640.jpg 1024w, https:\/\/99empregos.com.br\/blog\/wp-content\/uploads\/2022\/12\/ibmec-vagas-2022-768x480.jpg 768w\" sizes=\"(max-width: 1200px) 100vw, 1200px\" \/><figcaption id=\"caption-attachment-10752\" class=\"wp-caption-text\">Ibmec abre novas vagas de emprego, confira as oportunidades. Foto: Divulga\u00e7\u00e3o<\/figcaption><\/figure>\n<h3>Mais informa\u00e7\u00f5es sobre o Ibmec<\/h3>\n<p class=\"ql-align-justify\">Reconhecido como um dos mais importantes centros brasileiros de ensino, o Ibmec vem, h\u00e1 mais de 50 anos, formando gera\u00e7\u00f5es de profissionais em sintonia com cada momento, que s\u00e3o capazes de antecipar os caminhos do mundo gra\u00e7as a professores atuantes no mercado e experi\u00eancias pr\u00e1ticas, aliando tradi\u00e7\u00e3o \u00e0 inova\u00e7\u00e3o e \u00e0 tecnologia.<\/p>\n<p class=\"ql-align-justify\">Atualmente, estamos presentes em S\u00e3o Paulo, Bras\u00edlia, Minas Gerais e Rio de Janeiro, com unidades pr\u00f3prias, e estamos presentes em Recife, Salvador, Fortaleza, Ribeir\u00e3o Preto, Manaus, Teresina e S\u00e3o Jos\u00e9 com cursos de especializa\u00e7\u00e3o. Al\u00e9m disso, por meio do ensino digital, ofertamos cursos de p\u00f3s-gradua\u00e7\u00e3o, MBA e cursos de curta dura\u00e7\u00e3o para todo o Brasil. Por aqui, nossos colaboradores e docentes exercem sua fun\u00e7\u00e3o como protagonista e encontram um ambiente colaborativo e com espa\u00e7o para inovar.<\/p>\n<p class=\"ql-align-justify\">Acreditamos que uma forte rede de conex\u00f5es come\u00e7a na sala de aula e em nossas unidades, unida pela cren\u00e7a de que temos a responsabilidade de corresponder \u00e0s nossas oportunidades e criar as solu\u00e7\u00f5es de que o mundo precisa.<\/p>\n<h3>Como se candidatar<\/h3>\n<p>Se voc\u00ea encontrou uma nova oportunidade de emprego no Ibmec, <a href=\"https:\/\/99empregos.com.br\/vaga\/ibmec-segue-contratando-veja-novas-vagas\/\">basta clicar neste link<\/a> para se candidatar. No entanto, antes de efetivar a sua inscri\u00e7\u00e3o, recomendamos que fa\u00e7a uma revis\u00e3o completa e detalhada de todos os pr\u00e9-requisitos solicitados pela companhia. Boa sorte!<\/p>\n","protected":false},"excerpt":{"rendered":"<p>O Ibmec, um dos mais importantes institutos de ensino brasileiro, est\u00e1 com novas vagas de emprego abertas. Expandindo cada vez mais os seus neg\u00f3cios em \u00e2mbito nacional, a companhia busca agora os seguintes profissionais para integrarem a sua equipe: ASSISTENTE ADMINISTRATIVO &#8211; BANCO DE TALENTOS &#8211; EXCLUSIVO PARA PESSOAS COM DEFICI\u00caNCIA &#8211; (DF) Bras\u00edlia;\u00a0 ASSISTENTE [&hellip;]<\/p>\n","protected":false},"author":8,"featured_media":10753,"comment_status":"open","ping_status":"closed","sticky":false,"template":"","format":"standard","meta":{"footnotes":""},"categories":[7],"tags":[603,37,16],"class_list":["post-10750","post","type-post","status-publish","format-standard","has-post-thumbnail","hentry","category-noticias","tag-603","tag-vagas","tag-vagas-de-emprego"],"_links":{"self":[{"href":"https:\/\/99empregos.com.br\/blog\/wp-json\/wp\/v2\/posts\/10750","targetHints":{"allow":["GET"]}}],"collection":[{"href":"https:\/\/99empregos.com.br\/blog\/wp-json\/wp\/v2\/posts"}],"about":[{"href":"https:\/\/99empregos.com.br\/blog\/wp-json\/wp\/v2\/types\/post"}],"author":[{"embeddable":true,"href":"https:\/\/99empregos.com.br\/blog\/wp-json\/wp\/v2\/users\/8"}],"replies":[{"embeddable":true,"href":"https:\/\/99empregos.com.br\/blog\/wp-json\/wp\/v2\/comments?post=10750"}],"version-history":[{"count":0,"href":"https:\/\/99empregos.com.br\/blog\/wp-json\/wp\/v2\/posts\/10750\/revisions"}],"wp:featuredmedia":[{"embeddable":true,"href":"https:\/\/99empregos.com.br\/blog\/wp-json\/wp\/v2\/media\/10753"}],"wp:attachment":[{"href":"https:\/\/99empregos.com.br\/blog\/wp-json\/wp\/v2\/media?parent=10750"}],"wp:term":[{"taxonomy":"category","embeddable":true,"href":"https:\/\/99empregos.com.br\/blog\/wp-json\/wp\/v2\/categories?post=10750"},{"taxonomy":"post_tag","embeddable":true,"href":"https:\/\/99empregos.com.br\/blog\/wp-json\/wp\/v2\/tags?post=10750"}],"curies":[{"name":"wp","href":"https:\/\/api.w.org\/{rel}","templated":true}]}}