{"id":10857,"date":"2022-12-17T03:45:37","date_gmt":"2022-12-17T06:45:37","guid":{"rendered":"https:\/\/123empregos.com.br\/?p=10857"},"modified":"2022-12-17T03:45:37","modified_gmt":"2022-12-17T06:45:37","slug":"corporativa-de-diversas-areas-segue-contratando-veja-novas-vagas","status":"publish","type":"post","link":"https:\/\/99empregos.com.br\/blog\/corporativa-de-diversas-areas-segue-contratando-veja-novas-vagas\/","title":{"rendered":"Corporativa de diversas \u00e1reas segue contratando, veja novas vagas"},"content":{"rendered":"<p>A InBetta, coorporativa que atua nos ramos da beleza, higiene, limpeza e muito mais, est\u00e1 com <a href=\"https:\/\/99empregos.com.br\/vaga\/sbt-divulga-novos-empregos-pelo-pais-veja-os-cargos\/\">novas vagas<\/a> de emprego abertas. Expandindo cada vez mais os seus neg\u00f3cios dentro do mercado nacional, a companhia busca agora os seguintes profissionais para integrarem a sua equipe:<\/p>\n<ul>\n<li><span style=\"font-weight: 400\">Analista de Inova\u00e7\u00e3o Comercial &#8211; Para atuar em Esteio\/RS;\u00a0<\/span><\/li>\n<li><span style=\"font-weight: 400\">Analista de Intelig\u00eancia de Mercado &#8211; Bettanin &#8211; Para atua\u00e7\u00e3o em Esteio\/RS;\u00a0<\/span><\/li>\n<li><span style=\"font-weight: 400\">Analista de Marketing &#8211; DermoCosm\u00e9ticos (Desenvolvimento de Produto e Gest\u00e3o de Marca) ESTEIO\/RS;\u00a0<\/span><\/li>\n<li><span style=\"font-weight: 400\">Assistente Adm. de Log\u00edstica ESTEIO\/RS;\u00a0<\/span><\/li>\n<li><span style=\"font-weight: 400\">Assistente Adm. de Log\u00edstica &#8211; Ara\u00e7ariguama\/SP;\u00a0<\/span><\/li>\n<li><span style=\"font-weight: 400\">Assistente Adm. de Log\u00edstica &#8211; Faturista &#8211; Ara\u00e7ariguama\/SP;\u00a0<\/span><\/li>\n<li><span style=\"font-weight: 400\">Assistente Adm. de Log\u00edstica &#8211; Fretes\/Transportes ESTEIO\/RS;\u00a0<\/span><\/li>\n<li><span style=\"font-weight: 400\">Assistente Adm. de Vendas &#8211; Para atua\u00e7\u00e3o em Esteio\/RS;\u00a0<\/span><\/li>\n<li><span style=\"font-weight: 400\">Assistente Adm. de Vendas &#8211; TEMPOR\u00c1RIA &#8211; Para atua\u00e7\u00e3o em Esteio\/RS;\u00a0<\/span><\/li>\n<li><span style=\"font-weight: 400\">Assistente Administrativo PAULISTA\/PE;\u00a0<\/span><\/li>\n<li><span style=\"font-weight: 400\">Assistente de Recursos Humanos PAULISTA\/PE;\u00a0<\/span><\/li>\n<li><span style=\"font-weight: 400\">Auditor Interno Pleno ESTEIO\/RS e Remoto;\u00a0<\/span><\/li>\n<li><span style=\"font-weight: 400\">Auxiliar de Log\u00edstica &#8211; Banco de curr\u00edculos ESTEIO\/RS;\u00a0<\/span><\/li>\n<li><span style=\"font-weight: 400\">Auxiliar de Log\u00edstica-S\u00e3o Paulo Ara\u00e7ariguama\/SP;\u00a0<\/span><\/li>\n<li><span style=\"font-weight: 400\">Coordenador de Trade Marketing &#8211; Sanremo &#8211; Atua\u00e7\u00e3o em Esteio\/RS;<\/span><\/li>\n<li><span style=\"font-weight: 400\">Encarregado de Produ\u00e7\u00e3o Esteio\/RS;\u00a0<\/span><\/li>\n<li><span style=\"font-weight: 400\">Estagi\u00e1rio T\u00e9cnico em Eletr\u00f4nica, Automa\u00e7\u00e3o, Eletrot\u00e9cnica, Mecatr\u00f4nica. PAULISTA\/PE;\u00a0<\/span><\/li>\n<li><span style=\"font-weight: 400\">Estagi\u00e1rio &#8211; T\u00e9cnico Mec\u00e2nico PAULISTA\/PE Associado Gerente Geral &#8211; \u00c1rea Comercial &#8211; Ordene Esteio\/RS;\u00a0<\/span><\/li>\n<li><span style=\"font-weight: 400\">Gerente Regional de Vendas &#8211; Bettanin &#8211; Para atender a regi\u00e3o do RS ESTEIO\/RS;\u00a0<\/span><\/li>\n<li><span style=\"font-weight: 400\">Mec\u00e2nico de Manuten\u00e7\u00e3o ESTEIO\/RS;\u00a0<\/span><\/li>\n<li><span style=\"font-weight: 400\">Mec\u00e2nico de Manuten\u00e7\u00e3o ESTEIO\/RS;\u00a0<\/span><\/li>\n<li><span style=\"font-weight: 400\">Operador de m\u00e1quina ESTEIO\/RS;\u00a0<\/span><\/li>\n<li><span style=\"font-weight: 400\">Operador de Produ\u00e7\u00e3o &#8211; Banco de curr\u00edculos ESTEIO\/RS;<\/span><\/li>\n<li><span style=\"font-weight: 400\">Operador de Produ\u00e7\u00e3o &#8211; PCD ESTEIO;<\/span><\/li>\n<li><span style=\"font-weight: 400\">Operador Mec\u00e2nico ESTEIO\/RS;\u00a0<\/span><\/li>\n<li><span style=\"font-weight: 400\">Trader &#8211; Exporta\u00e7\u00e3o &#8211; Atua\u00e7\u00e3o em Esteio\/RS ESTEIO\/RS;\u00a0<\/span><\/li>\n<li><span style=\"font-weight: 400\">Vendedor Externo &#8211; Para atuar em Itabuna\/ Ilh\u00e9us &#8211; BA.<\/span><\/li>\n<\/ul>\n<figure id=\"attachment_10860\" aria-describedby=\"caption-attachment-10860\" style=\"width: 1200px\" class=\"wp-caption aligncenter\"><img decoding=\"async\" class=\"size-full wp-image-10860\" src=\"https:\/\/99empregos.com.br\/wp-content\/uploads\/2022\/12\/inbetta-vagas-2022.jpg\" alt=\"InBetta abre novas vagas de emprego, confira as oportunidades. Foto: Divulga\u00e7\u00e3o\" width=\"1200\" height=\"750\" srcset=\"https:\/\/99empregos.com.br\/blog\/wp-content\/uploads\/2022\/12\/inbetta-vagas-2022.jpg 1200w, https:\/\/99empregos.com.br\/blog\/wp-content\/uploads\/2022\/12\/inbetta-vagas-2022-300x188.jpg 300w, https:\/\/99empregos.com.br\/blog\/wp-content\/uploads\/2022\/12\/inbetta-vagas-2022-1024x640.jpg 1024w, https:\/\/99empregos.com.br\/blog\/wp-content\/uploads\/2022\/12\/inbetta-vagas-2022-768x480.jpg 768w\" sizes=\"(max-width: 1200px) 100vw, 1200px\" \/><figcaption id=\"caption-attachment-10860\" class=\"wp-caption-text\">InBetta abre novas vagas de emprego, confira as oportunidades. Foto: Divulga\u00e7\u00e3o<\/figcaption><\/figure>\n<h3>Mais informa\u00e7\u00f5es sobre a InBetta<\/h3>\n<p>Nossa empresa \u00e9 criativa, inquieta, de olho no futuro e pronta para fazer o novo. O seu nome \u00e9 a tradu\u00e7\u00e3o disso. O \u201cIn\u201d significa o constante; \u201cBetta\u201d, a transforma\u00e7\u00e3o. Uma empresa que re\u00fane grande empresas e que produzem 4.500 produtos diferentes, totalizando cerca de 50.000.000 de unidades por m\u00eas, comercializados em todo o Brasil e exportados para mais de 50 pa\u00edses. S\u00e3o mais de 3.000 profissionais trabalhando para facilitar a vida das pessoas atrav\u00e9s de sua principal mat\u00e9ria-prima: a criatividade.<\/p>\n<p>Atualmente, a corpora\u00e7\u00e3o tem empresas que atuam em segmentos diferentes: higiene e beleza, organiza\u00e7\u00e3o, conserva\u00e7\u00e3o, limpeza, acabamento e pintura de superf\u00edcies, linha profissional. Cada empresa possui suas pr\u00f3prias marcas de produtos e tem liberdade de atua\u00e7\u00e3o em seus mercados, mas todas seguem os conceitos corporativos da InBetta.<\/p>\n<h3>Como se candidatar<\/h3>\n<p>Se voc\u00ea encontrou novas oportunidades de emprego na Inbetta, <a href=\"https:\/\/99empregos.com.br\/vaga\/inbetta-segue-contratando-veja-novas-vagas\/\">basta clicar neste link<\/a> para se candidatar. No entanto, antes de efetivar a sua inscri\u00e7\u00e3o, recomendamos que fa\u00e7a uma revis\u00e3o completa e detalhada de todos os pr\u00e9-requisitos solicitados pela companhia. Boa sorte!<\/p>\n","protected":false},"excerpt":{"rendered":"<p>A InBetta, coorporativa que atua nos ramos da beleza, higiene, limpeza e muito mais, est\u00e1 com novas vagas de emprego abertas. Expandindo cada vez mais os seus neg\u00f3cios dentro do mercado nacional, a companhia busca agora os seguintes profissionais para integrarem a sua equipe: Analista de Inova\u00e7\u00e3o Comercial &#8211; Para atuar em Esteio\/RS;\u00a0 Analista de [&hellip;]<\/p>\n","protected":false},"author":8,"featured_media":10861,"comment_status":"open","ping_status":"closed","sticky":false,"template":"","format":"standard","meta":{"footnotes":""},"categories":[7],"tags":[603,5,37],"class_list":["post-10857","post","type-post","status-publish","format-standard","has-post-thumbnail","hentry","category-noticias","tag-603","tag-empregos","tag-vagas"],"_links":{"self":[{"href":"https:\/\/99empregos.com.br\/blog\/wp-json\/wp\/v2\/posts\/10857","targetHints":{"allow":["GET"]}}],"collection":[{"href":"https:\/\/99empregos.com.br\/blog\/wp-json\/wp\/v2\/posts"}],"about":[{"href":"https:\/\/99empregos.com.br\/blog\/wp-json\/wp\/v2\/types\/post"}],"author":[{"embeddable":true,"href":"https:\/\/99empregos.com.br\/blog\/wp-json\/wp\/v2\/users\/8"}],"replies":[{"embeddable":true,"href":"https:\/\/99empregos.com.br\/blog\/wp-json\/wp\/v2\/comments?post=10857"}],"version-history":[{"count":0,"href":"https:\/\/99empregos.com.br\/blog\/wp-json\/wp\/v2\/posts\/10857\/revisions"}],"wp:featuredmedia":[{"embeddable":true,"href":"https:\/\/99empregos.com.br\/blog\/wp-json\/wp\/v2\/media\/10861"}],"wp:attachment":[{"href":"https:\/\/99empregos.com.br\/blog\/wp-json\/wp\/v2\/media?parent=10857"}],"wp:term":[{"taxonomy":"category","embeddable":true,"href":"https:\/\/99empregos.com.br\/blog\/wp-json\/wp\/v2\/categories?post=10857"},{"taxonomy":"post_tag","embeddable":true,"href":"https:\/\/99empregos.com.br\/blog\/wp-json\/wp\/v2\/tags?post=10857"}],"curies":[{"name":"wp","href":"https:\/\/api.w.org\/{rel}","templated":true}]}}