{"id":10923,"date":"2022-12-17T20:42:45","date_gmt":"2022-12-17T23:42:45","guid":{"rendered":"https:\/\/123empregos.com.br\/?p=10923"},"modified":"2022-12-17T20:42:45","modified_gmt":"2022-12-17T23:42:45","slug":"empresa-do-mercado-farmaceutico-abre-28-vagas-em-nivel-medio-e-superior","status":"publish","type":"post","link":"https:\/\/99empregos.com.br\/blog\/empresa-do-mercado-farmaceutico-abre-28-vagas-em-nivel-medio-e-superior\/","title":{"rendered":"Empresa do mercado farmac\u00eautico abre vagas"},"content":{"rendered":"<p>O Grupo Tapaj\u00f3s, empresa que atua no mercado farmac\u00eautico, est\u00e1 oferecendo 28 vagas de emprego, em Manaus. Os sal\u00e1rios variam de R$ 1.258,06 a R$ 7 mil.<\/p>\n<p>S\u00e3o oferecidas 22 vagas para o n\u00edvel m\u00e9dio, sendo oito destinadas a Pessoas com Defici\u00eancia (PCD). Para o n\u00edvel superior, s\u00e3o seis vagas.\u00a0De acordo com a empresa, os selecionados v\u00e3o come\u00e7ar a trabalhar em janeiro de 2023.<\/p>\n<h2>Fun\u00e7\u00f5es e benef\u00edcios<\/h2>\n<p>As oportunidades s\u00e3o para trabalhar nas empresas do Grupo em Manaus, tanto no centro de distribui\u00e7\u00e3o de medicamentos, como nas redes de drogarias Santo Rem\u00e9dio, FarmaBem e Flexfarma.<\/p>\n<p>Segundo a empresa, para todas as contrata\u00e7\u00f5es, h\u00e1 benef\u00edcios como vale-transporte, vale-alimenta\u00e7\u00e3o, planos de sa\u00fade e odontol\u00f3gico, al\u00e9m de oportunidades para progress\u00e3o de carreira.<\/p>\n<p><strong>Veja tamb\u00e9m:\u00a0<a href=\"https:\/\/99empregos.com.br\/kelloggs-abre-vagas-de-emprego-em-santa-catarina\/\" target=\"_blank\" rel=\"noopener\">Kellogg\u2019s abre vagas de emprego em Santa Catarina<\/a><\/strong><\/p>\n<h2>Vagas de n\u00edvel m\u00e9dio<\/h2>\n<p>Na sele\u00e7\u00e3o de n\u00edvel m\u00e9dio, est\u00e3o dispon\u00edveis dez vagas para operador de caixa (quatro para PCD) e cinco para consultor de vendas (duas para PCD). Em ambas as fun\u00e7\u00f5es, al\u00e9m de forma\u00e7\u00e3o b\u00e1sica, \u00e9 preciso ter experi\u00eancia no cargo, conhecimento de Pacote Office e curso de atendimento ao cliente.<\/p>\n<p>Tamb\u00e9m h\u00e1 duas fun\u00e7\u00f5es que n\u00e3o exigem experi\u00eancia, apenas ensino m\u00e9dio completo, conhecimento de Pacote Office e disponibilidade de hor\u00e1rio. S\u00e3o elas: auxiliar de estoque (tr\u00eas vagas para ampla concorr\u00eancia e duas para PCD) e garagista (uma vaga).<\/p>\n<p>J\u00e1 para a vaga de operador de monitoramento, os requisitos s\u00e3o ter ensino m\u00e9dio, conhecimento de Pacote Office e curso de monitoramento de circuito fechado de televis\u00e3o (CFTV).<\/p>\n<p><strong>Veja tamb\u00e9m:\u00a0<a href=\"https:\/\/99empregos.com.br\/fedex-abre-70-vagas-de-emprego-no-brasil-em-diferentes-niveis\/\" target=\"_blank\" rel=\"noopener\">Fedex abre 70 vagas de emprego no Brasil em diferentes n\u00edveis<\/a><\/strong><\/p>\n<h2>Vagas de n\u00edvel superior<\/h2>\n<p>Est\u00e3o dispon\u00edveis cinco vagas de analista de pre\u00e7os Jr, sendo necess\u00e1rio ter forma\u00e7\u00e3o de n\u00edvel superior em uma das seguintes \u00e1reas: Administra\u00e7\u00e3o, Matem\u00e1tica, Estat\u00edstica, Economia, Ci\u00eancia Cont\u00e1beis ou \u00e1reas correlatas. Outros requisitos s\u00e3o ter conhecimento avan\u00e7ado em Excel e experi\u00eancia na fun\u00e7\u00e3o. O sal\u00e1rio \u00e9 de R$ 2.595 mais benef\u00edcios.<\/p>\n<p>A maior remunera\u00e7\u00e3o, de R$ 7 mil, \u00e9 para o cargo de coordenador de canais digitais. A fun\u00e7\u00e3o exige n\u00edvel superior completo em Marketing, Publicidade e Propaganda ou Rela\u00e7\u00f5es P\u00fablicas. Al\u00e9m de ter conhecimento em Excel Avan\u00e7ado, \u00e9 necess\u00e1rio ter experi\u00eancia na fun\u00e7\u00e3o. J\u00e1 a p\u00f3s-gradua\u00e7\u00e3o ser\u00e1 um diferencial. Pessoas com defici\u00eancia tamb\u00e9m podem concorrer ao cargo.<\/p>\n<h2>Inscri\u00e7\u00f5es<\/h2>\n<p>Para participar da sele\u00e7\u00e3o, os candidatos precisam enviar curr\u00edculo para o e-mail selecao@grupotapajos.com.br, at\u00e9 30 de dezembro de 2022.<\/p>\n<p>Caso seja chamado, o candidato participar\u00e1 de uma entrevista presencial com realiza\u00e7\u00e3o de prova, reda\u00e7\u00e3o e teste psicol\u00f3gico.<\/p>\n","protected":false},"excerpt":{"rendered":"<p>O Grupo Tapaj\u00f3s, empresa que atua no mercado farmac\u00eautico, est\u00e1 oferecendo 28 vagas de emprego, em Manaus. Os sal\u00e1rios variam de R$ 1.258,06 a R$ 7 mil. S\u00e3o oferecidas 22 vagas para o n\u00edvel m\u00e9dio, sendo oito destinadas a Pessoas com Defici\u00eancia (PCD). Para o n\u00edvel superior, s\u00e3o seis vagas.\u00a0De acordo com a empresa, os [&hellip;]<\/p>\n","protected":false},"author":4,"featured_media":10924,"comment_status":"open","ping_status":"closed","sticky":false,"template":"","format":"standard","meta":{"footnotes":""},"categories":[15],"tags":[16],"class_list":["post-10923","post","type-post","status-publish","format-standard","has-post-thumbnail","hentry","category-vagas","tag-vagas-de-emprego"],"_links":{"self":[{"href":"https:\/\/99empregos.com.br\/blog\/wp-json\/wp\/v2\/posts\/10923","targetHints":{"allow":["GET"]}}],"collection":[{"href":"https:\/\/99empregos.com.br\/blog\/wp-json\/wp\/v2\/posts"}],"about":[{"href":"https:\/\/99empregos.com.br\/blog\/wp-json\/wp\/v2\/types\/post"}],"author":[{"embeddable":true,"href":"https:\/\/99empregos.com.br\/blog\/wp-json\/wp\/v2\/users\/4"}],"replies":[{"embeddable":true,"href":"https:\/\/99empregos.com.br\/blog\/wp-json\/wp\/v2\/comments?post=10923"}],"version-history":[{"count":0,"href":"https:\/\/99empregos.com.br\/blog\/wp-json\/wp\/v2\/posts\/10923\/revisions"}],"wp:featuredmedia":[{"embeddable":true,"href":"https:\/\/99empregos.com.br\/blog\/wp-json\/wp\/v2\/media\/10924"}],"wp:attachment":[{"href":"https:\/\/99empregos.com.br\/blog\/wp-json\/wp\/v2\/media?parent=10923"}],"wp:term":[{"taxonomy":"category","embeddable":true,"href":"https:\/\/99empregos.com.br\/blog\/wp-json\/wp\/v2\/categories?post=10923"},{"taxonomy":"post_tag","embeddable":true,"href":"https:\/\/99empregos.com.br\/blog\/wp-json\/wp\/v2\/tags?post=10923"}],"curies":[{"name":"wp","href":"https:\/\/api.w.org\/{rel}","templated":true}]}}