{"id":10934,"date":"2022-12-17T23:24:09","date_gmt":"2022-12-18T02:24:09","guid":{"rendered":"https:\/\/123empregos.com.br\/?p=10934"},"modified":"2022-12-17T23:24:09","modified_gmt":"2022-12-18T02:24:09","slug":"bauducco-abre-vaga-de-pessoa-analista-de-pricing-junior","status":"publish","type":"post","link":"https:\/\/99empregos.com.br\/blog\/bauducco-abre-vaga-de-pessoa-analista-de-pricing-junior\/","title":{"rendered":"Bauducco abre vaga de Pessoa Analista de Pricing j\u00fanior"},"content":{"rendered":"<p><span style=\"font-weight: 400\">A hist\u00f3ria da Bauducco come\u00e7ou em 1948, quando o italiano Carlos Bauducco se mudou para o Brasil.<\/span><\/p>\n<p><span style=\"font-weight: 400\">Ele veio ao pa\u00eds para cobrar uma d\u00edvida de m\u00e1quinas de modelagem de p\u00e3es e nesse per\u00edodo ele se sentiu em casa em S\u00e3o Paulo, decidindo assim vender tudo o que tinha na It\u00e1lia e morar no territ\u00f3rio brasileiro.<\/span><\/p>\n<p><span style=\"font-weight: 400\">Em 1950, Carlo trouxe consigo da sua cidade natal, um amigo confeiteiro, chamado Armando Poppa e uma massa fermentada enrolada em um p\u00e3o molhado, que foi considerada a \u201cm\u00e3e de todos os panetones\u201d.<\/span><\/p>\n<p><span style=\"font-weight: 400\">No entanto, na \u00e9poca, a lei brasileira s\u00f3 permitia que os estrangeiros abrissem empresas com s\u00f3cios brasileiros e, com isso, Carlo se associou aos tr\u00eas irm\u00e3os Lanci, filhos de italianos que produziam a massa 3 Abruzzi.<\/span><\/p>\n<p><span style=\"font-weight: 400\">Logo em seguida, o primeiro panetone foi criado e foi batizado de \u201cPanettone 900 Lanci\u201d. O 900 vinha da m\u00e1quina que produzia a massa e a primeira loja do grupo se chamava \u201cPanetone 900\u201d.<\/span><\/p>\n<p><span style=\"font-weight: 400\">Em 1952, a lei que obrigava estrangeiros a abrir empresas com brasileiros foi extinta e com isso, Carlo Bauducco abriu a Doceria Bauducco no Br\u00e1s e l\u00e1 ele produziu panetones e biscoitos tipo Champanhe, doces e salgados.<\/span><\/p>\n<p><span style=\"font-weight: 400\">A partir disso, a empresa expandiu rapidamente e, alguns anos depois, se tornou uma gigante no mercado de confeitaria.<\/span><\/p>\n<p><span style=\"font-weight: 400\">Hoje a Bauducco \u00e9 uma das maiores marcas de panetone e biscoitos do Brasil.<\/span><\/p>\n<p><span style=\"font-weight: 400\">Neste m\u00eas, a empresa decidiu expandir o seu time e anunciou uma nova vaga de Pessoa Analista de Pricing J\u00fanior.<\/span><\/p>\n<h2><span style=\"font-weight: 400\">Responsabilidades<\/span><\/h2>\n<p><span style=\"font-weight: 400\">A pessoa contratada para a vaga ser\u00e1 respons\u00e1vel pelo apoio na gest\u00e3o de pre\u00e7os e execu\u00e7\u00e3o das a\u00e7\u00f5es em sistema, suporte ao time comercial em quest\u00f5es relacionadas a tabela e condi\u00e7\u00f5es comerciais.<\/span><\/p>\n<p><span style=\"font-weight: 400\">No dia a dia, ela ter\u00e1 as seguintes atividades:<\/span><\/p>\n<ul>\n<li style=\"font-weight: 400\"><span style=\"font-weight: 400\">Elaborar relat\u00f3rios de acompanhamento do desempenho comercial;<\/span><\/li>\n<li style=\"font-weight: 400\"><span style=\"font-weight: 400\">Realizar o planejamento detalhado de vendas sazonais e linha;<\/span><\/li>\n<li style=\"font-weight: 400\"><span style=\"font-weight: 400\">Mapear via relat\u00f3rio pre\u00e7os por regional, canal, categoria e \u201cSKU\u201d,<\/span><\/li>\n<li style=\"font-weight: 400\"><span style=\"font-weight: 400\">Preparar relat\u00f3rios de monitoramento de pre\u00e7os NF e Ponta Te\u00f3ricos;<\/span><\/li>\n<li style=\"font-weight: 400\"><span style=\"font-weight: 400\">Construir levantamento de informa\u00e7\u00f5es de pre\u00e7os coletadas em campo;<\/span><\/li>\n<li style=\"font-weight: 400\"><span style=\"font-weight: 400\">Executar cadastros de pre\u00e7o em sistema.<\/span><\/li>\n<\/ul>\n<h2><span style=\"font-weight: 400\">Requisitos para a vaga da Bauducco<\/span><\/h2>\n<ul>\n<li style=\"font-weight: 400\"><span style=\"font-weight: 400\">Viv\u00eancia de 1 ano em fun\u00e7\u00f5es similares;<\/span><\/li>\n<li style=\"font-weight: 400\"><span style=\"font-weight: 400\">Ingl\u00eas intermedi\u00e1rio;<\/span><\/li>\n<li style=\"font-weight: 400\"><span style=\"font-weight: 400\">Elabora\u00e7\u00e3o de relat\u00f3rios e planilhas;<\/span><\/li>\n<li style=\"font-weight: 400\"><span style=\"font-weight: 400\">Excel intermedi\u00e1rio;<\/span><\/li>\n<li style=\"font-weight: 400\"><span style=\"font-weight: 400\">Proatividade e iniciativa;<\/span><\/li>\n<li style=\"font-weight: 400\"><span style=\"font-weight: 400\">Comprometimento e foco nos resultados;<\/span><\/li>\n<li style=\"font-weight: 400\"><span style=\"font-weight: 400\">Curiosidade intelectual;<\/span><\/li>\n<li style=\"font-weight: 400\"><span style=\"font-weight: 400\">Disposi\u00e7\u00e3o de mudan\u00e7a;<\/span><\/li>\n<li style=\"font-weight: 400\"><span style=\"font-weight: 400\">Consist\u00eancia e transpar\u00eancia;<\/span><\/li>\n<li style=\"font-weight: 400\"><span style=\"font-weight: 400\">Trabalho em equipe e relacionamento interpessoal;<\/span><\/li>\n<li style=\"font-weight: 400\"><span style=\"font-weight: 400\">Lideran\u00e7a;<\/span><\/li>\n<li style=\"font-weight: 400\"><span style=\"font-weight: 400\">Comunica\u00e7\u00e3o;<\/span><\/li>\n<li style=\"font-weight: 400\"><span style=\"font-weight: 400\">Persist\u00eancia.<\/span><\/li>\n<\/ul>\n","protected":false},"excerpt":{"rendered":"<p>A hist\u00f3ria da Bauducco come\u00e7ou em 1948, quando o italiano Carlos Bauducco se mudou para o Brasil. Ele veio ao pa\u00eds para cobrar uma d\u00edvida de m\u00e1quinas de modelagem de p\u00e3es e nesse per\u00edodo ele se sentiu em casa em S\u00e3o Paulo, decidindo assim vender tudo o que tinha na It\u00e1lia e morar no territ\u00f3rio [&hellip;]<\/p>\n","protected":false},"author":5,"featured_media":6211,"comment_status":"open","ping_status":"closed","sticky":false,"template":"","format":"standard","meta":{"footnotes":""},"categories":[7],"tags":[823,824],"class_list":["post-10934","post","type-post","status-publish","format-standard","has-post-thumbnail","hentry","category-noticias","tag-bauducco","tag-bauducco-vagas"],"_links":{"self":[{"href":"https:\/\/99empregos.com.br\/blog\/wp-json\/wp\/v2\/posts\/10934","targetHints":{"allow":["GET"]}}],"collection":[{"href":"https:\/\/99empregos.com.br\/blog\/wp-json\/wp\/v2\/posts"}],"about":[{"href":"https:\/\/99empregos.com.br\/blog\/wp-json\/wp\/v2\/types\/post"}],"author":[{"embeddable":true,"href":"https:\/\/99empregos.com.br\/blog\/wp-json\/wp\/v2\/users\/5"}],"replies":[{"embeddable":true,"href":"https:\/\/99empregos.com.br\/blog\/wp-json\/wp\/v2\/comments?post=10934"}],"version-history":[{"count":0,"href":"https:\/\/99empregos.com.br\/blog\/wp-json\/wp\/v2\/posts\/10934\/revisions"}],"wp:featuredmedia":[{"embeddable":true,"href":"https:\/\/99empregos.com.br\/blog\/wp-json\/wp\/v2\/media\/6211"}],"wp:attachment":[{"href":"https:\/\/99empregos.com.br\/blog\/wp-json\/wp\/v2\/media?parent=10934"}],"wp:term":[{"taxonomy":"category","embeddable":true,"href":"https:\/\/99empregos.com.br\/blog\/wp-json\/wp\/v2\/categories?post=10934"},{"taxonomy":"post_tag","embeddable":true,"href":"https:\/\/99empregos.com.br\/blog\/wp-json\/wp\/v2\/tags?post=10934"}],"curies":[{"name":"wp","href":"https:\/\/api.w.org\/{rel}","templated":true}]}}