{"id":11037,"date":"2022-12-18T23:32:21","date_gmt":"2022-12-19T02:32:21","guid":{"rendered":"https:\/\/123empregos.com.br\/?p=11037"},"modified":"2022-12-18T23:32:21","modified_gmt":"2022-12-19T02:32:21","slug":"embraer-abre-nova-oportunidade-de-analista-de-recursos-humanos","status":"publish","type":"post","link":"https:\/\/99empregos.com.br\/blog\/embraer-abre-nova-oportunidade-de-analista-de-recursos-humanos\/","title":{"rendered":"Embraer abre nova oportunidade de analista de recursos humanos"},"content":{"rendered":"<p><span style=\"font-weight: 400\">A Embraer \u00e9 uma das maiores empresas aeroespaciais do mundo, da qual foi fundada em 1969, a partir da cria\u00e7\u00e3o do seu primeiro avi\u00e3o, que foi batizado de Bandeirante, pelo engenheiro Ozires Silva.<\/span><\/p>\n<p><span style=\"font-weight: 400\">J\u00e1 no ano de 1980, a companhia conquistou uma grande relev\u00e2ncia no mercado internacional gra\u00e7as aos seus projetos de avi\u00f5es da Brasilia, Xingu e Bandeirantes.<\/span><\/p>\n<p><span style=\"font-weight: 400\">Todos os aeromodelos produzidos por eles s\u00e3o do tipo monomotor a pist\u00e3o e eles se tornaram muito populares n\u00e3o s\u00f3 no Brasil, como em todo o mundo.<\/span><\/p>\n<p><span style=\"font-weight: 400\">Atualmente, a Embraer \u00e9 avaliada em mais de R$17 bilh\u00f5es e possui 46% das suas a\u00e7\u00f5es, das quais s\u00e3o negociadas na Bolsa de Valores de Nova York (NYSE) e os outros 54% s\u00e3o trabalhados na Bolsa de Valores, Mercadorias e Futuros de S\u00e3o Paulo (BM&amp;FBOVESPA).<\/span><\/p>\n<p><span style=\"font-weight: 400\">Neste m\u00eas, essa grande empresa decidiu aumentar o seu time de colaboradores e anunciou estar em busca de um novo analista de recursos humanos.<\/span><\/p>\n<h2><span style=\"font-weight: 400\">Requisitos<\/span><\/h2>\n<p><span style=\"font-weight: 400\">A pessoa interessada pela vaga da Embraer, precisa ter alguns pr\u00e9-requisitos para ter chance de passar por todas as etapas do processo seletivo. Eles s\u00e3o:<\/span><\/p>\n<ul>\n<li style=\"font-weight: 400\"><span style=\"font-weight: 400\">Superior completo;<\/span><\/li>\n<li style=\"font-weight: 400\"><span style=\"font-weight: 400\">Ingl\u00eas avan\u00e7ado para leitura, escrita e conversa\u00e7\u00e3o;<\/span><\/li>\n<li style=\"font-weight: 400\"><span style=\"font-weight: 400\">Experi\u00eancia com remunera\u00e7\u00e3o, metodologia de avalia\u00e7\u00e3o de cargos e gest\u00e3o de projetos.<\/span><\/li>\n<\/ul>\n<h2><span style=\"font-weight: 400\">Atividades<\/span><\/h2>\n<p><span style=\"font-weight: 400\">O candidato escolhido para compor a vaga ter\u00e1 que realizar algumas atividades em seu dia a dia, elas s\u00e3o:<\/span><\/p>\n<ul>\n<li style=\"font-weight: 400\"><span style=\"font-weight: 400\">Propostas salariais (contrata\u00e7\u00e3o, m\u00e9rito e promo\u00e7\u00e3o);<\/span><\/li>\n<li style=\"font-weight: 400\"><span style=\"font-weight: 400\">Atendimento \u00e0s \u00e1reas em assuntos de remunera\u00e7\u00e3o (sal\u00e1rio Base, incentivo de curto e longo prazo);<\/span><\/li>\n<li style=\"font-weight: 400\"><span style=\"font-weight: 400\">C\u00e1lculo de remunera\u00e7\u00e3o vari\u00e1vel de curto prazo;<\/span><\/li>\n<li style=\"font-weight: 400\"><span style=\"font-weight: 400\">Defini\u00e7\u00e3o de estrat\u00e9gia global de remunera\u00e7\u00e3o (fixa e vari\u00e1vel);<\/span><\/li>\n<li style=\"font-weight: 400\"><span style=\"font-weight: 400\">Elabora\u00e7\u00e3o das pol\u00edticas globais;<\/span><\/li>\n<li style=\"font-weight: 400\"><span style=\"font-weight: 400\">Estudos de mercado;<\/span><\/li>\n<li style=\"font-weight: 400\"><span style=\"font-weight: 400\">Gest\u00e3o das rotinas de remunera\u00e7\u00e3o, propostas, promo\u00e7\u00f5es, ciclo de m\u00e9rito.<\/span><\/li>\n<\/ul>\n<h2><span style=\"font-weight: 400\">Sobre a vaga da Embraer<\/span><\/h2>\n<ul>\n<li style=\"font-weight: 400\"><span style=\"font-weight: 400\">Unidade &#8211; S\u00e3o Paulo;<\/span><\/li>\n<li style=\"font-weight: 400\"><span style=\"font-weight: 400\">Formato de trabalho: h\u00edbrido.<\/span><\/li>\n<\/ul>\n","protected":false},"excerpt":{"rendered":"<p>A Embraer \u00e9 uma das maiores empresas aeroespaciais do mundo, da qual foi fundada em 1969, a partir da cria\u00e7\u00e3o do seu primeiro avi\u00e3o, que foi batizado de Bandeirante, pelo engenheiro Ozires Silva. J\u00e1 no ano de 1980, a companhia conquistou uma grande relev\u00e2ncia no mercado internacional gra\u00e7as aos seus projetos de avi\u00f5es da Brasilia, [&hellip;]<\/p>\n","protected":false},"author":5,"featured_media":11038,"comment_status":"open","ping_status":"closed","sticky":false,"template":"","format":"standard","meta":{"footnotes":""},"categories":[7],"tags":[1347],"class_list":["post-11037","post","type-post","status-publish","format-standard","has-post-thumbnail","hentry","category-noticias","tag-embraer"],"_links":{"self":[{"href":"https:\/\/99empregos.com.br\/blog\/wp-json\/wp\/v2\/posts\/11037","targetHints":{"allow":["GET"]}}],"collection":[{"href":"https:\/\/99empregos.com.br\/blog\/wp-json\/wp\/v2\/posts"}],"about":[{"href":"https:\/\/99empregos.com.br\/blog\/wp-json\/wp\/v2\/types\/post"}],"author":[{"embeddable":true,"href":"https:\/\/99empregos.com.br\/blog\/wp-json\/wp\/v2\/users\/5"}],"replies":[{"embeddable":true,"href":"https:\/\/99empregos.com.br\/blog\/wp-json\/wp\/v2\/comments?post=11037"}],"version-history":[{"count":0,"href":"https:\/\/99empregos.com.br\/blog\/wp-json\/wp\/v2\/posts\/11037\/revisions"}],"wp:featuredmedia":[{"embeddable":true,"href":"https:\/\/99empregos.com.br\/blog\/wp-json\/wp\/v2\/media\/11038"}],"wp:attachment":[{"href":"https:\/\/99empregos.com.br\/blog\/wp-json\/wp\/v2\/media?parent=11037"}],"wp:term":[{"taxonomy":"category","embeddable":true,"href":"https:\/\/99empregos.com.br\/blog\/wp-json\/wp\/v2\/categories?post=11037"},{"taxonomy":"post_tag","embeddable":true,"href":"https:\/\/99empregos.com.br\/blog\/wp-json\/wp\/v2\/tags?post=11037"}],"curies":[{"name":"wp","href":"https:\/\/api.w.org\/{rel}","templated":true}]}}