{"id":11053,"date":"2022-12-19T04:55:21","date_gmt":"2022-12-19T07:55:21","guid":{"rendered":"https:\/\/123empregos.com.br\/?p=11053"},"modified":"2022-12-19T04:55:21","modified_gmt":"2022-12-19T07:55:21","slug":"ailos-cooperativa-de-credito-abre-novas-vagas-confira-lista","status":"publish","type":"post","link":"https:\/\/99empregos.com.br\/blog\/ailos-cooperativa-de-credito-abre-novas-vagas-confira-lista\/","title":{"rendered":"Ailos: Cooperativa de cr\u00e9dito abre novas vagas, confira lista"},"content":{"rendered":"<p>A Central Ailos, cooperativa de cr\u00e9dito com dezenas de unidades espalhadas pelo pa\u00eds, est\u00e1 com novas vagas de emprego abertas. Expandindo cada vez mais os seus neg\u00f3cios, a companhia est\u00e1 em busca dos seguintes profissionais para integrarem a sua equipe:<\/p>\n<ul>\n<li><span style=\"font-weight: 400\">Analista de Canais de Relacionamento III &#8211; Digitais e Presenciais Blumenau\/SC e Remoto;\u00a0<\/span><\/li>\n<li><span style=\"font-weight: 400\">Analista de Comunica\u00e7\u00e3o e Marketing III &#8211; Intelig\u00eancia de Mercado Blumenau\/SC e Remoto;\u00a0<\/span><\/li>\n<li><span style=\"font-weight: 400\">Analista de Cr\u00e9dito I &#8211; Foco em Data Analytics Blumenau\/SC e Remoto;\u00a0<\/span><\/li>\n<li><span style=\"font-weight: 400\">Analista de Cr\u00e9dito II &#8211; Foco em Data Analytics Blumenau\/SC e Remoto;\u00a0<\/span><\/li>\n<li><span style=\"font-weight: 400\">Analista de Produtos e Neg\u00f3cios II &#8211; Foco Gest\u00e3o de Mudan\u00e7as CRM Blumenau\/SC e Remoto;\u00a0<\/span><\/li>\n<li><span style=\"font-weight: 400\">Analista de Qualidade de TI II (Automa\u00e7\u00e3o de Testes) Blumenau\/SC e Remoto;\u00a0<\/span><\/li>\n<li><span style=\"font-weight: 400\">Analista de Qualidade de TI III (Automa\u00e7\u00e3o de Testes) Blumenau\/SC e Remoto;\u00a0<\/span><\/li>\n<li><span style=\"font-weight: 400\">Analista de Qualidade &#8211; Tribo Recupera\u00e7\u00e3o de Cr\u00e9dito Blumenau\/SC;\u00a0<\/span><\/li>\n<li><span style=\"font-weight: 400\">Analista de Riscos e Controles III Blumenau\/SC;\u00a0<\/span><\/li>\n<li><span style=\"font-weight: 400\">Analista de Seguran\u00e7a da Informa\u00e7\u00e3o II Blumenau\/SC;\u00a0<\/span><\/li>\n<li><span style=\"font-weight: 400\">Analista de Sistemas Dynamics &#8211; Tribo CRM e Cooperados Blumenau\/SC e Remoto;\u00a0<\/span><\/li>\n<li><span style=\"font-weight: 400\">Analista de Sistemas &#8211; Tribo Corporativo Blumenau\/SC;\u00a0<\/span><\/li>\n<li><span style=\"font-weight: 400\">Analista de Sistemas &#8211; Tribo Corporativo Blumenau\/SC;\u00a0<\/span><\/li>\n<li><span style=\"font-weight: 400\">Analista de Sistemas &#8211; Tribo Produtos de Cr\u00e9dito Blumenau\/SC e Remoto;\u00a0<\/span><\/li>\n<li><span style=\"font-weight: 400\">Analista de Sistemas &#8211; Tribos de Empr\u00e9stimos e Repasses Blumenau\/SC e Remoto;\u00a0<\/span><\/li>\n<li><span style=\"font-weight: 400\">Analista de Sistemas &#8211; Tribo Transforma\u00e7\u00e3o Core Blumenau\/SC e Remoto;\u00a0<\/span><\/li>\n<li><span style=\"font-weight: 400\">Analista de Suporte de TI I &#8211; Incident Manager Blumenau\/SC;\u00a0<\/span><\/li>\n<li><span style=\"font-weight: 400\">Arquiteto Corporativo de TI Blumenau\/SC e Remoto;\u00a0<\/span><\/li>\n<li><span style=\"font-weight: 400\">Assistente de Gest\u00e3o de Pessoas &#8211; Atua\u00e7\u00e3o em Gest\u00e3o de Benef\u00edcios Blumenau\/SC;\u00a0<\/span><\/li>\n<li><span style=\"font-weight: 400\">Assistente de TI II \u2013 CMO Blumenau\/SC;\u00a0<\/span><\/li>\n<li><span style=\"font-weight: 400\">Banco de Talentos | Assistente de SAC Blumenau\/SC Banco de talentos Banco de Talentos &#8211; Pessoas com Defici\u00eancia (PCD) Blumenau\/SC e Remoto;\u00a0<\/span><\/li>\n<li><span style=\"font-weight: 400\">Banco de Talentos | SAC 50+ Blumenau\/SC Banco de talentos Consultor de Neg\u00f3cios Cooperativos S\u00e3o Jos\u00e9 dos Pinhais\/PR e Remoto.<\/span><\/li>\n<\/ul>\n<figure id=\"attachment_11056\" aria-describedby=\"caption-attachment-11056\" style=\"width: 1200px\" class=\"wp-caption aligncenter\"><img decoding=\"async\" class=\"size-full wp-image-11056\" src=\"https:\/\/99empregos.com.br\/wp-content\/uploads\/2022\/12\/central-ailos-vagas-de-emprego.jpg\" alt=\"Central Ailos abre novas vagas de emprego, confira as oportunidades. Foto: Divulga\u00e7\u00e3o\" width=\"1200\" height=\"750\" srcset=\"https:\/\/99empregos.com.br\/blog\/wp-content\/uploads\/2022\/12\/central-ailos-vagas-de-emprego.jpg 1200w, https:\/\/99empregos.com.br\/blog\/wp-content\/uploads\/2022\/12\/central-ailos-vagas-de-emprego-300x188.jpg 300w, https:\/\/99empregos.com.br\/blog\/wp-content\/uploads\/2022\/12\/central-ailos-vagas-de-emprego-1024x640.jpg 1024w, https:\/\/99empregos.com.br\/blog\/wp-content\/uploads\/2022\/12\/central-ailos-vagas-de-emprego-768x480.jpg 768w\" sizes=\"(max-width: 1200px) 100vw, 1200px\" \/><figcaption id=\"caption-attachment-11056\" class=\"wp-caption-text\">Central Ailos abre novas vagas de emprego, confira as oportunidades. Foto: Divulga\u00e7\u00e3o<\/figcaption><\/figure>\n<h3>Mais informa\u00e7\u00f5es sobre a Central Ailos<\/h3>\n<p>Na Central Ailos,\u00a0somos movidos pela uni\u00e3o de diferentes talentos com o mesmo prop\u00f3sito: cooperar para transformar vidas. \u00c9 assim que crescemos e evolu\u00edmos, trabalhando juntos para chegar aonde ningu\u00e9m mais chegou, levando nossos talentos cada vez mais longe, oferecendo um ambiente colaborativo, e muita oportunidade e est\u00edmulo para que alcancem seus objetivos ao nosso lado.<\/p>\n<p>Fazemos parte do Sistema Ailos, composto por 13 cooperativas de cr\u00e9dito, uma corretora de seguros, e n\u00f3s da cooperativa Central. Estamos em plena expans\u00e3o, tanto f\u00edsica quanto tecnol\u00f3gica, para desenvolver solu\u00e7\u00f5es cada vez mais eficazes, assim como produtos e servi\u00e7os financeiros que fazem a diferen\u00e7a na vida dos nossos mais de 1 milh\u00e3o de cooperados.<\/p>\n<h3>Como se candidatar<\/h3>\n<p>Se voc\u00ea encontrou uma oportunidade de emprego na Central Ailos, basta clicar neste link para se candidatar. No entanto, antes de efetivar a sua inscri\u00e7\u00e3o, recomendamos que fa\u00e7a uma revis\u00e3o completa e detalhada de todos os pr\u00e9-requisitos solicitados pela companhia. Boa sorte!<\/p>\n","protected":false},"excerpt":{"rendered":"<p>A Central Ailos, cooperativa de cr\u00e9dito com dezenas de unidades espalhadas pelo pa\u00eds, est\u00e1 com novas vagas de emprego abertas. Expandindo cada vez mais os seus neg\u00f3cios, a companhia est\u00e1 em busca dos seguintes profissionais para integrarem a sua equipe: Analista de Canais de Relacionamento III &#8211; Digitais e Presenciais Blumenau\/SC e Remoto;\u00a0 Analista de [&hellip;]<\/p>\n","protected":false},"author":8,"featured_media":11055,"comment_status":"open","ping_status":"closed","sticky":false,"template":"","format":"standard","meta":{"footnotes":""},"categories":[7],"tags":[603,5,37],"class_list":["post-11053","post","type-post","status-publish","format-standard","has-post-thumbnail","hentry","category-noticias","tag-603","tag-empregos","tag-vagas"],"_links":{"self":[{"href":"https:\/\/99empregos.com.br\/blog\/wp-json\/wp\/v2\/posts\/11053","targetHints":{"allow":["GET"]}}],"collection":[{"href":"https:\/\/99empregos.com.br\/blog\/wp-json\/wp\/v2\/posts"}],"about":[{"href":"https:\/\/99empregos.com.br\/blog\/wp-json\/wp\/v2\/types\/post"}],"author":[{"embeddable":true,"href":"https:\/\/99empregos.com.br\/blog\/wp-json\/wp\/v2\/users\/8"}],"replies":[{"embeddable":true,"href":"https:\/\/99empregos.com.br\/blog\/wp-json\/wp\/v2\/comments?post=11053"}],"version-history":[{"count":0,"href":"https:\/\/99empregos.com.br\/blog\/wp-json\/wp\/v2\/posts\/11053\/revisions"}],"wp:featuredmedia":[{"embeddable":true,"href":"https:\/\/99empregos.com.br\/blog\/wp-json\/wp\/v2\/media\/11055"}],"wp:attachment":[{"href":"https:\/\/99empregos.com.br\/blog\/wp-json\/wp\/v2\/media?parent=11053"}],"wp:term":[{"taxonomy":"category","embeddable":true,"href":"https:\/\/99empregos.com.br\/blog\/wp-json\/wp\/v2\/categories?post=11053"},{"taxonomy":"post_tag","embeddable":true,"href":"https:\/\/99empregos.com.br\/blog\/wp-json\/wp\/v2\/tags?post=11053"}],"curies":[{"name":"wp","href":"https:\/\/api.w.org\/{rel}","templated":true}]}}