{"id":11073,"date":"2022-12-19T05:45:04","date_gmt":"2022-12-19T08:45:04","guid":{"rendered":"https:\/\/123empregos.com.br\/?p=11073"},"modified":"2022-12-19T05:45:04","modified_gmt":"2022-12-19T08:45:04","slug":"jamef-companhia-de-logistica-abre-novas-vagas-de-emprego-confira","status":"publish","type":"post","link":"https:\/\/99empregos.com.br\/blog\/jamef-companhia-de-logistica-abre-novas-vagas-de-emprego-confira\/","title":{"rendered":"Jamef: Companhia de log\u00edstica abre novas vagas de emprego, confira"},"content":{"rendered":"<p>A Jamef, empresa de log\u00edstica com quase 60 anos de experi\u00eancia, est\u00e1 com novas <a href=\"https:\/\/99empregos.com.br\/vaga\/grupo-fleury-anuncia-vagas-de-emprego-pelo-pais\/\">vagas de emprego<\/a> abertas. Com mais de 30 filiais espalhadas por todo o pa\u00eds, a companhia segue expandindo os seus neg\u00f3cios e agora busca os seguintes profissionais:<\/p>\n<ul>\n<li><span style=\"font-weight: 400\">Ajudante de Carga Curitiba;\u00a0<\/span><\/li>\n<li><span style=\"font-weight: 400\">Ajudante de Carga Campinas;\u00a0<\/span><\/li>\n<li><span style=\"font-weight: 400\">Ajudante de Carga Ribeir\u00e3o Preto;\u00a0<\/span><\/li>\n<li><span style=\"font-weight: 400\">Ajudante de Carga Ribeir\u00e3o Preto;\u00a0<\/span><\/li>\n<li><span style=\"font-weight: 400\">Ajudante de Carga Maring\u00e1;\u00a0<\/span><\/li>\n<li><span style=\"font-weight: 400\">Ajudante de Carga Uberl\u00e2ndia;\u00a0<\/span><\/li>\n<li><span style=\"font-weight: 400\">Ajudante de Carga Londrina;\u00a0<\/span><\/li>\n<li><span style=\"font-weight: 400\">Ajudante de Carga Uberl\u00e2ndia;\u00a0<\/span><\/li>\n<li><span style=\"font-weight: 400\">Ajudante de Carga Maring\u00e1;\u00a0<\/span><\/li>\n<li><span style=\"font-weight: 400\">Ajudante de Carga Maring\u00e1;\u00a0<\/span><\/li>\n<li><span style=\"font-weight: 400\">Ajudante de Carga Blumenau;\u00a0<\/span><\/li>\n<li><span style=\"font-weight: 400\">Ajudante de Carga S\u00e3o Paulo;\u00a0<\/span><\/li>\n<li><span style=\"font-weight: 400\">Ajudante de Carga S\u00e3o Paulo;\u00a0<\/span><\/li>\n<li><span style=\"font-weight: 400\">Ajudante de Carga Ribeir\u00e3o Preto;\u00a0<\/span><\/li>\n<li><span style=\"font-weight: 400\">Ajudante de Carga Campinas;\u00a0<\/span><\/li>\n<li><span style=\"font-weight: 400\">Ajudante de Carga S\u00e3o Paulo;\u00a0<\/span><\/li>\n<li><span style=\"font-weight: 400\">Ajudante de Carga Joinville;\u00a0<\/span><\/li>\n<li><span style=\"font-weight: 400\">Ajudante de Carga Porto Alegre;\u00a0<\/span><\/li>\n<li><span style=\"font-weight: 400\">Ajudante de Carga S\u00e3o Paulo;\u00a0<\/span><\/li>\n<li><span style=\"font-weight: 400\">Ajudante de Carga S\u00e3o Paulo;\u00a0<\/span><\/li>\n<li><span style=\"font-weight: 400\">Ajudante de Carga Maring\u00e1;\u00a0<\/span><\/li>\n<li><span style=\"font-weight: 400\">Ajudante de Carga Porto Alegre;\u00a0<\/span><\/li>\n<li><span style=\"font-weight: 400\">Ajudante de Carga Curitiba;\u00a0<\/span><\/li>\n<li><span style=\"font-weight: 400\">Ajudante de Carga Blumenau;\u00a0<\/span><\/li>\n<li><span style=\"font-weight: 400\">Ajudante de Carga Bigua\u00e7u;\u00a0<\/span><\/li>\n<li><span style=\"font-weight: 400\">Analista Administrativo (Contabilidade) Contagem;\u00a0<\/span><\/li>\n<li><span style=\"font-weight: 400\">Analista Administrativo (Contas a Receber) Contagem;\u00a0<\/span><\/li>\n<li><span style=\"font-weight: 400\">Analista de Administra\u00e7\u00e3o de Pessoal S\u00e3o Paulo;\u00a0<\/span><\/li>\n<li><span style=\"font-weight: 400\">Analista de Custo Contagem;\u00a0<\/span><\/li>\n<li><span style=\"font-weight: 400\">Analista de DHO S\u00e3o Paulo;<\/span><\/li>\n<li><span style=\"font-weight: 400\">Arrumador de Carga Barueri\/SP;\u00a0<\/span><\/li>\n<li><span style=\"font-weight: 400\">Assistente Administrativo Corporativo S\u00e3o Paulo;\u00a0<\/span><\/li>\n<li><span style=\"font-weight: 400\">Assistente de Auditoria S\u00e3o Paulo;\u00a0<\/span><\/li>\n<li><span style=\"font-weight: 400\">Assistente de Cota\u00e7\u00e3o Contagem;\u00a0<\/span><\/li>\n<li><span style=\"font-weight: 400\">Assistente de SAC Campinas;\u00a0<\/span><\/li>\n<li><span style=\"font-weight: 400\">Assistente de SAC S\u00e3o Jo\u00e3o de Meriti;\u00a0<\/span><\/li>\n<li><span style=\"font-weight: 400\">Assistente Operacional Contagem;\u00a0<\/span><\/li>\n<li><span style=\"font-weight: 400\">Assistente Operacional S\u00e3o Jo\u00e3o de Meriti;\u00a0<\/span><\/li>\n<li><span style=\"font-weight: 400\">Atendente de Coleta Campinas;\u00a0<\/span><\/li>\n<li><span style=\"font-weight: 400\">Atendente de Coleta Campinas;\u00a0<\/span><\/li>\n<li><span style=\"font-weight: 400\">Atendente de SAC Campinas;\u00a0<\/span><\/li>\n<li><span style=\"font-weight: 400\">Auxiliar de CCO Porto Alegre.<\/span><\/li>\n<\/ul>\n<figure id=\"attachment_11075\" aria-describedby=\"caption-attachment-11075\" style=\"width: 1200px\" class=\"wp-caption aligncenter\"><img decoding=\"async\" class=\"size-full wp-image-11075\" src=\"https:\/\/99empregos.com.br\/wp-content\/uploads\/2022\/12\/jamef-oportunidades-2022.jpg\" alt=\"Jamef segue contratando, veja novas oportunidades. Foto: Divulga\u00e7\u00e3o\" width=\"1200\" height=\"750\" srcset=\"https:\/\/99empregos.com.br\/blog\/wp-content\/uploads\/2022\/12\/jamef-oportunidades-2022.jpg 1200w, https:\/\/99empregos.com.br\/blog\/wp-content\/uploads\/2022\/12\/jamef-oportunidades-2022-300x188.jpg 300w, https:\/\/99empregos.com.br\/blog\/wp-content\/uploads\/2022\/12\/jamef-oportunidades-2022-1024x640.jpg 1024w, https:\/\/99empregos.com.br\/blog\/wp-content\/uploads\/2022\/12\/jamef-oportunidades-2022-768x480.jpg 768w\" sizes=\"(max-width: 1200px) 100vw, 1200px\" \/><figcaption id=\"caption-attachment-11075\" class=\"wp-caption-text\">Jamef segue contratando, veja novas oportunidades. Foto: Divulga\u00e7\u00e3o<\/figcaption><\/figure>\n<h3>Mais informa\u00e7\u00f5es sobre a Jamef Transportes<\/h3>\n<p class=\"ql-align-justify\">Somos Jamef! Uma empresa especializada no transporte de cargas fracionadas que h\u00e1 quase\u00a060 anos\u00a0deixa a sua marca pelas ruas e estradas do Brasil. Estamos em todo territ\u00f3rio Nacional, de Norte a Sul do pa\u00eds, distribu\u00eddos em\u00a032 filiais.<\/p>\n<p class=\"ql-align-justify\">A gente acredita que o nosso neg\u00f3cio move o mundo e sabe que por tr\u00e1s de cada encomenda que transportamos, est\u00e1 a participa\u00e7\u00e3o de um time comprometido e focado:\u00a0a Nossa Gente. Nosso prop\u00f3sito vai muito al\u00e9m de transportar encomendas. Somos n\u00f3s, os representantes da marca de cada um dos nossos clientes, e constru\u00edmos nossos passos com colabora\u00e7\u00e3o, lealdade, integridade e \u00e9tica.<\/p>\n<p class=\"ql-align-justify\">Nosso maior patrim\u00f4nio \u00e9 quem esteve e est\u00e1 conosco escrevendo essa hist\u00f3ria. Somos uma empresa feita de gente e somamos mais de 3700 apaixonados por conectar todas as pontas do Brasil.\u00a0Na Jamef\u00a0valorizamos as diferen\u00e7as\u00a0e entendemos que elas enriquecem o ambiente de trabalho. Aqui temos\u00a0oportunidades para todos, independentemente das suas caracter\u00edsticas ou forma de ser.<\/p>\n<h3>Como se candidatar \u00e0s oportunidades de emprego<\/h3>\n<p>Se voc\u00ea encontrou uma oportunidade de emprego que se encaixa no seu perfil profissional, <a href=\"https:\/\/99empregos.com.br\/vaga\/jamef-segue-contratando-veja-novas-vagas\/\">basta clicar neste link<\/a> para se candidatar. No entanto, antes de efetivar a sua candidatura, recomendamos que fa\u00e7a uma revis\u00e3o completa e detalhada de todos os pr\u00e9-requisitos solicitados pela companhia em quest\u00e3o. Boa sorte!<\/p>\n","protected":false},"excerpt":{"rendered":"<p>A Jamef, empresa de log\u00edstica com quase 60 anos de experi\u00eancia, est\u00e1 com novas vagas de emprego abertas. Com mais de 30 filiais espalhadas por todo o pa\u00eds, a companhia segue expandindo os seus neg\u00f3cios e agora busca os seguintes profissionais: Ajudante de Carga Curitiba;\u00a0 Ajudante de Carga Campinas;\u00a0 Ajudante de Carga Ribeir\u00e3o Preto;\u00a0 Ajudante [&hellip;]<\/p>\n","protected":false},"author":8,"featured_media":11076,"comment_status":"open","ping_status":"closed","sticky":false,"template":"","format":"standard","meta":{"footnotes":""},"categories":[7],"tags":[603,5,37],"class_list":["post-11073","post","type-post","status-publish","format-standard","has-post-thumbnail","hentry","category-noticias","tag-603","tag-empregos","tag-vagas"],"_links":{"self":[{"href":"https:\/\/99empregos.com.br\/blog\/wp-json\/wp\/v2\/posts\/11073","targetHints":{"allow":["GET"]}}],"collection":[{"href":"https:\/\/99empregos.com.br\/blog\/wp-json\/wp\/v2\/posts"}],"about":[{"href":"https:\/\/99empregos.com.br\/blog\/wp-json\/wp\/v2\/types\/post"}],"author":[{"embeddable":true,"href":"https:\/\/99empregos.com.br\/blog\/wp-json\/wp\/v2\/users\/8"}],"replies":[{"embeddable":true,"href":"https:\/\/99empregos.com.br\/blog\/wp-json\/wp\/v2\/comments?post=11073"}],"version-history":[{"count":0,"href":"https:\/\/99empregos.com.br\/blog\/wp-json\/wp\/v2\/posts\/11073\/revisions"}],"wp:featuredmedia":[{"embeddable":true,"href":"https:\/\/99empregos.com.br\/blog\/wp-json\/wp\/v2\/media\/11076"}],"wp:attachment":[{"href":"https:\/\/99empregos.com.br\/blog\/wp-json\/wp\/v2\/media?parent=11073"}],"wp:term":[{"taxonomy":"category","embeddable":true,"href":"https:\/\/99empregos.com.br\/blog\/wp-json\/wp\/v2\/categories?post=11073"},{"taxonomy":"post_tag","embeddable":true,"href":"https:\/\/99empregos.com.br\/blog\/wp-json\/wp\/v2\/tags?post=11073"}],"curies":[{"name":"wp","href":"https:\/\/api.w.org\/{rel}","templated":true}]}}