{"id":11093,"date":"2022-12-19T08:52:28","date_gmt":"2022-12-19T11:52:28","guid":{"rendered":"https:\/\/123empregos.com.br\/?p=11093"},"modified":"2022-12-19T08:52:28","modified_gmt":"2022-12-19T11:52:28","slug":"plataforma-de-trabalho-antirracistas-inscricoes-programa-10-000-trainees-negros","status":"publish","type":"post","link":"https:\/\/99empregos.com.br\/blog\/plataforma-de-trabalho-antirracistas-inscricoes-programa-10-000-trainees-negros\/","title":{"rendered":"Plataforma de trabalho Antirracistas abre inscri\u00e7\u00f5es para 10.000 Trainees Negros"},"content":{"rendered":"<p>A plataforma oficial de oportunidades de trabalho Antirracistas abriu inscri\u00e7\u00f5es para a participa\u00e7\u00e3o no programa 10.000 Trainees Negros, com vagas para pessoas negras que buscam uma recoloca\u00e7\u00e3o no mercado de trabalho j\u00e1 nos primeiros dias de 2023.<\/p>\n<p>A partir de agora, talentos negros e empresas que desejarem participar do programa, podem se inscrever no portal e participar do processo de recrutamento.<\/p>\n<p><strong>Leia:\u00a0<a href=\"https:\/\/99empregos.com.br\/vigor-abre-programa-de-talentos-2023-com-com-vagas-presenciais-em-sp\/\" target=\"_blank\" rel=\"noopener\">Vigor abre Programa de Talentos 2023 com com vagas presenciais em SP<\/a><\/strong><\/p>\n<h2>Conhe\u00e7a a iniciativa de empregos para pessoas negras<\/h2>\n<p>A iniciativa \u00e9 da 99jobs e do Pacto Global da ONU no Brasil, por meio do Movimento Ra\u00e7a \u00e9 Prioridade, que busca atender as demandas propostas pelos Objetivos de Desenvolvimento Sustent\u00e1vel (ODS), com prioridade para a ODS 10 de Redu\u00e7\u00e3o das Desigualdades.<\/p>\n<p>O programa vai recrutar e capacitar para cargos de lideran\u00e7a cerca de 10 mil talentos negros em todo o Brasil nos pr\u00f3ximos cinco anos, se consolidando como a maior iniciativa de forma\u00e7\u00e3o de lideran\u00e7a negra do pa\u00eds. De acordo comEduardo Migliano,CEO e cofundador da 99jobs, a meta \u00e9 garantir a presen\u00e7a de, no m\u00ednimo, tr\u00eas mil profissionais negros em cargos de lideran\u00e7a at\u00e9 2030 nas maiores empresas do pa\u00eds.<\/p>\n<p><strong>Leia:\u00a0<a href=\"https:\/\/99empregos.com.br\/myralis-empresa-de-medicamentos-segue-contratando-veja-vagas\/\" target=\"_blank\" rel=\"noopener\">Myralis: Empresa de medicamentos segue contratando, veja vagas<\/a><\/strong><\/p>\n<h2>Inscri\u00e7\u00f5es<\/h2>\n<p>Os talentos negros interessados em participar podem se inscrever nas oportunidades listadas na plataforma. J\u00e1 as empresas interessadas em contratar os talentos do Programa em suas posi\u00e7\u00f5es de lideran\u00e7a, tamb\u00e9m devem se cadastrar na plataforma.<\/p>\n<p>Importante frisar que essa participa\u00e7\u00e3o est\u00e1 diretamente ligada \u00e0 inser\u00e7\u00e3o das empresas no Movimento Ra\u00e7a \u00e9 Prioridade. Mais informa\u00e7\u00f5es em <a href=\"https:\/\/antirracistas.99jobs.com\/vagas\" target=\"_blank\" rel=\"noopener\">https:\/\/antirracistas.99jobs.com\/vagas<\/a>\u00a0 .<\/p>\n","protected":false},"excerpt":{"rendered":"<p>A plataforma oficial de oportunidades de trabalho Antirracistas abriu inscri\u00e7\u00f5es para a participa\u00e7\u00e3o no programa 10.000 Trainees Negros, com vagas para pessoas negras que buscam uma recoloca\u00e7\u00e3o no mercado de trabalho j\u00e1 nos primeiros dias de 2023. A partir de agora, talentos negros e empresas que desejarem participar do programa, podem se inscrever no portal [&hellip;]<\/p>\n","protected":false},"author":4,"featured_media":11094,"comment_status":"open","ping_status":"closed","sticky":false,"template":"","format":"standard","meta":{"footnotes":""},"categories":[15],"tags":[],"class_list":["post-11093","post","type-post","status-publish","format-standard","has-post-thumbnail","hentry","category-vagas"],"_links":{"self":[{"href":"https:\/\/99empregos.com.br\/blog\/wp-json\/wp\/v2\/posts\/11093","targetHints":{"allow":["GET"]}}],"collection":[{"href":"https:\/\/99empregos.com.br\/blog\/wp-json\/wp\/v2\/posts"}],"about":[{"href":"https:\/\/99empregos.com.br\/blog\/wp-json\/wp\/v2\/types\/post"}],"author":[{"embeddable":true,"href":"https:\/\/99empregos.com.br\/blog\/wp-json\/wp\/v2\/users\/4"}],"replies":[{"embeddable":true,"href":"https:\/\/99empregos.com.br\/blog\/wp-json\/wp\/v2\/comments?post=11093"}],"version-history":[{"count":0,"href":"https:\/\/99empregos.com.br\/blog\/wp-json\/wp\/v2\/posts\/11093\/revisions"}],"wp:featuredmedia":[{"embeddable":true,"href":"https:\/\/99empregos.com.br\/blog\/wp-json\/wp\/v2\/media\/11094"}],"wp:attachment":[{"href":"https:\/\/99empregos.com.br\/blog\/wp-json\/wp\/v2\/media?parent=11093"}],"wp:term":[{"taxonomy":"category","embeddable":true,"href":"https:\/\/99empregos.com.br\/blog\/wp-json\/wp\/v2\/categories?post=11093"},{"taxonomy":"post_tag","embeddable":true,"href":"https:\/\/99empregos.com.br\/blog\/wp-json\/wp\/v2\/tags?post=11093"}],"curies":[{"name":"wp","href":"https:\/\/api.w.org\/{rel}","templated":true}]}}