{"id":11096,"date":"2022-12-19T08:59:02","date_gmt":"2022-12-19T11:59:02","guid":{"rendered":"https:\/\/123empregos.com.br\/?p=11096"},"modified":"2025-04-23T15:38:54","modified_gmt":"2025-04-23T18:38:54","slug":"prefeitura-abre-155-vagas-de-emprego-em-varias-areas-de-atuacao","status":"publish","type":"post","link":"https:\/\/99empregos.com.br\/blog\/prefeitura-abre-155-vagas-de-emprego-em-varias-areas-de-atuacao\/","title":{"rendered":"Prefeitura abre 155 vagas de emprego em v\u00e1rias \u00e1reas de atua\u00e7\u00e3o"},"content":{"rendered":"<p>A Prefeitura de Manaus, por meio do Sine Manaus, oferta 155 vagas de emprego em v\u00e1rias \u00e1reas de atua\u00e7\u00e3o, nesta segunda-feira, 19\/12, de 8h \u00e0s 17h.<\/p>\n<p>Essa \u00e9 uma \u00f3tima oportunidade para quem mora na regi\u00e3o e est\u00e1 em busca de uma vaga de trabalho agora nos \u00faltimos dias de 2022.<\/p>\n<p><strong>Leia tamb\u00e9m:\u00a0<a href=\"https:\/\/99empregos.com.br\/vigor-abre-programa-de-talentos-2023-com-com-vagas-presenciais-em-sp\/\" target=\"_blank\" rel=\"noopener\">Vigor abre Programa de Talentos 2023 com com vagas presenciais em SP<\/a><\/strong><\/p>\n<h2>Requisitos para participar das vagas<\/h2>\n<p>Para participar da pr\u00e9-sele\u00e7\u00e3o e concorrer a uma das vagas dispon\u00edveis, ou receber orienta\u00e7\u00e3o de Cadastro, Carteira de Trabalho Digital e Seguro-Desemprego.<\/p>\n<h2>Inscri\u00e7\u00f5es<\/h2>\n<p>O candidato precisa validar a Carteira Digital e Previd\u00eancia Social (CTPS) no aplicativo \u201cCarteira de Trabalho Digital\u201d ou acessar o site\u00a0<a href=\"https:\/\/www.gov.br\/trabalho-e-emprego\/pt-br\" target=\"_blank\" rel=\"noopener\">http:\/\/gov.br\/trabalho<\/a>\u00a0e para concorrer \u00e0s vagas, deve acessar o site\u00a0<a href=\"https:\/\/empregabrasil.mte.gov.br\/\" target=\"_blank\" rel=\"noopener\">http:\/\/empregabrasil.mte.gov.br<\/a>\u00a0para fazer a solicita\u00e7\u00e3o de cadastro.<\/p>\n<p>Os candidatos devem comparecer a um dos postos do Sine Manaus (avenida Constantino Nery, n\u00ba 1.272, bairro S\u00e3o Geraldo, zona Centro-Sul); Shopping Phelippe Daou (avenida Camapu\u00e3, n\u00ba 2.939, bairro Jorge Teixeira, zona Leste). A Semtepi informa que o atendimento no posto do shopping Phelippe Daou foi reduzido, em virtude de reforma no espa\u00e7o, orientando os cidad\u00e3os a comparecerem preferencialmente ao posto da avenida Constantino Nery.<\/p>\n<p><strong>Leia tamb\u00e9m:\u00a0Banco digital segue contratando, veja novas vagas<\/strong><\/p>\n<h2>Documentos necess\u00e1rios para o cadastro<\/h2>\n<p>Os interessados devem\u00a0estar munidos do comprovante de vacina\u00e7\u00e3o (Covid-19), curr\u00edculo e documentos pessoais (RG, CPF, PIS, CTPS, comprovante de escolaridade e resid\u00eancia). N\u00e3o \u00e9 necess\u00e1rio apresentar c\u00f3pias, somente os documentos originais.<\/p>\n","protected":false},"excerpt":{"rendered":"<p>A Prefeitura de Manaus, por meio do Sine Manaus, oferta 155 vagas de emprego em v\u00e1rias \u00e1reas de atua\u00e7\u00e3o, nesta segunda-feira, 19\/12, de 8h \u00e0s 17h. Essa \u00e9 uma \u00f3tima oportunidade para quem mora na regi\u00e3o e est\u00e1 em busca de uma vaga de trabalho agora nos \u00faltimos dias de 2022. Leia tamb\u00e9m:\u00a0Vigor abre Programa [&hellip;]<\/p>\n","protected":false},"author":4,"featured_media":10354,"comment_status":"open","ping_status":"closed","sticky":false,"template":"","format":"standard","meta":{"footnotes":""},"categories":[15],"tags":[4,37,16],"class_list":["post-11096","post","type-post","status-publish","format-standard","has-post-thumbnail","hentry","category-vagas","tag-emprego","tag-vagas","tag-vagas-de-emprego"],"_links":{"self":[{"href":"https:\/\/99empregos.com.br\/blog\/wp-json\/wp\/v2\/posts\/11096","targetHints":{"allow":["GET"]}}],"collection":[{"href":"https:\/\/99empregos.com.br\/blog\/wp-json\/wp\/v2\/posts"}],"about":[{"href":"https:\/\/99empregos.com.br\/blog\/wp-json\/wp\/v2\/types\/post"}],"author":[{"embeddable":true,"href":"https:\/\/99empregos.com.br\/blog\/wp-json\/wp\/v2\/users\/4"}],"replies":[{"embeddable":true,"href":"https:\/\/99empregos.com.br\/blog\/wp-json\/wp\/v2\/comments?post=11096"}],"version-history":[{"count":0,"href":"https:\/\/99empregos.com.br\/blog\/wp-json\/wp\/v2\/posts\/11096\/revisions"}],"wp:featuredmedia":[{"embeddable":true,"href":"https:\/\/99empregos.com.br\/blog\/wp-json\/wp\/v2\/media\/10354"}],"wp:attachment":[{"href":"https:\/\/99empregos.com.br\/blog\/wp-json\/wp\/v2\/media?parent=11096"}],"wp:term":[{"taxonomy":"category","embeddable":true,"href":"https:\/\/99empregos.com.br\/blog\/wp-json\/wp\/v2\/categories?post=11096"},{"taxonomy":"post_tag","embeddable":true,"href":"https:\/\/99empregos.com.br\/blog\/wp-json\/wp\/v2\/tags?post=11096"}],"curies":[{"name":"wp","href":"https:\/\/api.w.org\/{rel}","templated":true}]}}