{"id":11271,"date":"2022-12-19T14:10:40","date_gmt":"2022-12-19T17:10:40","guid":{"rendered":"https:\/\/123empregos.com.br\/?p=11271"},"modified":"2022-12-19T14:10:40","modified_gmt":"2022-12-19T17:10:40","slug":"grande-empresa-da-area-de-madeira-revestimentos-e-deca-tem-inscricoes-abertas-para-o-programa-de-estagio-2023-veja-as-otimas-oportunidades","status":"publish","type":"post","link":"https:\/\/99empregos.com.br\/blog\/grande-empresa-da-area-de-madeira-revestimentos-e-deca-tem-inscricoes-abertas-para-o-programa-de-estagio-2023-veja-as-otimas-oportunidades\/","title":{"rendered":"Grande empresa da \u00e1rea de madeira, revestimentos e deca tem inscri\u00e7\u00f5es abertas para o Programa de Est\u00e1gio 2023; veja as \u00f3timas oportunidades"},"content":{"rendered":"<p>A Dexco, propriet\u00e1ria de marcas renomadas, est\u00e1 com as inscri\u00e7\u00f5es abertas no <strong>Programa de Est\u00e1gio 2023<\/strong>. A inten\u00e7\u00e3o \u00e9 contratar estudantes universit\u00e1rios atuantes em v\u00e1rias \u00e1reas, conforme a localidade que for escolhida. Conhe\u00e7a mais acerca dessa oportunidade.<\/p>\n<p><strong>Assim, confira os detalhes: <a href=\"https:\/\/99empregos.com.br\/programa-de-estagio-2023-de-concessionaria-brasileira-de-ferrovias-esta-aberto-para-tres-estados-saiba-quais\/\">PROGRAMA DE EST\u00c1GIO 2023 de concession\u00e1ria brasileira de ferrovias est\u00e1 aberto para tr\u00eas estados; saiba quais<\/a><\/strong><\/p>\n<h2>Programa de est\u00e1gio 2023 da Dexco est\u00e1 com vagas abertas<\/h2>\n<p>A Dexco, companhia multineg\u00f3cios, re\u00fane algumas marcas reconhecidas, como a Portinari, Deca, Hydra, Ceusa, Durafloor e Duratex. A empresa tem um Programa de Est\u00e1gio 2023 que est\u00e1 com as inscri\u00e7\u00f5es abertas, que v\u00e3o at\u00e9 o m\u00eas de janeiro do ano que vem.<\/p>\n<p>Confira a seguir as \u00e1reas que t\u00eam vagas dispon\u00edveis, bem como suas localidades:<\/p>\n<h3>Agudos\/SP<\/h3>\n<ul>\n<li>Manuten\u00e7\u00e3o;<\/li>\n<li>Controladoria;<\/li>\n<li>Produ\u00e7\u00e3o;<\/li>\n<li>Silvicultura e Colheita;<\/li>\n<li>Qu\u00edmica.<\/li>\n<\/ul>\n<h3>Aracaju\/SE<\/h3>\n<ul>\n<li>Manuten\u00e7\u00e3o;<\/li>\n<li>Expedi\u00e7\u00e3o;<\/li>\n<li>Produ\u00e7\u00e3o \u2013 Inje\u00e7\u00e3o;<\/li>\n<li>PCP \u2013 Planejamento, Programa\u00e7\u00e3o e Controle da Produ\u00e7\u00e3o.<\/li>\n<\/ul>\n<h3>Cabo de Santo Agostinho\/PE<\/h3>\n<ul>\n<li>Excel\u00eancia operacional<\/li>\n<\/ul>\n<h3>Crici\u00fama\/SC<\/h3>\n<ul>\n<li>Meio Ambiente;<\/li>\n<li>Manuten\u00e7\u00e3o;<\/li>\n<li>Recursos Humanos;<\/li>\n<li>Planejamento Tribut\u00e1rio \u2013 TAX.<\/li>\n<\/ul>\n<h3>Itapetininga\/SP<\/h3>\n<ul>\n<li>Silvicultura e Colheita;<\/li>\n<li>Produ\u00e7\u00e3o;<\/li>\n<\/ul>\n<h3>Jo\u00e3o Pessoa\/PB<\/h3>\n<ul>\n<li>Fundi\u00e7\u00e3o;<\/li>\n<li>Custos;<\/li>\n<li>Produ\u00e7\u00e3o;<\/li>\n<li>Manuten\u00e7\u00e3o.<\/li>\n<\/ul>\n<h3>Jundia\u00ed\/SP<\/h3>\n<ul>\n<li>Recursos Humanos;<\/li>\n<li>Produ\u00e7\u00e3o;<\/li>\n<li>Excel\u00eancia Operacional.<\/li>\n<\/ul>\n<h3>Queimados \u2013 RJ<\/h3>\n<ul>\n<li>Recursos Humanos;<\/li>\n<li>Excel\u00eancia Operacional.<\/li>\n<\/ul>\n<h3>S\u00e3o Paulo\/SP<\/h3>\n<ul>\n<li>Customer Service;<\/li>\n<li>Controladoria;<\/li>\n<li>Desenvolvimento Comercial;<\/li>\n<li>Intelig\u00eancia Comercial;<\/li>\n<li>Jur\u00eddico;<\/li>\n<li>PCM \u2013 Planejamento e Controle de Materiais;<\/li>\n<li>M&amp;A;<\/li>\n<li>PCP \u2013 Planejamento, Programa\u00e7\u00e3o e Controle da Produ\u00e7\u00e3o<\/li>\n<li>Pricing;<\/li>\n<li>Trade Marketing;<\/li>\n<li>People Analytics;<\/li>\n<li>Produ\u00e7\u00e3o;<\/li>\n<li>Suprimentos;<\/li>\n<li>Recursos Humanos;<\/li>\n<li>Tecnologia da Informa\u00e7\u00e3o.<\/li>\n<\/ul>\n<h3>Taquari\/RS<\/h3>\n<ul>\n<li>Produ\u00e7\u00e3o;<\/li>\n<li>Manuten\u00e7\u00e3o.<\/li>\n<\/ul>\n<h3>Uberaba\/MG<\/h3>\n<ul>\n<li>Produ\u00e7\u00e3o MDP;<\/li>\n<li>Silvicultura e Colheita;<\/li>\n<li>Produ\u00e7\u00e3o MDF.<\/li>\n<\/ul>\n<h3>Urussanga\/SC<\/h3>\n<ul>\n<li>Produ\u00e7\u00e3o;<\/li>\n<li>Manuten\u00e7\u00e3o.<\/li>\n<\/ul>\n<h2>Requisitos para participa\u00e7\u00e3o<\/h2>\n<p>Os interessados precisam atender a todos os pr\u00e9-requisitos:<\/p>\n<ul>\n<li>Estar graduado at\u00e9 dezembro do ano de 2024. Os cursos dever\u00e3o ser de Bacharelado, conforme a \u00e1rea escolhida;<\/li>\n<li>Ter disponibilidade para trabalho na modalidade presencial no local escolhido;<\/li>\n<li>Ter ingl\u00eas a n\u00edvel intermedi\u00e1rio \u00e9 um diferencial;<\/li>\n<li>Conhecimento intermedi\u00e1rio em Excel \u00e9 diferencial para algumas \u00e1reas;<\/li>\n<li>Conhecimento em Power BI \u00e9 um diferencial para algumas \u00e1reas;<\/li>\n<li>Caso seja estrangeiro, o candidato precisa ter o visto de trabalho no Brasil.<\/li>\n<\/ul>\n<h2>Benef\u00edcios do Programa de Est\u00e1gio<\/h2>\n<p>Todos os candidatos escolhidos para estagiarem na empresa, independente do local de lota\u00e7\u00e3o, ter\u00e3o o acesso aos determinados benef\u00edcios:<\/p>\n<ul>\n<li>Bolsa aux\u00edlio com o valor compat\u00edvel com o do mercado;<\/li>\n<li>Seguro de vida;<\/li>\n<li>Assist\u00eancia odontol\u00f3gica;<\/li>\n<li>Assist\u00eancia m\u00e9dica;<\/li>\n<li>Vale-refei\u00e7\u00e3o ou a refei\u00e7\u00e3o feita no local (conforme a unidade);<\/li>\n<li>Cart\u00e3o natalino;<\/li>\n<li>Fretado ou vale-transporte (conforme itiner\u00e1rio dispon\u00edvel ou conforme a unidade);<\/li>\n<li>Plataforma com parcerias e % de desconto em servi\u00e7os e produtos;<\/li>\n<li>Desconto nos produtos do portf\u00f3lio da Dexco.<\/li>\n<\/ul>\n<p>As inscri\u00e7\u00f5es do Programa de Est\u00e1gio 2023 est\u00e3o abertas at\u00e9 o dia 10 de janeiro de 2023. Elas podem ser feitas atrav\u00e9s do site oficial do programa.<\/p>\n<p>E se voc\u00ea procura por outras vagas de trabalho, o 123 Empregos pode te ajudar. Acesse diariamente as melhores oportunidades e n\u00e3o se esque\u00e7a de ler os outros artigos do blog, que podem ajudar muito a se manter bem no mercado de trabalho.<\/p>\n<p><strong>Dessa forma, n\u00e3o deixe de ler: <a href=\"https:\/\/99empregos.com.br\/programa-de-estagio-2023-da-logicalis-inscricoes-abertas-ate-09-de-dezembro\/\">Programa de Est\u00e1gio 2023 da Logicalis: inscri\u00e7\u00f5es abertas at\u00e9 09 de dezembro<\/a><\/strong><\/p>\n<div id=\"icpbravoaccess_loaded\"><\/div>\n","protected":false},"excerpt":{"rendered":"<p>A Dexco, propriet\u00e1ria de marcas renomadas, est\u00e1 com as inscri\u00e7\u00f5es abertas no Programa de Est\u00e1gio 2023. A inten\u00e7\u00e3o \u00e9 contratar estudantes universit\u00e1rios atuantes em v\u00e1rias \u00e1reas, conforme a localidade que for escolhida. Conhe\u00e7a mais acerca dessa oportunidade. Assim, confira os detalhes: PROGRAMA DE EST\u00c1GIO 2023 de concession\u00e1ria brasileira de ferrovias est\u00e1 aberto para tr\u00eas estados; [&hellip;]<\/p>\n","protected":false},"author":3,"featured_media":11274,"comment_status":"open","ping_status":"closed","sticky":false,"template":"","format":"standard","meta":{"footnotes":""},"categories":[15],"tags":[27,602,32],"class_list":["post-11271","post","type-post","status-publish","format-standard","has-post-thumbnail","hentry","category-vagas","tag-estagiario","tag-programa-de-estagio-2023","tag-vaga-de-estagio"],"_links":{"self":[{"href":"https:\/\/99empregos.com.br\/blog\/wp-json\/wp\/v2\/posts\/11271","targetHints":{"allow":["GET"]}}],"collection":[{"href":"https:\/\/99empregos.com.br\/blog\/wp-json\/wp\/v2\/posts"}],"about":[{"href":"https:\/\/99empregos.com.br\/blog\/wp-json\/wp\/v2\/types\/post"}],"author":[{"embeddable":true,"href":"https:\/\/99empregos.com.br\/blog\/wp-json\/wp\/v2\/users\/3"}],"replies":[{"embeddable":true,"href":"https:\/\/99empregos.com.br\/blog\/wp-json\/wp\/v2\/comments?post=11271"}],"version-history":[{"count":0,"href":"https:\/\/99empregos.com.br\/blog\/wp-json\/wp\/v2\/posts\/11271\/revisions"}],"wp:featuredmedia":[{"embeddable":true,"href":"https:\/\/99empregos.com.br\/blog\/wp-json\/wp\/v2\/media\/11274"}],"wp:attachment":[{"href":"https:\/\/99empregos.com.br\/blog\/wp-json\/wp\/v2\/media?parent=11271"}],"wp:term":[{"taxonomy":"category","embeddable":true,"href":"https:\/\/99empregos.com.br\/blog\/wp-json\/wp\/v2\/categories?post=11271"},{"taxonomy":"post_tag","embeddable":true,"href":"https:\/\/99empregos.com.br\/blog\/wp-json\/wp\/v2\/tags?post=11271"}],"curies":[{"name":"wp","href":"https:\/\/api.w.org\/{rel}","templated":true}]}}