{"id":11376,"date":"2022-12-20T06:40:41","date_gmt":"2022-12-20T09:40:41","guid":{"rendered":"https:\/\/123empregos.com.br\/?p=11376"},"modified":"2022-12-20T06:40:41","modified_gmt":"2022-12-20T09:40:41","slug":"spani-rede-de-supermercados-abre-novas-vagas-confira","status":"publish","type":"post","link":"https:\/\/99empregos.com.br\/blog\/spani-rede-de-supermercados-abre-novas-vagas-confira\/","title":{"rendered":"Spani: Rede de supermercados abre novas vagas, confira"},"content":{"rendered":"<p>A Spani Atacadista, rede de supermercados que iniciou suas opera\u00e7\u00f5es no in\u00edcio de 2004, est\u00e1 com <a href=\"https:\/\/99empregos.com.br\/vaga\/fcc-divulga-vagas-de-emprego-pelo-pais\/\">novas vagas<\/a> de emprego abertas. Com mais de 5 mil colaboradores, a companhia segue expandindo os seus neg\u00f3cios e agora precisa dos seguintes profissionais para integrarem a sua equipe:<\/p>\n<ul>\n<li><span style=\"font-weight: 400\">A\u00e7ougueiro S\u00c3O CARLOS\/SP;\u00a0<\/span><\/li>\n<li><span style=\"font-weight: 400\">A\u00e7ougueiro Cajamar;\u00a0<\/span><\/li>\n<li><span style=\"font-weight: 400\">A\u00e7ougueiro Atibaia\/SP;\u00a0<\/span><\/li>\n<li><span style=\"font-weight: 400\">A\u00e7ougueiro S\u00e3o Jos\u00e9 dos Campos;\u00a0<\/span><\/li>\n<li><span style=\"font-weight: 400\">A\u00e7ougueiro Americana\/SP;\u00a0<\/span><\/li>\n<li><span style=\"font-weight: 400\">A\u00e7ougueiro Pindamonhangaba;\u00a0<\/span><\/li>\n<li><span style=\"font-weight: 400\">A\u00e7ougueiro Bragan\u00e7a Paulista\/SP;\u00a0<\/span><\/li>\n<li><span style=\"font-weight: 400\">A\u00e7ougueiro Volta Redonda\/RJ;\u00a0<\/span><\/li>\n<li><span style=\"font-weight: 400\">A\u00e7ougueiro Bragan\u00e7a Paulista;\u00a0<\/span><\/li>\n<li><span style=\"font-weight: 400\">A\u00e7ougueiro Tatu\u00ed\/SP;\u00a0<\/span><\/li>\n<li><span style=\"font-weight: 400\">A\u00e7ougueiro Mar\u00edlia;\u00a0<\/span><\/li>\n<li><span style=\"font-weight: 400\">A\u00e7ougueiro Bauru;\u00a0<\/span><\/li>\n<li><span style=\"font-weight: 400\">A\u00e7ougueiro S\u00e3o Paulo\/SP;\u00a0<\/span><\/li>\n<li><span style=\"font-weight: 400\">A\u00e7ougueiro \/ CAIUBY Itaquaquecetuba\/SP;\u00a0<\/span><\/li>\n<li><span style=\"font-weight: 400\">A\u00e7ougueiro (C\u00d3PIA) Itapetininga;\u00a0<\/span><\/li>\n<li><span style=\"font-weight: 400\">A\u00e7ougueiro- V\u00e1rzea Pta. V\u00e1rzea Paulista;<\/span><\/li>\n<li><span style=\"font-weight: 400\">A\u00e7ougueiro &#8211; Vila Prudente S\u00e3o Paulo\/SP;\u00a0<\/span><\/li>\n<li><span style=\"font-weight: 400\">Auxiliar de A\u00e7ougue;\u00a0<\/span><\/li>\n<li><span style=\"font-weight: 400\">Auxiliar de Cozinha S\u00e3o Jos\u00e9 dos Campos;\u00a0<\/span><\/li>\n<li><span style=\"font-weight: 400\">Auxiliar de Cozinha- V\u00e1rzea Pta. V\u00e1rzea paulista;<\/span><\/li>\n<li><span style=\"font-weight: 400\">Auxiliar de Manuten\u00e7\u00e3o S\u00e3o Jo\u00e3o da Boa Vista\/SP;\u00a0<\/span><\/li>\n<li><span style=\"font-weight: 400\">Auxiliar de Manuten\u00e7\u00e3o &#8211; Butant\u00e3 S\u00e3o Paulo;<\/span><\/li>\n<li><span style=\"font-weight: 400\">Auxiliar de Preven\u00e7\u00e3o de Perdas S\u00e3o Paulo\/SP;\u00a0<\/span><\/li>\n<li><span style=\"font-weight: 400\">Auxiliar de Preven\u00e7\u00e3o de Perdas Bragan\u00e7a Paulista;<\/span><\/li>\n<li><span style=\"font-weight: 400\">Auxiliar de Vendas Cajamar;<\/span><\/li>\n<li><span style=\"font-weight: 400\">Auxiliar de Vendas- Cajamar;\u00a0<\/span><\/li>\n<li><span style=\"font-weight: 400\">Auxiliar de Vendas- V\u00e1rzea Paulista;\u00a0<\/span><\/li>\n<li><span style=\"font-weight: 400\">Banco de Talentos &#8211; Gerente de Loja Taubat\u00e9\/SP;\u00a0<\/span><\/li>\n<li><span style=\"font-weight: 400\">Cartazista Jacare\u00ed;<\/span><\/li>\n<li><span style=\"font-weight: 400\">Coordenador de Opera\u00e7\u00f5es\/ Spani Parelheiros;\u00a0<\/span><\/li>\n<li><span style=\"font-weight: 400\">Cozinheiro(a) S\u00e3o Paulo;<\/span><\/li>\n<li><span style=\"font-weight: 400\">Empacotador S\u00e3o Jos\u00e9 dos Campos;\u00a0<\/span><\/li>\n<li><span style=\"font-weight: 400\">Fiscal de Preven\u00e7\u00e3o de Perdas Bragan\u00e7a Paulista\/SP;\u00a0<\/span><\/li>\n<li><span style=\"font-weight: 400\">Fiscal de Preven\u00e7\u00e3o de Perdas Atibaia\/SP;\u00a0<\/span><\/li>\n<li><span style=\"font-weight: 400\">Fiscal de Preven\u00e7\u00e3o de Perdas S\u00e3o Jos\u00e9 dos Campos;<\/span><\/li>\n<li><span style=\"font-weight: 400\">Fiscal de Preven\u00e7\u00e3o de Perdas Lorena;\u00a0<\/span><\/li>\n<li><span style=\"font-weight: 400\">Fiscal de Preven\u00e7\u00e3o de Perdas Diadema.<\/span><\/li>\n<\/ul>\n<figure id=\"attachment_11378\" aria-describedby=\"caption-attachment-11378\" style=\"width: 1200px\" class=\"wp-caption aligncenter\"><img decoding=\"async\" class=\"size-full wp-image-11378\" src=\"https:\/\/99empregos.com.br\/wp-content\/uploads\/2022\/12\/spani-vagas-2022.jpg\" alt=\"Spani abre novas vagas de emprego, confira lista atualizada. Foto: Divulga\u00e7\u00e3o\" width=\"1200\" height=\"750\" srcset=\"https:\/\/99empregos.com.br\/blog\/wp-content\/uploads\/2022\/12\/spani-vagas-2022.jpg 1200w, https:\/\/99empregos.com.br\/blog\/wp-content\/uploads\/2022\/12\/spani-vagas-2022-300x188.jpg 300w, https:\/\/99empregos.com.br\/blog\/wp-content\/uploads\/2022\/12\/spani-vagas-2022-1024x640.jpg 1024w, https:\/\/99empregos.com.br\/blog\/wp-content\/uploads\/2022\/12\/spani-vagas-2022-768x480.jpg 768w\" sizes=\"(max-width: 1200px) 100vw, 1200px\" \/><figcaption id=\"caption-attachment-11378\" class=\"wp-caption-text\">Spani abre novas vagas de emprego, confira lista atualizada. Foto: Divulga\u00e7\u00e3o<\/figcaption><\/figure>\n<h3>Mais informa\u00e7\u00f5es sobre a Spani Atacadista<\/h3>\n<p>No in\u00edcio de 2004 foi a vez do Spani Atacadista iniciar suas opera\u00e7\u00f5es, com lojas nas cidades paulistas de Guaratinguet\u00e1 e Mogi das Cruzes. Em 2017 aconteceu a maior expans\u00e3o do Grupo, com a inaugura\u00e7\u00e3o de 14 lojas Spani Atacadista.<\/p>\n<p>Com mais de 5 mil colaboradores atuando em nossas unidades, pregamos um ambiente de trabalho \u00e9tico e com oportunidades de crescimento, valorizando todos que se dedicam diariamente em busca da melhoria cont\u00ednua, procurando alcan\u00e7ar a excel\u00eancia em todos os n\u00edveis. N\u00f3s queremos buscar, por meio de excel\u00eancia na opera\u00e7\u00e3o, o melhor resultado para todos os envolvidos, tornando-se a melhor escolha de compra para nossos clientes.<\/p>\n<h3>Como se candidatar \u00e0s oportunidades<\/h3>\n<p>Se voc\u00ea encontrou uma vaga de emprego que se encaixa no seu perfil profissional, <a href=\"https:\/\/99empregos.com.br\/vaga\/spani-atacadista-segue-contratando-veja-novas-vagas\/\">basta clicar neste link<\/a> para se candidatar. No entanto, antes de efetivar a sua inscri\u00e7\u00e3o, recomendamos que fa\u00e7a uma revis\u00e3o completa e detalhada de todos os pr\u00e9-requisitos solicitados pela companhia. Boa sorte!<\/p>\n","protected":false},"excerpt":{"rendered":"<p>A Spani Atacadista, rede de supermercados que iniciou suas opera\u00e7\u00f5es no in\u00edcio de 2004, est\u00e1 com novas vagas de emprego abertas. Com mais de 5 mil colaboradores, a companhia segue expandindo os seus neg\u00f3cios e agora precisa dos seguintes profissionais para integrarem a sua equipe: A\u00e7ougueiro S\u00c3O CARLOS\/SP;\u00a0 A\u00e7ougueiro Cajamar;\u00a0 A\u00e7ougueiro Atibaia\/SP;\u00a0 A\u00e7ougueiro S\u00e3o Jos\u00e9 [&hellip;]<\/p>\n","protected":false},"author":8,"featured_media":11379,"comment_status":"open","ping_status":"closed","sticky":false,"template":"","format":"standard","meta":{"footnotes":""},"categories":[7],"tags":[603,5,37],"class_list":["post-11376","post","type-post","status-publish","format-standard","has-post-thumbnail","hentry","category-noticias","tag-603","tag-empregos","tag-vagas"],"_links":{"self":[{"href":"https:\/\/99empregos.com.br\/blog\/wp-json\/wp\/v2\/posts\/11376","targetHints":{"allow":["GET"]}}],"collection":[{"href":"https:\/\/99empregos.com.br\/blog\/wp-json\/wp\/v2\/posts"}],"about":[{"href":"https:\/\/99empregos.com.br\/blog\/wp-json\/wp\/v2\/types\/post"}],"author":[{"embeddable":true,"href":"https:\/\/99empregos.com.br\/blog\/wp-json\/wp\/v2\/users\/8"}],"replies":[{"embeddable":true,"href":"https:\/\/99empregos.com.br\/blog\/wp-json\/wp\/v2\/comments?post=11376"}],"version-history":[{"count":0,"href":"https:\/\/99empregos.com.br\/blog\/wp-json\/wp\/v2\/posts\/11376\/revisions"}],"wp:featuredmedia":[{"embeddable":true,"href":"https:\/\/99empregos.com.br\/blog\/wp-json\/wp\/v2\/media\/11379"}],"wp:attachment":[{"href":"https:\/\/99empregos.com.br\/blog\/wp-json\/wp\/v2\/media?parent=11376"}],"wp:term":[{"taxonomy":"category","embeddable":true,"href":"https:\/\/99empregos.com.br\/blog\/wp-json\/wp\/v2\/categories?post=11376"},{"taxonomy":"post_tag","embeddable":true,"href":"https:\/\/99empregos.com.br\/blog\/wp-json\/wp\/v2\/tags?post=11376"}],"curies":[{"name":"wp","href":"https:\/\/api.w.org\/{rel}","templated":true}]}}