{"id":11406,"date":"2022-12-20T07:35:07","date_gmt":"2022-12-20T10:35:07","guid":{"rendered":"https:\/\/123empregos.com.br\/?p=11406"},"modified":"2022-12-20T07:35:07","modified_gmt":"2022-12-20T10:35:07","slug":"grupo-ebd-rede-de-distribuicao-abre-novas-vagas-confira-lista","status":"publish","type":"post","link":"https:\/\/99empregos.com.br\/blog\/grupo-ebd-rede-de-distribuicao-abre-novas-vagas-confira-lista\/","title":{"rendered":"Grupo EBD: Rede de distribui\u00e7\u00e3o abre novas vagas, confira lista"},"content":{"rendered":"<p>O Grupo EBD segue com <a href=\"https:\/\/99empregos.com.br\/vaga\/fortlev-anuncia-vagas-de-emprego-pelo-brasil\/\">vagas de emprego<\/a> abertas por todo o pa\u00eds. Com mais de 40 anos de experi\u00eancia no mercado de trabalho, a companhia continua em processo de franca expans\u00e3o pelo territ\u00f3rio brasileiro e agora precisa dos seguintes profissionais para integrarem a sua equipe:<\/p>\n<ul>\n<li><span style=\"font-weight: 400\">Ajudante de Log\u00edstica | Fortaleza Aquiraz\/CE;\u00a0<\/span><\/li>\n<li><span style=\"font-weight: 400\">Ajudante de Log\u00edstica | Manaus\/AM;\u00a0<\/span><\/li>\n<li><span style=\"font-weight: 400\">Ajudante de Log\u00edstica Noturno &#8211; PCD | EBD Petrolina\/PE;\u00a0<\/span><\/li>\n<li><span style=\"font-weight: 400\">Ajudante de Log\u00edstica | Petrolina\/PE;\u00a0<\/span><\/li>\n<li><span style=\"font-weight: 400\">Ajudante de Log\u00edstica | S\u00e3o Lu\u00eds\/MA;\u00a0<\/span><\/li>\n<li><span style=\"font-weight: 400\">Ajudante de Motorista | Caruaru\/PE;\u00a0<\/span><\/li>\n<li><span style=\"font-weight: 400\">Ajudante de Motorista | Caruaru\/PE;\u00a0<\/span><\/li>\n<li><span style=\"font-weight: 400\">Ajudante de Motorista | Manaus\/AM;\u00a0<\/span><\/li>\n<li><span style=\"font-weight: 400\">Analista de Vendas | S\u00e3o Lu\u00eds\/MA;\u00a0<\/span><\/li>\n<li><span style=\"font-weight: 400\">Analista de Vendas | S\u00e3o Lu\u00eds\/MA;\u00a0<\/span><\/li>\n<li><span style=\"font-weight: 400\">Assistente de T.I | Ananindeua\/PA;\u00a0<\/span><\/li>\n<li><span style=\"font-weight: 400\">Assistente Fiscal | Ananindeua\/PA;\u00a0<\/span><\/li>\n<li><span style=\"font-weight: 400\">Auxiliar de Log\u00edstica | Boa Vista\/RR;\u00a0<\/span><\/li>\n<li><span style=\"font-weight: 400\">Auxiliar de Log\u00edstica | Imperatriz\/MA;\u00a0<\/span><\/li>\n<li><span style=\"font-weight: 400\">Banco de talentos Promotor (a) de Merchandising | Macap\u00e1\/AP;\u00a0<\/span><\/li>\n<li><span style=\"font-weight: 400\">Banco de Talentos Vendedor (a) Externo | Macap\u00e1-AP;\u00a0<\/span><\/li>\n<li><span style=\"font-weight: 400\">Banco de talentos Jovem Aprendiz &#8211; Comercial | S\u00e3o Gon\u00e7alo\/RJ;\u00a0<\/span><\/li>\n<li><span style=\"font-weight: 400\">Jovem Aprendiz &#8211; Comercial | S\u00c3O GON\u00c7ALO S\u00e3o Gon\u00e7alo\/RJ;\u00a0<\/span><\/li>\n<li><span style=\"font-weight: 400\">Jovem Aprendiz &#8211; Comercial | S\u00e3o Lu\u00eds\/MA;\u00a0<\/span><\/li>\n<li><span style=\"font-weight: 400\">Jovem Aprendiz | Guarulhos\/SP;\u00a0<\/span><\/li>\n<li><span style=\"font-weight: 400\">Jovem Aprendiz &#8211; Log\u00edstica | Ananindeua\/PA;\u00a0<\/span><\/li>\n<li><span style=\"font-weight: 400\">Jovem Aprendiz &#8211; RH | Aquiraz\/CE;\u00a0<\/span><\/li>\n<li><span style=\"font-weight: 400\">Motorista de Caminh\u00e3o | Boa Vista\/RR;\u00a0<\/span><\/li>\n<li><span style=\"font-weight: 400\">Motorista de Caminh\u00e3o | Fortaleza Aquiraz\/CE;\u00a0<\/span><\/li>\n<li><span style=\"font-weight: 400\">Motorista | Santar\u00e9m\/PA;\u00a0<\/span><\/li>\n<li><span style=\"font-weight: 400\">Promotor (a) de Merchandising | Bel\u00e9m Ananindeua\/PA;\u00a0<\/span><\/li>\n<li><span style=\"font-weight: 400\">Promotor (a) de Merchandising | Caruaru e Regi\u00e3o Caruaru\/PE;\u00a0<\/span><\/li>\n<li><span style=\"font-weight: 400\">Promotor (a) de Merchandising | Castanhal Castanhal\/PA;\u00a0<\/span><\/li>\n<li><span style=\"font-weight: 400\">Promotor (a) de Merchandising | Itacoatiara Manaus\/AM;\u00a0<\/span><\/li>\n<li><span style=\"font-weight: 400\">Promotor (a) de Merchandising | Manaus Manaus\/AM;\u00a0<\/span><\/li>\n<li><span style=\"font-weight: 400\">Promotor (a) de Merchandising | Manaus Manaus\/AM;\u00a0<\/span><\/li>\n<li><span style=\"font-weight: 400\">Promotor (a) de Merchandising | Santa Cruz do Capibaribe e Regi\u00e3o Caruaru\/PE;\u00a0<\/span><\/li>\n<li><span style=\"font-weight: 400\">Supervisor de Vendas S\u00e3o Lu\u00eds\/MA.<\/span><\/li>\n<\/ul>\n<figure id=\"attachment_11411\" aria-describedby=\"caption-attachment-11411\" style=\"width: 1200px\" class=\"wp-caption aligncenter\"><img decoding=\"async\" class=\"size-full wp-image-11411\" src=\"https:\/\/99empregos.com.br\/wp-content\/uploads\/2022\/12\/grupo-ebd-vagas.jpg\" alt=\"Grupo EBD abre novas vagas de emprego, veja as oportunidades. Foto: Divulga\u00e7\u00e3o\" width=\"1200\" height=\"750\" srcset=\"https:\/\/99empregos.com.br\/blog\/wp-content\/uploads\/2022\/12\/grupo-ebd-vagas.jpg 1200w, https:\/\/99empregos.com.br\/blog\/wp-content\/uploads\/2022\/12\/grupo-ebd-vagas-300x188.jpg 300w, https:\/\/99empregos.com.br\/blog\/wp-content\/uploads\/2022\/12\/grupo-ebd-vagas-1024x640.jpg 1024w, https:\/\/99empregos.com.br\/blog\/wp-content\/uploads\/2022\/12\/grupo-ebd-vagas-768x480.jpg 768w\" sizes=\"(max-width: 1200px) 100vw, 1200px\" \/><figcaption id=\"caption-attachment-11411\" class=\"wp-caption-text\">Grupo EBD abre novas vagas de emprego, veja as oportunidades. Foto: Divulga\u00e7\u00e3o<\/figcaption><\/figure>\n<h3>Mais informa\u00e7\u00f5es sobre o Grupo EBD<\/h3>\n<p>Em 1977 nasceu em Ananindeua \u2013 Par\u00e1, a Empresa Brasileira de Distribui\u00e7\u00e3o Ltda. (EBD), hoje presente em 9 estados do Brasil, sendo uma das maiores empresas de distribui\u00e7\u00e3o do pa\u00eds. Desde a sua funda\u00e7\u00e3o, a EBD atua para ser uma grande parceira das ind\u00fastrias, atuando em todas as etapas do ciclo de venda, desde o armazenamento, a venda propriamente, a distribui\u00e7\u00e3o dos produtos e a execu\u00e7\u00e3o no ponto de venda, sempre com foco nas estrat\u00e9gias alinhadas com os parceiros.<\/p>\n<p>Em 1995, visando novos caminhos nos neg\u00f3cios, o Grupo EBD ingressou no setor automotivo, com comercializa\u00e7\u00e3o da marca Fiat \u2013 expandindo sua atua\u00e7\u00e3o, hoje em 5 estados do Brasil, contando com a parceria de mais cinco das principais montadoras do mercado, Ford, Hyundai, Toyota, Jeep, BMW e Dodge. O Grupo EBD tamb\u00e9m atua no agroneg\u00f3cio, com atua\u00e7\u00e3o em pecu\u00e1ria de corte, mas com foco principal no \u00e2mbito sustent\u00e1vel, pautado no respeito \u00e0 natureza e aos trabalhadores do campo, por meio de a\u00e7\u00f5es sustent\u00e1veis que geram o bem-estar de todo o ecossistema.<\/p>\n<h3>Como se candidatar<\/h3>\n<p>Se voc\u00ea encontrou uma oportunidade de emprego que se encaixa no seu perfil profissional, <a href=\"https:\/\/99empregos.com.br\/vaga\/grupo-ebd-abre-novas-vagas-de-emprego-confira\/\">basta clicar neste link<\/a> para se candidatar. No entanto, antes de efetivar a inscri\u00e7\u00e3o, recomendamos que fa\u00e7a uma revis\u00e3o completa de todos os pr\u00e9-requisitos solicitados pela companhia. Boa sorte!<\/p>\n","protected":false},"excerpt":{"rendered":"<p>O Grupo EBD segue com vagas de emprego abertas por todo o pa\u00eds. Com mais de 40 anos de experi\u00eancia no mercado de trabalho, a companhia continua em processo de franca expans\u00e3o pelo territ\u00f3rio brasileiro e agora precisa dos seguintes profissionais para integrarem a sua equipe: Ajudante de Log\u00edstica | Fortaleza Aquiraz\/CE;\u00a0 Ajudante de Log\u00edstica [&hellip;]<\/p>\n","protected":false},"author":8,"featured_media":11410,"comment_status":"open","ping_status":"closed","sticky":false,"template":"","format":"standard","meta":{"footnotes":""},"categories":[7],"tags":[603,778,37],"class_list":["post-11406","post","type-post","status-publish","format-standard","has-post-thumbnail","hentry","category-noticias","tag-603","tag-novas-oportunidades","tag-vagas"],"_links":{"self":[{"href":"https:\/\/99empregos.com.br\/blog\/wp-json\/wp\/v2\/posts\/11406","targetHints":{"allow":["GET"]}}],"collection":[{"href":"https:\/\/99empregos.com.br\/blog\/wp-json\/wp\/v2\/posts"}],"about":[{"href":"https:\/\/99empregos.com.br\/blog\/wp-json\/wp\/v2\/types\/post"}],"author":[{"embeddable":true,"href":"https:\/\/99empregos.com.br\/blog\/wp-json\/wp\/v2\/users\/8"}],"replies":[{"embeddable":true,"href":"https:\/\/99empregos.com.br\/blog\/wp-json\/wp\/v2\/comments?post=11406"}],"version-history":[{"count":0,"href":"https:\/\/99empregos.com.br\/blog\/wp-json\/wp\/v2\/posts\/11406\/revisions"}],"wp:featuredmedia":[{"embeddable":true,"href":"https:\/\/99empregos.com.br\/blog\/wp-json\/wp\/v2\/media\/11410"}],"wp:attachment":[{"href":"https:\/\/99empregos.com.br\/blog\/wp-json\/wp\/v2\/media?parent=11406"}],"wp:term":[{"taxonomy":"category","embeddable":true,"href":"https:\/\/99empregos.com.br\/blog\/wp-json\/wp\/v2\/categories?post=11406"},{"taxonomy":"post_tag","embeddable":true,"href":"https:\/\/99empregos.com.br\/blog\/wp-json\/wp\/v2\/tags?post=11406"}],"curies":[{"name":"wp","href":"https:\/\/api.w.org\/{rel}","templated":true}]}}