{"id":13375,"date":"2023-01-03T07:37:50","date_gmt":"2023-01-03T10:37:50","guid":{"rendered":"https:\/\/123empregos.com.br\/?p=13375"},"modified":"2025-04-30T16:05:50","modified_gmt":"2025-04-30T19:05:50","slug":"multinacional-de-manufatura-textil-segue-contratando-veja-novas-vagas","status":"publish","type":"post","link":"https:\/\/99empregos.com.br\/blog\/multinacional-de-manufatura-textil-segue-contratando-veja-novas-vagas\/","title":{"rendered":"Multinacional de manufatura t\u00eaxtil segue contratando, veja novas vagas"},"content":{"rendered":"<p>A Kordsa, empresa multinacional que trabalha diretamente no segmento de manufatura t\u00eaxtil, segue com <a href=\"https:\/\/99empregos.com.br\/bh-abre-diversas-vagas-de-emprego-com-salario-de-ate-r-3-mil\/\">vagas de emprego<\/a> abertas no estado da Bahia. Expandindo cada vez mais os seus investimentos, a companhia agora est\u00e1 em busca dos seguintes profissionais para integrarem a sua equipe:<\/p>\n<ul>\n<li><span style=\"font-weight: 400\">Analista de Com\u00e9rcio Exterior Cama\u00e7ari\/BA e Remoto;\u00a0<\/span><\/li>\n<li><span style=\"font-weight: 400\">Analista de Custos Cama\u00e7ari\/BA;\u00a0<\/span><\/li>\n<li><span style=\"font-weight: 400\">Analista de PCP Trainee Cama\u00e7ari\/BA;\u00a0<\/span><\/li>\n<li><span style=\"font-weight: 400\">Analista de Sistemas &#8211; Jr. Cama\u00e7ari\/BA;\u00a0<\/span><\/li>\n<li><span style=\"font-weight: 400\">BANCO DE TALENTOS &#8211; Jovem Aprendiz Cama\u00e7ari\/BA;<\/span><\/li>\n<li><span style=\"font-weight: 400\">BANCO DE TALENTOS &#8211; Operador (a) de Produ\u00e7\u00e3o Cama\u00e7ari\/BA;\u00a0<\/span><\/li>\n<li><span style=\"font-weight: 400\">BANCO DE TALENTOS &#8211; PCD (Pessoa com Defici\u00eancia) Cama\u00e7ari\/BA;\u00a0<\/span><\/li>\n<li><span style=\"font-weight: 400\">Est\u00e1gio T\u00e9cnico em Mec\u00e2nica Cama\u00e7ari\/BA;\u00a0<\/span><\/li>\n<li><span style=\"font-weight: 400\">L\u00edder de Log\u00edstica Cama\u00e7ari\/BA;\u00a0<\/span><\/li>\n<li><span style=\"font-weight: 400\">Programa de Est\u00e1gio 2023 Cama\u00e7ari\/BA;\u00a0<\/span><\/li>\n<li><span style=\"font-weight: 400\">T\u00e9cnico de Laborat\u00f3rio (T\u00e9cnico em Qu\u00edmica) &#8211; VAGA EXCLUSIVA PARA PCDs Cama\u00e7ari\/BA;\u00a0<\/span><\/li>\n<li><span style=\"font-weight: 400\">T\u00e9cnico de Manufatura\/Produ\u00e7\u00e3o Cama\u00e7ari\/BA.<\/span><\/li>\n<\/ul>\n<figure id=\"attachment_13378\" aria-describedby=\"caption-attachment-13378\" style=\"width: 1200px\" class=\"wp-caption aligncenter\"><img decoding=\"async\" class=\"size-full wp-image-13378\" src=\"https:\/\/99empregos.com.br\/wp-content\/uploads\/2023\/01\/kordsa-vagas-2022.jpg\" alt=\"Kordsa segue com vagas de emprego abertas, confira. Foto: Divulga\u00e7\u00e3o\" width=\"1200\" height=\"750\" srcset=\"https:\/\/99empregos.com.br\/blog\/wp-content\/uploads\/2023\/01\/kordsa-vagas-2022.jpg 1200w, https:\/\/99empregos.com.br\/blog\/wp-content\/uploads\/2023\/01\/kordsa-vagas-2022-300x188.jpg 300w, https:\/\/99empregos.com.br\/blog\/wp-content\/uploads\/2023\/01\/kordsa-vagas-2022-1024x640.jpg 1024w, https:\/\/99empregos.com.br\/blog\/wp-content\/uploads\/2023\/01\/kordsa-vagas-2022-768x480.jpg 768w\" sizes=\"(max-width: 1200px) 100vw, 1200px\" \/><figcaption id=\"caption-attachment-13378\" class=\"wp-caption-text\">Kordsa segue com vagas de emprego abertas, confira. Foto: Divulga\u00e7\u00e3o<\/figcaption><\/figure>\n<h3>Mais informa\u00e7\u00f5es sobre a Kordsa<\/h3>\n<p class=\"ql-align-justify\"><a href=\"https:\/\/kordsa.com\/tr\" target=\"_blank\" rel=\"noopener\">Kordsa\u00a0<\/a>\u00e9 uma ind\u00fastria multinacional de manufatura t\u00eaxtil\u00a0l\u00edder mundial na produ\u00e7\u00e3o de refor\u00e7os, como fibras nylon e poli\u00e9ster de alta tenacidade, comp\u00f3sitos e fibras sint\u00e9ticas. Ou seja, nossa matriz est\u00e1 presente na Turquia e temos unidades industriais em 5 diferentes pa\u00edses.<\/p>\n<p class=\"ql-align-justify\">Somos conhecidos como\u00a0&#8220;The Reinforcer&#8221;, gra\u00e7as \u00e0 nossa forte presen\u00e7a global, nossa lideran\u00e7a tecnol\u00f3gica e mais de 45 anos de experi\u00eancia no mercado de tecnologia para refor\u00e7o.<\/p>\n<p class=\"ql-align-justify\">Desde 2015 somos reconhecidos como uma das melhores empresas para trabalhar no Brasil. Em 2019 conquistamos o pr\u00eamio de\u00a0\u201cO Melhor Lugar para Trabalhar no Brasil\u201d\u00a0pela Revista Voc\u00ea S\/A e em 2020 fomos reconhecidos como\u00a0\u201cLugar Mais Incr\u00edvel para Trabalhar\u201d\u00a0pela FIA UOL.<\/p>\n<p>Portanto, nosso princ\u00edpio \u00e9 ter Inclus\u00e3o e Diversidade\u00a0em nosso neg\u00f3cio, por isso todas as pessoas qualificadas ser\u00e3o consideradas para as vagas. O que une as pessoas \u00e9\u00a0respeitar\u00a0umas as outras como elas s\u00e3o, para al\u00e9m disso, \u00e9 enxergar as diferen\u00e7as como complementares.<\/p>\n<p>Ent\u00e3o, se voc\u00ea quer fazer parte de um ambiente\u00a0colaborativo, pautado nos princ\u00edpios\u00a0\u00e9ticos, em que as pessoas\u00a0cuidam\u00a0uma das outras, onde a\u00a0melhoria cont\u00ednua\u00a0e\u00a0foco do cliente\u00a0fazem parte do DNA, e o combust\u00edvel para fazer as coisas acontecerem do dia a dia \u00e9 a\u00a0coragem\u00a0e\u00a0paix\u00e3o, estamos te esperando!<\/p>\n<h3>Como se candidatar<\/h3>\n<p>Se voc\u00ea encontrou uma vaga de emprego que se encaixa no seu perfil profissional, <a href=\"https:\/\/99empregos.com.br\/vaga\/kordsa-segue-com-vagas-de-emprego-abertas-confira\/\">basta clicar neste link<\/a> para se candidatar. No entanto, antes de efetivar a sua inscri\u00e7\u00e3o, recomendamos que fa\u00e7a uma revis\u00e3o completa e detalhada de todos os pr\u00e9-requisitos solicitados pela companhia. Boa sorte!<\/p>\n","protected":false},"excerpt":{"rendered":"<p>A Kordsa, empresa multinacional que trabalha diretamente no segmento de manufatura t\u00eaxtil, segue com vagas de emprego abertas no estado da Bahia. Expandindo cada vez mais os seus investimentos, a companhia agora est\u00e1 em busca dos seguintes profissionais para integrarem a sua equipe: Analista de Com\u00e9rcio Exterior Cama\u00e7ari\/BA e Remoto;\u00a0 Analista de Custos Cama\u00e7ari\/BA;\u00a0 Analista [&hellip;]<\/p>\n","protected":false},"author":8,"featured_media":13379,"comment_status":"open","ping_status":"closed","sticky":false,"template":"","format":"standard","meta":{"footnotes":""},"categories":[7],"tags":[634,1542,16],"class_list":["post-13375","post","type-post","status-publish","format-standard","has-post-thumbnail","hentry","category-noticias","tag-oportunidade-unica","tag-vagas-2023","tag-vagas-de-emprego"],"_links":{"self":[{"href":"https:\/\/99empregos.com.br\/blog\/wp-json\/wp\/v2\/posts\/13375","targetHints":{"allow":["GET"]}}],"collection":[{"href":"https:\/\/99empregos.com.br\/blog\/wp-json\/wp\/v2\/posts"}],"about":[{"href":"https:\/\/99empregos.com.br\/blog\/wp-json\/wp\/v2\/types\/post"}],"author":[{"embeddable":true,"href":"https:\/\/99empregos.com.br\/blog\/wp-json\/wp\/v2\/users\/8"}],"replies":[{"embeddable":true,"href":"https:\/\/99empregos.com.br\/blog\/wp-json\/wp\/v2\/comments?post=13375"}],"version-history":[{"count":0,"href":"https:\/\/99empregos.com.br\/blog\/wp-json\/wp\/v2\/posts\/13375\/revisions"}],"wp:featuredmedia":[{"embeddable":true,"href":"https:\/\/99empregos.com.br\/blog\/wp-json\/wp\/v2\/media\/13379"}],"wp:attachment":[{"href":"https:\/\/99empregos.com.br\/blog\/wp-json\/wp\/v2\/media?parent=13375"}],"wp:term":[{"taxonomy":"category","embeddable":true,"href":"https:\/\/99empregos.com.br\/blog\/wp-json\/wp\/v2\/categories?post=13375"},{"taxonomy":"post_tag","embeddable":true,"href":"https:\/\/99empregos.com.br\/blog\/wp-json\/wp\/v2\/tags?post=13375"}],"curies":[{"name":"wp","href":"https:\/\/api.w.org\/{rel}","templated":true}]}}