{"id":13900,"date":"2023-01-06T05:46:52","date_gmt":"2023-01-06T08:46:52","guid":{"rendered":"https:\/\/123empregos.com.br\/?p=13900"},"modified":"2025-04-30T16:05:56","modified_gmt":"2025-04-30T19:05:56","slug":"plataforma-de-solucoes-agricolas-segue-contratando-pelo-pais-veja","status":"publish","type":"post","link":"https:\/\/99empregos.com.br\/blog\/plataforma-de-solucoes-agricolas-segue-contratando-pelo-pais-veja\/","title":{"rendered":"Plataforma de solu\u00e7\u00f5es agr\u00edcolas segue contratando pelo pa\u00eds, veja"},"content":{"rendered":"<p>A Nutrien, uma das maiores plataformas de solu\u00e7\u00f5es agr\u00edcolas em atividade no Brasil, segue com <a href=\"https:\/\/99empregos.com.br\/vaga\/humanizzare-abre-novas-vagas-de-emprego-confira\/\">vagas de emprego<\/a> abertas. Expandindo cada vez mais os seus ivnestimentos no pa\u00eds, a companhia agora precisa dos seguintes profissionais para integrarem a sua equipe:<\/p>\n<ul>\n<li><span style=\"font-weight: 400\">Ajudante Geral &#8211; Morrinhos\/GO MORRINHOS\/GO;\u00a0<\/span><\/li>\n<li><span style=\"font-weight: 400\">ANALISTA CUSTOS SR S\u00e3o Paulo\/SP;\u00a0<\/span><\/li>\n<li><span style=\"font-weight: 400\">Analista de Gera\u00e7\u00e3o de Demanda (AGD) &#8211; Bom Jesus (PI) Bom Jesus\/PI;\u00a0<\/span><\/li>\n<li><span style=\"font-weight: 400\">Analista de Rede S\u00eanior S\u00e3o Paulo\/SP;\u00a0<\/span><\/li>\n<li><span style=\"font-weight: 400\">Analista Gera\u00e7\u00e3o de Demanda (Agrichem) &#8211; Medianeira PR Medianeira\/PR;\u00a0<\/span><\/li>\n<li><span style=\"font-weight: 400\">Analista Gera\u00e7\u00e3o Demanda (AGD) &#8211; (Santar\u00e9m\/PA) Santar\u00e9m\/PA;\u00a0<\/span><\/li>\n<li><span style=\"font-weight: 400\">Analista Intelig\u00eancia de Mercado Sr S\u00e3o Paulo\/SP;\u00a0<\/span><\/li>\n<li><span style=\"font-weight: 400\">Analista S\u00eanior em Recomenda\u00e7\u00f5es Agron\u00f4micas (Agronomia Digital) S\u00e3o Paulo\/SP;\u00a0<\/span><\/li>\n<li><span style=\"font-weight: 400\">Assistente de Atendimento ao Cliente (Angatuba\/SP) Angatuba\/SP;\u00a0<\/span><\/li>\n<li><span style=\"font-weight: 400\">Consultora\/Consultor Comercial Pleno &#8211; Agrichem (Cristalina\/GO) Cristalina\/GO;\u00a0<\/span><\/li>\n<li><span style=\"font-weight: 400\">Consultora\/Consultor Comercial S\u00eanior Agrichem (Uberl\u00e2ndia\/MG) Uberl\u00e2ndia\/MG;\u00a0<\/span><\/li>\n<li><span style=\"font-weight: 400\">Consultora\/ Consultor de Solu\u00e7\u00f5es &#8211; Catal\u00e3o\/GO CATAL\u00c3O\/GO;\u00a0<\/span><\/li>\n<li><span style=\"font-weight: 400\">Consultora\/Consultor de Solu\u00e7\u00f5es &#8211; Goi\u00e2nia\/GO GOI\u00c2NIA\/GO;\u00a0<\/span><\/li>\n<li><span style=\"font-weight: 400\">Consultora\/Consultor de Vendas III &#8211; Cristalina\/GO Cristalina\/GO;\u00a0<\/span><\/li>\n<li><span style=\"font-weight: 400\">Consultora\/Consultor T\u00e9cnico de Vendas II (Jata\u00ed\/GO) JATA\u00cd\/GO;\u00a0<\/span><\/li>\n<li><span style=\"font-weight: 400\">Coordenador(a) de Engenharia de Software S\u00e3o Paulo\/SP;\u00a0<\/span><\/li>\n<li><span style=\"font-weight: 400\">Engenheira\/Engenheiro Agr\u00f4nomo Desenvolvimento de Mercado Sr (Goi\u00e2nia\/GO) Goi\u00e2nia\/GO;\u00a0<\/span><\/li>\n<li><span style=\"font-weight: 400\">Engenheiro Agr\u00f4nomo Desenvolvimento de Mercado Pleno (Dourados\/MS) Dourados\/MS;\u00a0<\/span><\/li>\n<li><span style=\"font-weight: 400\">Especialista de Planejamento de Demanda (S\u00e3o Paulo\/SP) S\u00e3o Paulo\/SP;\u00a0<\/span><\/li>\n<li><span style=\"font-weight: 400\">Especialista de Projetos &#8211; El\u00e9trica S\u00e3o Paulo\/SP e Remoto;\u00a0<\/span><\/li>\n<li><span style=\"font-weight: 400\">Especialista de Projetos Mec\u00e2nicos S\u00e3o Paulo\/SP e Remoto;\u00a0<\/span><\/li>\n<li><span style=\"font-weight: 400\">Especialista de Tesouraria S\u00e3o Paulo\/SP;\u00a0<\/span><\/li>\n<li><span style=\"font-weight: 400\">Gerente de Log\u00edstica &#8211; Qu\u00edmicos S\u00e3o Paulo\/SP;\u00a0<\/span><\/li>\n<li><span style=\"font-weight: 400\">Gerente de Log\u00edstica &#8211; Sementes S\u00e3o Paulo\/SP;\u00a0<\/span><\/li>\n<li><span style=\"font-weight: 400\">Gerente de Territ\u00f3rio (Catal\u00e3o\/GO) CATAL\u00c3O\/GO.<\/span><\/li>\n<\/ul>\n<figure id=\"attachment_13904\" aria-describedby=\"caption-attachment-13904\" style=\"width: 1200px\" class=\"wp-caption aligncenter\"><img decoding=\"async\" class=\"size-full wp-image-13904\" src=\"https:\/\/99empregos.com.br\/wp-content\/uploads\/2023\/01\/nutrien-vagas-2023.jpg\" alt=\"Nutrien abre novas vagas de emprego, confira as oportunidades. Foto: Divulga\u00e7\u00e3o\" width=\"1200\" height=\"750\" srcset=\"https:\/\/99empregos.com.br\/blog\/wp-content\/uploads\/2023\/01\/nutrien-vagas-2023.jpg 1200w, https:\/\/99empregos.com.br\/blog\/wp-content\/uploads\/2023\/01\/nutrien-vagas-2023-300x188.jpg 300w, https:\/\/99empregos.com.br\/blog\/wp-content\/uploads\/2023\/01\/nutrien-vagas-2023-1024x640.jpg 1024w, https:\/\/99empregos.com.br\/blog\/wp-content\/uploads\/2023\/01\/nutrien-vagas-2023-768x480.jpg 768w\" sizes=\"(max-width: 1200px) 100vw, 1200px\" \/><figcaption id=\"caption-attachment-13904\" class=\"wp-caption-text\">Nutrien abre novas vagas de emprego, confira as oportunidades. Foto: Divulga\u00e7\u00e3o<\/figcaption><\/figure>\n<h3>Mais informa\u00e7\u00f5es sobre a Nutrien<\/h3>\n<p>N\u00f3s chegamos ao Brasil em 2018 e j\u00e1 estamos construindo uma empresa que ningu\u00e9m tinha imaginado antes no mundo agro:\u00a0a maior e melhor plataforma de solu\u00e7\u00f5es agr\u00edcolas do Brasil. E como estamos fazendo isso? Servindo ao agricultor, colocando o nosso cliente no centro de tudo o que a gente faz. Estamos criando um ecossistema de solu\u00e7\u00f5es integradas para atender a toda jornada do agricultor em seus desafios no campo. Mais do que produtos, a gente oferece acesso a servi\u00e7os t\u00e9cnicos e financeiros, conhecimento e at\u00e9 treinamentos em pr\u00e1ticas agr\u00edcolas sustent\u00e1veis. Tudo o que nosso cliente quer e precisa, de forma pr\u00f3xima, acess\u00edvel e conveniente.<\/p>\n<p>Com o potencial agr\u00edcola de um pa\u00eds como o Brasil, j\u00e1 imaginou a revolu\u00e7\u00e3o que voc\u00ea pode protagonizar aqui na <a href=\"https:\/\/nutrien.com.br:443\/\" target=\"_blank\" rel=\"noopener\">Nutrien<\/a>? Sem contar as infinitas oportunidades de crescer e aprender na pr\u00e1tica em um ambiente colaborativo, com um time aut\u00eantico e pra l\u00e1 de gente boa, que valoriza as diferen\u00e7as e \u00e9 cheio de energia para fazer acontecer.<\/p>\n<h3>Como se candidatar<\/h3>\n<p>Se voc\u00ea encontrou uma oportunidade de emprego que se encaixa no seu perfil profissional, <a href=\"https:\/\/99empregos.com.br\/vaga\/nutrien-abre-novas-vagas-de-emprego-confira-2\/\">basta clicar neste link<\/a> para se candidatar. No entanto, antes de efetivar a sua inscri\u00e7\u00e3o, recomendamos que fa\u00e7a uma revis\u00e3o completa de todos os pr\u00e9-requisitos solicitados pela companhia. Boa sorte!<\/p>\n","protected":false},"excerpt":{"rendered":"<p>A Nutrien, uma das maiores plataformas de solu\u00e7\u00f5es agr\u00edcolas em atividade no Brasil, segue com vagas de emprego abertas. Expandindo cada vez mais os seus ivnestimentos no pa\u00eds, a companhia agora precisa dos seguintes profissionais para integrarem a sua equipe: Ajudante Geral &#8211; Morrinhos\/GO MORRINHOS\/GO;\u00a0 ANALISTA CUSTOS SR S\u00e3o Paulo\/SP;\u00a0 Analista de Gera\u00e7\u00e3o de Demanda [&hellip;]<\/p>\n","protected":false},"author":8,"featured_media":13903,"comment_status":"open","ping_status":"closed","sticky":false,"template":"","format":"standard","meta":{"footnotes":""},"categories":[7],"tags":[1544,5,1196,37],"class_list":["post-13900","post","type-post","status-publish","format-standard","has-post-thumbnail","hentry","category-noticias","tag-1544","tag-empregos","tag-nutrien","tag-vagas"],"_links":{"self":[{"href":"https:\/\/99empregos.com.br\/blog\/wp-json\/wp\/v2\/posts\/13900","targetHints":{"allow":["GET"]}}],"collection":[{"href":"https:\/\/99empregos.com.br\/blog\/wp-json\/wp\/v2\/posts"}],"about":[{"href":"https:\/\/99empregos.com.br\/blog\/wp-json\/wp\/v2\/types\/post"}],"author":[{"embeddable":true,"href":"https:\/\/99empregos.com.br\/blog\/wp-json\/wp\/v2\/users\/8"}],"replies":[{"embeddable":true,"href":"https:\/\/99empregos.com.br\/blog\/wp-json\/wp\/v2\/comments?post=13900"}],"version-history":[{"count":0,"href":"https:\/\/99empregos.com.br\/blog\/wp-json\/wp\/v2\/posts\/13900\/revisions"}],"wp:featuredmedia":[{"embeddable":true,"href":"https:\/\/99empregos.com.br\/blog\/wp-json\/wp\/v2\/media\/13903"}],"wp:attachment":[{"href":"https:\/\/99empregos.com.br\/blog\/wp-json\/wp\/v2\/media?parent=13900"}],"wp:term":[{"taxonomy":"category","embeddable":true,"href":"https:\/\/99empregos.com.br\/blog\/wp-json\/wp\/v2\/categories?post=13900"},{"taxonomy":"post_tag","embeddable":true,"href":"https:\/\/99empregos.com.br\/blog\/wp-json\/wp\/v2\/tags?post=13900"}],"curies":[{"name":"wp","href":"https:\/\/api.w.org\/{rel}","templated":true}]}}