{"id":13906,"date":"2023-01-06T05:53:28","date_gmt":"2023-01-06T08:53:28","guid":{"rendered":"https:\/\/123empregos.com.br\/?p=13906"},"modified":"2025-04-30T15:24:50","modified_gmt":"2025-04-30T18:24:50","slug":"empresa-terceirizada-em-servicos-de-saude-abre-novas-vagas-confira","status":"publish","type":"post","link":"https:\/\/99empregos.com.br\/blog\/empresa-terceirizada-em-servicos-de-saude-abre-novas-vagas-confira\/","title":{"rendered":"Empresa terceirizada em servi\u00e7os de sa\u00fade abre novas vagas, confira"},"content":{"rendered":"<p>O Imtep, empresa especializada na terceiriza\u00e7\u00e3o de servi\u00e7os de sa\u00fade, est\u00e1 com novas <a href=\"https:\/\/99empregos.com.br\/produtora-de-combustivel-abre-novas-vagas-de-emprego-confira\/\">vagas de emprego<\/a> abertas pelo pa\u00eds. Expandindo cada vez mais os seus neg\u00f3cios, a companhia agora est\u00e1 em busca dos seguintes profissionais para integrarem a sua equipe:<\/p>\n<ul>\n<li><span style=\"font-weight: 400\">Assistente Administrativo &#8211; Belo Horizonte Curitiba\/PR;\u00a0<\/span><\/li>\n<li><span style=\"font-weight: 400\">Assistente Administrativo &#8211; Belo Horizonte Curitiba\/PR;\u00a0<\/span><\/li>\n<li><span style=\"font-weight: 400\">Assistente Administrativo &#8211; Jacare\u00ed\/SP S\u00e3o Paulo;\u00a0<\/span><\/li>\n<li><span style=\"font-weight: 400\">Assistente Administrativo &#8211; S\u00e3o Bernardo do Campo\/SP S\u00e3o Bernardo do Campo;\u00a0<\/span><\/li>\n<li><span style=\"font-weight: 400\">Assistente de Recrutamento e Sele\u00e7\u00e3o &#8211; Curitiba\/PR Curitiba\/PR e Remoto;\u00a0<\/span><\/li>\n<li><span style=\"font-weight: 400\">Auxiliar de Servi\u00e7os Gerais &#8211; Curitiba\/PR Curitiba\/PR;\u00a0<\/span><\/li>\n<li><span style=\"font-weight: 400\">Auxiliar de Servi\u00e7os Gerais &#8211; Curitiba\/PR Curitiba\/PR;\u00a0<\/span><\/li>\n<li><span style=\"font-weight: 400\">Auxiliar de Servi\u00e7os Gerais &#8211; Curitiba\/PR Curitiba;\u00a0<\/span><\/li>\n<li><span style=\"font-weight: 400\">Auxiliar de Servi\u00e7os Gerais &#8211; Minas Gerais-MG Belo Horizonte;\u00a0<\/span><\/li>\n<li><span style=\"font-weight: 400\">Auxiliar de Servi\u00e7os Gerais &#8211; Minas Gerais-MG Belo Horizonte;\u00a0<\/span><\/li>\n<li><span style=\"font-weight: 400\">Auxiliar de Servi\u00e7os Gerais &#8211; Minas Gerais-MG Belo Horizonte;\u00a0<\/span><\/li>\n<li><span style=\"font-weight: 400\">Condutor de Ambul\u00e2ncia &#8211; Caraguatatuba\/SP Caraguatatuba\/SP;\u00a0<\/span><\/li>\n<li><span style=\"font-weight: 400\">Condutor de Ambul\u00e2ncia &#8211; Mau\u00e1\/SP Mau\u00e1\/SP;\u00a0<\/span><\/li>\n<li><span style=\"font-weight: 400\">Condutor de Ambul\u00e2ncia &#8211; Mau\u00e1\/SP Mau\u00e1\/SP;\u00a0<\/span><\/li>\n<li><span style=\"font-weight: 400\">Condutor de Ambul\u00e2ncia &#8211; Mau\u00e1\/SP Mau\u00e1\/SP;\u00a0<\/span><\/li>\n<li><span style=\"font-weight: 400\">Condutor de Ambul\u00e2ncia &#8211; Mau\u00e1\/SP Mau\u00e1\/SP;\u00a0<\/span><\/li>\n<li><span style=\"font-weight: 400\">Consultor STMA I &#8211; Cama\u00e7ari\/BA Cama\u00e7ari\/BA;\u00a0<\/span><\/li>\n<li><span style=\"font-weight: 400\">Consultor STMA I &#8211; S\u00e3o Jos\u00e9 dos Pinhais\/PR S\u00e3o Jos\u00e9 dos Pinhais;\u00a0<\/span><\/li>\n<li><span style=\"font-weight: 400\">Educador F\u00edsico &#8211; Joinville\/SC Joinville;\u00a0<\/span><\/li>\n<li><span style=\"font-weight: 400\">Enfermeiro &#8211; Araquari\/SC Araquari\/SC;\u00a0<\/span><\/li>\n<li><span style=\"font-weight: 400\">Enfermeiro &#8211; Brasil Trabalho Remoto.<\/span><\/li>\n<\/ul>\n<figure id=\"attachment_13911\" aria-describedby=\"caption-attachment-13911\" style=\"width: 1200px\" class=\"wp-caption aligncenter\"><img decoding=\"async\" class=\"size-full wp-image-13911\" src=\"https:\/\/99empregos.com.br\/wp-content\/uploads\/2023\/01\/imtep-vagas-2023.jpg\" alt=\"Imtep abre novas vagas de emprego, confira as oportunidades e saiba como se candidatar agora mesmo. Foto: Divulga\u00e7\u00e3o\" width=\"1200\" height=\"750\" srcset=\"https:\/\/99empregos.com.br\/blog\/wp-content\/uploads\/2023\/01\/imtep-vagas-2023.jpg 1200w, https:\/\/99empregos.com.br\/blog\/wp-content\/uploads\/2023\/01\/imtep-vagas-2023-300x188.jpg 300w, https:\/\/99empregos.com.br\/blog\/wp-content\/uploads\/2023\/01\/imtep-vagas-2023-1024x640.jpg 1024w, https:\/\/99empregos.com.br\/blog\/wp-content\/uploads\/2023\/01\/imtep-vagas-2023-768x480.jpg 768w\" sizes=\"(max-width: 1200px) 100vw, 1200px\" \/><figcaption id=\"caption-attachment-13911\" class=\"wp-caption-text\">Imtep abre novas vagas de emprego, confira as oportunidades e saiba como se candidatar agora mesmo. Foto: Divulga\u00e7\u00e3o<\/figcaption><\/figure>\n<h3>Mais informa\u00e7\u00f5es sobre o Imtep<\/h3>\n<p>O Imtep faz parte da maior companhia de gest\u00e3o de sa\u00fade do Brasil, a 3778. Representa o maior operador de ambulat\u00f3rios corporativos do pa\u00eds, atendendo empresas nacionais de grande porte e multinacionais. S\u00e3o mais de 200 unidades espalhadas em todo o Brasil, com cerca de 2 mil colaboradores espalhados em 120 cidades. Al\u00e9m da gest\u00e3o de ambulat\u00f3rio, as empresas t\u00eam ainda como principais servi\u00e7os a Aten\u00e7\u00e3o Prim\u00e1ria em Sa\u00fade, o atendimento em Sa\u00fade Ocupacional e o desenvolvimento de solu\u00e7\u00f5es tecnol\u00f3gicas em sa\u00fade.<\/p>\n<p>A 3778 nasceu em 2018 com o objetivo de redefinir a experi\u00eancia do cuidado, ancorada em tr\u00eas pilares: tecnologia, design e neg\u00f3cios. Em nossa trajet\u00f3ria, criamos o Command Center e solucionamos desafios complexos no Hospital S\u00edrio-Liban\u00eas. Tamb\u00e9m desenvolvemos o modelo preditivo para o enfrentamento \u00e0 Covid-19 usado pela iniciativa Todos pela Sa\u00fade, da Funda\u00e7\u00e3o Ita\u00fa, pela Fiocruz e at\u00e9 pelo governo canadense.<\/p>\n<h3>Como se candidatar<\/h3>\n<p>Se voc\u00ea encontrou uma oportunidade de emprego no Imtep que se encaixa no seu perfil profissional, <a href=\"https:\/\/99empregos.com.br\/vaga\/imtep-abre-novas-vagas-de-emprego-confira-2\/\">basta clicar neste link<\/a> para se candidatar. No entanto, antes de efetivar a sua inscri\u00e7\u00e3o, recomendamos que fa\u00e7a uma revis\u00e3o completa e detalhada de todos os pr\u00e9-requisitos solicitados pela companhia. Boa sorte!<\/p>\n","protected":false},"excerpt":{"rendered":"<p>O Imtep, empresa especializada na terceiriza\u00e7\u00e3o de servi\u00e7os de sa\u00fade, est\u00e1 com novas vagas de emprego abertas pelo pa\u00eds. Expandindo cada vez mais os seus neg\u00f3cios, a companhia agora est\u00e1 em busca dos seguintes profissionais para integrarem a sua equipe: Assistente Administrativo &#8211; Belo Horizonte Curitiba\/PR;\u00a0 Assistente Administrativo &#8211; Belo Horizonte Curitiba\/PR;\u00a0 Assistente Administrativo &#8211; [&hellip;]<\/p>\n","protected":false},"author":8,"featured_media":13912,"comment_status":"open","ping_status":"closed","sticky":false,"template":"","format":"standard","meta":{"footnotes":""},"categories":[7],"tags":[1544,5,1072,37],"class_list":["post-13906","post","type-post","status-publish","format-standard","has-post-thumbnail","hentry","category-noticias","tag-1544","tag-empregos","tag-imtep","tag-vagas"],"_links":{"self":[{"href":"https:\/\/99empregos.com.br\/blog\/wp-json\/wp\/v2\/posts\/13906","targetHints":{"allow":["GET"]}}],"collection":[{"href":"https:\/\/99empregos.com.br\/blog\/wp-json\/wp\/v2\/posts"}],"about":[{"href":"https:\/\/99empregos.com.br\/blog\/wp-json\/wp\/v2\/types\/post"}],"author":[{"embeddable":true,"href":"https:\/\/99empregos.com.br\/blog\/wp-json\/wp\/v2\/users\/8"}],"replies":[{"embeddable":true,"href":"https:\/\/99empregos.com.br\/blog\/wp-json\/wp\/v2\/comments?post=13906"}],"version-history":[{"count":0,"href":"https:\/\/99empregos.com.br\/blog\/wp-json\/wp\/v2\/posts\/13906\/revisions"}],"wp:featuredmedia":[{"embeddable":true,"href":"https:\/\/99empregos.com.br\/blog\/wp-json\/wp\/v2\/media\/13912"}],"wp:attachment":[{"href":"https:\/\/99empregos.com.br\/blog\/wp-json\/wp\/v2\/media?parent=13906"}],"wp:term":[{"taxonomy":"category","embeddable":true,"href":"https:\/\/99empregos.com.br\/blog\/wp-json\/wp\/v2\/categories?post=13906"},{"taxonomy":"post_tag","embeddable":true,"href":"https:\/\/99empregos.com.br\/blog\/wp-json\/wp\/v2\/tags?post=13906"}],"curies":[{"name":"wp","href":"https:\/\/api.w.org\/{rel}","templated":true}]}}