{"id":14301,"date":"2023-01-09T06:27:26","date_gmt":"2023-01-09T09:27:26","guid":{"rendered":"https:\/\/123empregos.com.br\/?p=14301"},"modified":"2023-01-09T06:27:26","modified_gmt":"2023-01-09T09:27:26","slug":"rede-de-ensino-abre-novas-vagas-de-emprego-confira","status":"publish","type":"post","link":"https:\/\/99empregos.com.br\/blog\/rede-de-ensino-abre-novas-vagas-de-emprego-confira\/","title":{"rendered":"Rede de ensino abre novas vagas de emprego, confira"},"content":{"rendered":"<p>O Col\u00e9gio pH, rede de ensino com 22 anos de experi\u00eancia, segue com <a href=\"https:\/\/99empregos.com.br\/vaga\/estacio-divulga-novos-empregos-neste-inicio-de-janeiro\/\">vagas de emprego<\/a> espalhadas por todas as suas unidades. Expandindo cada vez mais os seus neg\u00f3cios, a companhia agora precisa dos seguintes profissionais para integrarem a sua equipe:<\/p>\n<ul>\n<li><span style=\"font-weight: 400\">Assistente de Atendimento |\u00a0 Botafogo Rio de Janeiro;\u00a0<\/span><\/li>\n<li><span style=\"font-weight: 400\">Assistente de Atendimento |\u00a0 Icara\u00ed Niter\u00f3i;\u00a0<\/span><\/li>\n<li><span style=\"font-weight: 400\">Assistente de Atendimento |\u00a0 Tijuca;\u00a0<\/span><\/li>\n<li><span style=\"font-weight: 400\">Assistente de Coordena\u00e7\u00e3o Pedag\u00f3gica PCD | [Vaga exclusiva para pessoa com defici\u00eancia];\u00a0<\/span><\/li>\n<li><span style=\"font-weight: 400\">Assistente Pedag\u00f3gico | Recreio Rio de Janeiro;\u00a0<\/span><\/li>\n<li><span style=\"font-weight: 400\">Banco de Vagas Assistente de Coordena\u00e7\u00e3o Pedag\u00f3gica |;\u00a0<\/span><\/li>\n<li><span style=\"font-weight: 400\">Banco de Vagas Coordenador(a) Pedag\u00f3gico |;\u00a0<\/span><\/li>\n<li><span style=\"font-weight: 400\">Banco de Vagas Inspetor(a) |;\u00a0<\/span><\/li>\n<li><span style=\"font-weight: 400\">Banco de Vagas Jovem Aprendiz |;\u00a0<\/span><\/li>\n<li><span style=\"font-weight: 400\">Banco de Vagas Recepcionista |;\u00a0<\/span><\/li>\n<li><span style=\"font-weight: 400\">Banco de Vagas Secret\u00e1rio(a) Escolar |;<\/span><\/li>\n<li><span style=\"font-weight: 400\">Coordenador(a)\/Orientador(a) Educacional | Icara\u00ed Niter\u00f3i;\u00a0<\/span><\/li>\n<li><span style=\"font-weight: 400\">Coordenador(a)\/Orientador Educacional | Piratininga Niter\u00f3i;\u00a0<\/span><\/li>\n<li><span style=\"font-weight: 400\">Coordenador(a) Pedag\u00f3gico | Zona Oeste;\u00a0<\/span><\/li>\n<li><span style=\"font-weight: 400\">Estagi\u00e1rio ensino bil\u00edngue | Rio de Janeiro;\u00a0<\/span><\/li>\n<li><span style=\"font-weight: 400\">Estagi\u00e1rio pedag\u00f3gico | Col\u00e9gio pH Rio de Janeiro;\u00a0<\/span><\/li>\n<li><span style=\"font-weight: 400\">Inspetor(a) | Barra Rio de Janeiro;\u00a0<\/span><\/li>\n<li><span style=\"font-weight: 400\">Inspetor(a) | Freguesia Rio de Janeiro;\u00a0<\/span><\/li>\n<li><span style=\"font-weight: 400\">Inspetor(a) | Icara\u00ed Niter\u00f3i;\u00a0<\/span><\/li>\n<li><span style=\"font-weight: 400\">Inspetor(a) | Tijuca Rio de Janeiro;\u00a0<\/span><\/li>\n<li><span style=\"font-weight: 400\">Monitor de Biologia | Rio de Janeiro;\u00a0<\/span><\/li>\n<li><span style=\"font-weight: 400\">Monitor de F\u00edsica | Rio de Janeiro;\u00a0<\/span><\/li>\n<li><span style=\"font-weight: 400\">Monitor de Geografia | Rio de Janeiro;\u00a0<\/span><\/li>\n<li><span style=\"font-weight: 400\">Monitor de Hist\u00f3ria | Rio de Janeiro;\u00a0<\/span><\/li>\n<li><span style=\"font-weight: 400\">Monitor de Ingl\u00eas | Rio de Janeiro;\u00a0<\/span><\/li>\n<li><span style=\"font-weight: 400\">Monitor de Matem\u00e1tica | Rio de Janeiro;\u00a0<\/span><\/li>\n<li><span style=\"font-weight: 400\">Monitor de Qu\u00edmica | Rio de Janeiro;\u00a0<\/span><\/li>\n<li><span style=\"font-weight: 400\">Monitor Filosofia | Rio de Janeiro;\u00a0<\/span><\/li>\n<li><span style=\"font-weight: 400\">Monitor Portugu\u00eas e Reda\u00e7\u00e3o | Rio de Janeiro;\u00a0<\/span><\/li>\n<li><span style=\"font-weight: 400\">Porteiro(a) | Tijuca Rio de Janeiro.<\/span><\/li>\n<\/ul>\n<figure id=\"attachment_14303\" aria-describedby=\"caption-attachment-14303\" style=\"width: 1200px\" class=\"wp-caption aligncenter\"><img decoding=\"async\" class=\"size-full wp-image-14303\" src=\"https:\/\/99empregos.com.br\/wp-content\/uploads\/2023\/01\/colegio-ph-vagas-2023.jpg\" alt=\"Col\u00e9gio pH abre novas vagas de emprego, confira as oportunidades. Foto: Divulga\u00e7\u00e3o\" width=\"1200\" height=\"750\" srcset=\"https:\/\/99empregos.com.br\/blog\/wp-content\/uploads\/2023\/01\/colegio-ph-vagas-2023.jpg 1200w, https:\/\/99empregos.com.br\/blog\/wp-content\/uploads\/2023\/01\/colegio-ph-vagas-2023-300x188.jpg 300w, https:\/\/99empregos.com.br\/blog\/wp-content\/uploads\/2023\/01\/colegio-ph-vagas-2023-1024x640.jpg 1024w, https:\/\/99empregos.com.br\/blog\/wp-content\/uploads\/2023\/01\/colegio-ph-vagas-2023-768x480.jpg 768w\" sizes=\"(max-width: 1200px) 100vw, 1200px\" \/><figcaption id=\"caption-attachment-14303\" class=\"wp-caption-text\">Col\u00e9gio pH abre novas vagas de emprego, confira as oportunidades. Foto: Divulga\u00e7\u00e3o<\/figcaption><\/figure>\n<h3>Mais informa\u00e7\u00f5es sobre o Col\u00e9gio pH<\/h3>\n<p>Em 2022, o <a href=\"https:\/\/ph.com.br\/\" target=\"_blank\" rel=\"noopener\">Col\u00e9gio pH<\/a> completa 35 anos de amor e compromisso com a educa\u00e7\u00e3o. Com tr\u00eas d\u00e9cadas e meia de hist\u00f3ria e tradi\u00e7\u00e3o, tivemos sempre o objetivo de formar indiv\u00edduos capazes de trilhar seus pr\u00f3prios caminhos de sucesso, de acordo com seus projetos de vida.<\/p>\n<p>Para ajudar os alunos e as alunas a realizarem seus sonhos, contamos com uma equipe de colaboradores experientes, otimistas, conectados, eficazes e acolhedores. Dessa forma, garantimos que todos e todas possam ser, pensar e agir de forma plena no ambiente escolar. Voc\u00ea acredita nesses valores e tem vontade de\u00a0transformar vidas por meio da educa\u00e7\u00e3o? Ent\u00e3o, venha ser um dos nossos colaboradores! Confira abaixo algumas das vagas que est\u00e3o dispon\u00edveis!<\/p>\n<h3>Como se candidatar<\/h3>\n<p>Se voc\u00ea encontrou uma oportunidade de emprego que se encaixa no seu perfil profissional, <a href=\"https:\/\/99empregos.com.br\/vaga\/colegio-ph-segue-com-vagas-de-emprego-abertas-confira\/\">basta clicar neste link<\/a> para se candidatar. No entanto, antes de efetivar a sua inscri\u00e7\u00e3o, recomendamos que fa\u00e7a uma revis\u00e3o completa de todos os pr\u00e9-requisitos solicitados por l\u00e1. Boa sorte!<\/p>\n","protected":false},"excerpt":{"rendered":"<p>O Col\u00e9gio pH, rede de ensino com 22 anos de experi\u00eancia, segue com vagas de emprego espalhadas por todas as suas unidades. Expandindo cada vez mais os seus neg\u00f3cios, a companhia agora precisa dos seguintes profissionais para integrarem a sua equipe: Assistente de Atendimento |\u00a0 Botafogo Rio de Janeiro;\u00a0 Assistente de Atendimento |\u00a0 Icara\u00ed Niter\u00f3i;\u00a0 [&hellip;]<\/p>\n","protected":false},"author":8,"featured_media":14304,"comment_status":"open","ping_status":"closed","sticky":false,"template":"","format":"standard","meta":{"footnotes":""},"categories":[7],"tags":[1544,5,778,37],"class_list":["post-14301","post","type-post","status-publish","format-standard","has-post-thumbnail","hentry","category-noticias","tag-1544","tag-empregos","tag-novas-oportunidades","tag-vagas"],"_links":{"self":[{"href":"https:\/\/99empregos.com.br\/blog\/wp-json\/wp\/v2\/posts\/14301","targetHints":{"allow":["GET"]}}],"collection":[{"href":"https:\/\/99empregos.com.br\/blog\/wp-json\/wp\/v2\/posts"}],"about":[{"href":"https:\/\/99empregos.com.br\/blog\/wp-json\/wp\/v2\/types\/post"}],"author":[{"embeddable":true,"href":"https:\/\/99empregos.com.br\/blog\/wp-json\/wp\/v2\/users\/8"}],"replies":[{"embeddable":true,"href":"https:\/\/99empregos.com.br\/blog\/wp-json\/wp\/v2\/comments?post=14301"}],"version-history":[{"count":0,"href":"https:\/\/99empregos.com.br\/blog\/wp-json\/wp\/v2\/posts\/14301\/revisions"}],"wp:featuredmedia":[{"embeddable":true,"href":"https:\/\/99empregos.com.br\/blog\/wp-json\/wp\/v2\/media\/14304"}],"wp:attachment":[{"href":"https:\/\/99empregos.com.br\/blog\/wp-json\/wp\/v2\/media?parent=14301"}],"wp:term":[{"taxonomy":"category","embeddable":true,"href":"https:\/\/99empregos.com.br\/blog\/wp-json\/wp\/v2\/categories?post=14301"},{"taxonomy":"post_tag","embeddable":true,"href":"https:\/\/99empregos.com.br\/blog\/wp-json\/wp\/v2\/tags?post=14301"}],"curies":[{"name":"wp","href":"https:\/\/api.w.org\/{rel}","templated":true}]}}