{"id":14337,"date":"2023-01-09T07:33:47","date_gmt":"2023-01-09T10:33:47","guid":{"rendered":"https:\/\/123empregos.com.br\/?p=14337"},"modified":"2023-01-09T07:33:47","modified_gmt":"2023-01-09T10:33:47","slug":"rede-de-supermercados-abre-novas-vagas-confira","status":"publish","type":"post","link":"https:\/\/99empregos.com.br\/blog\/rede-de-supermercados-abre-novas-vagas-confira\/","title":{"rendered":"Rede de supermercados abre novas vagas, confira"},"content":{"rendered":"<p>O Grupo Muffato, uma das maiores redes de supermercados do Brasil, est\u00e1 com novas vagas de <a href=\"https:\/\/99empregos.com.br\/vaga\/nestle-anuncia-novos-empregos-em-todo-o-brasil\/\">emprego <\/a>espalhadas pelo pa\u00eds. Expandindo cada vez mais os seus investimentos no setor, a companhia agora precisa dos seguintes profissionais para integrarem a sua equipe:<\/p>\n<ul>\n<li><span style=\"font-weight: 400\">A\u00e7ougueiro &#8211; Apucarana &#8211; Filial Bela Vista APUCARANA\/PR;\u00a0<\/span><\/li>\n<li><span style=\"font-weight: 400\">A\u00e7ougueiro &#8211; Filial Av S\u00e3o Paulo &#8211; Maring\u00e1 PR MARING\u00c1\/PR;\u00a0<\/span><\/li>\n<li><span style=\"font-weight: 400\">A\u00e7ougueiro &#8211; Filial Catua\u00ed Maring\u00e1 MARING\u00c1\/PR;\u00a0<\/span><\/li>\n<li><span style=\"font-weight: 400\">A\u00e7ougueiro &#8211; Filial Cerro Azul &#8211; Maring\u00e1 PR MARING\u00c1\/PR;\u00a0<\/span><\/li>\n<li><span style=\"font-weight: 400\">A\u00e7ougueiro &#8211; Filial Madre LONDRINA\/PR;\u00a0<\/span><\/li>\n<li><span style=\"font-weight: 400\">A\u00e7ougueiro &#8211; Filial Max Tiradentes atacado LONDRINA\/PR;\u00a0<\/span><\/li>\n<li><span style=\"font-weight: 400\">A\u00e7ougueiro &#8211; Filial Quintino LONDRINA\/PR;\u00a0<\/span><\/li>\n<li><span style=\"font-weight: 400\">A\u00e7ougueiro- Filial Saul LONDRINA\/PR;\u00a0<\/span><\/li>\n<li><span style=\"font-weight: 400\">A\u00e7ougueiro I PARANAGU\u00c1\/PR;\u00a0<\/span><\/li>\n<li><span style=\"font-weight: 400\">A\u00e7ougueiro I &#8211; Filial Aurora LONDRINA\/PR;\u00a0<\/span><\/li>\n<li><span style=\"font-weight: 400\">A\u00e7ougueiro II- Max Beltr\u00e3o Francisco Beltr\u00e3o\/PR;\u00a0<\/span><\/li>\n<li><span style=\"font-weight: 400\">A\u00e7ougueiro I &#8211; MAX LINHA VERDE CURITIBA\/PR;\u00a0<\/span><\/li>\n<li><span style=\"font-weight: 400\">A\u00e7ougueiro &#8211; Madre LONDRINA\/PR;\u00a0<\/span><\/li>\n<li><span style=\"font-weight: 400\">A\u00e7ougueiro Marip\u00e1 Toledo TOLEDO\/PR;\u00a0<\/span><\/li>\n<li><span style=\"font-weight: 400\">A\u00e7ougueiro MAX CAMPO COMPRIDO CURITIBA\/PR;\u00a0<\/span><\/li>\n<li><span style=\"font-weight: 400\">A\u00e7ougueiro MAX MARECHAL MARECHAL C\u00c2NDIDO RONDON\/PR;\u00a0<\/span><\/li>\n<li><span style=\"font-weight: 400\">A\u00e7ougueiro- Max Ourinhos Ourinhos\/SP;\u00a0<\/span><\/li>\n<li><span style=\"font-weight: 400\">A\u00e7ougueiro &#8211; Max Pioneiros Londrina PR LONDRINA\/PR;\u00a0<\/span><\/li>\n<li><span style=\"font-weight: 400\">A\u00e7ougueiro MAX TOLEDO Toledo\/PR;\u00a0<\/span><\/li>\n<li><span style=\"font-weight: 400\">A\u00e7ougueiro- Muffato Aeroporto LONDRINA\/PR;\u00a0<\/span><\/li>\n<li><span style=\"font-weight: 400\">A\u00e7ougueiro Muffato Juvev\u00ea CURITIBA\/PR;\u00a0<\/span><\/li>\n<li><span style=\"font-weight: 400\">A\u00e7ougueiro \/ Muffato Olarias &#8211; Ponta Grossa \/Pr PONTA GROSSA\/PR;\u00a0<\/span><\/li>\n<li><span style=\"font-weight: 400\">A\u00e7ougueiro MUFFATO PORT\u00c3O CURITIBA\/PR;\u00a0<\/span><\/li>\n<li><span style=\"font-weight: 400\">A\u00e7ougueiro- Muffato Sawade CAMB\u00c9\/PR;\u00a0<\/span><\/li>\n<li><span style=\"font-weight: 400\">A\u00e7ougueiro Parigot Toledo TOLEDO\/PR;\u00a0<\/span><\/li>\n<li><span style=\"font-weight: 400\">A\u00e7ougueiro &#8211; Super Muffato JK S\u00c3O JOS\u00c9 DO RIO PRETO\/SP;\u00a0<\/span><\/li>\n<li><span style=\"font-weight: 400\">A\u00e7ougueiro &#8211; Super Muffato Tarum\u00e3 CURITIBA\/PR\u00a0<\/span><\/li>\n<li><span style=\"font-weight: 400\">Agente de Preven\u00e7\u00e3o e Perdas CURITIBA\/PR;\u00a0<\/span><\/li>\n<li><span style=\"font-weight: 400\">Agente de Preven\u00e7\u00e3o e Perdas CURITIBA\/PR;\u00a0<\/span><\/li>\n<li><span style=\"font-weight: 400\">Agente de Preven\u00e7\u00e3o e Perdas PARANAGU\u00c1\/PR;\u00a0<\/span><\/li>\n<li><span style=\"font-weight: 400\">Agente de Preven\u00e7\u00e3o e Perdas &#8211; 097 Max Catanduva CATANDUVA\/SP;\u00a0<\/span><\/li>\n<li><span style=\"font-weight: 400\">Agente de Preven\u00e7\u00e3o e Perdas &#8211; Apucarana &#8211; Bela Vista APUCARANA\/PR;\u00a0<\/span><\/li>\n<li><span style=\"font-weight: 400\">Agente de Preven\u00e7\u00e3o e Perdas &#8211; Arauc\u00e1ria ARAUC\u00c1RIA\/PR.<\/span><\/li>\n<\/ul>\n<figure id=\"attachment_14342\" aria-describedby=\"caption-attachment-14342\" style=\"width: 1200px\" class=\"wp-caption aligncenter\"><img decoding=\"async\" class=\"size-full wp-image-14342\" src=\"https:\/\/99empregos.com.br\/wp-content\/uploads\/2023\/01\/muffato-vagas-2023.jpg\" alt=\"Grupo Muffato abre novas vagas, confira as oportunidades. Foto: Divulga\u00e7\u00e3o\" width=\"1200\" height=\"750\" srcset=\"https:\/\/99empregos.com.br\/blog\/wp-content\/uploads\/2023\/01\/muffato-vagas-2023.jpg 1200w, https:\/\/99empregos.com.br\/blog\/wp-content\/uploads\/2023\/01\/muffato-vagas-2023-300x188.jpg 300w, https:\/\/99empregos.com.br\/blog\/wp-content\/uploads\/2023\/01\/muffato-vagas-2023-1024x640.jpg 1024w, https:\/\/99empregos.com.br\/blog\/wp-content\/uploads\/2023\/01\/muffato-vagas-2023-768x480.jpg 768w\" sizes=\"(max-width: 1200px) 100vw, 1200px\" \/><figcaption id=\"caption-attachment-14342\" class=\"wp-caption-text\">Grupo Muffato abre novas vagas, confira as oportunidades. Foto: Divulga\u00e7\u00e3o<\/figcaption><\/figure>\n<h3>Mais informa\u00e7\u00f5es sobre o Grupo Muffato<\/h3>\n<section id=\"about\" class=\"sc-90af7a72-0 Ogwlu\" data-testid=\"company-description\">\n<div class=\"sc-90af7a72-1 cxPlKI\">\n<p class=\"ql-align-justify\">Somos o Grupo <a href=\"https:\/\/www.supermuffato.com.br\/\" target=\"_blank\" rel=\"noopener\">Muffato<\/a> \u2013 empresa com s\u00f3lida carreira no varejo nacional, quase 50 anos de experi\u00eancia e 19 mil colaboradores. Somos a sexta empresa no ranking nacional do segmento, segundo a Abras (Associa\u00e7\u00e3o Brasileira de Supermercados) e ainda atuamos com expertise em:\u00a0atacarejo, centros de distribui\u00e7\u00e3o, ind\u00fastria de alimentos, canais de comunica\u00e7\u00e3o e postos de combust\u00edveis.\u00a0Estamos presentes no Paran\u00e1 e em S\u00e3o Paulo, com produtos e servi\u00e7os de alto padr\u00e3o, aliado a tecnologias de \u00faltima gera\u00e7\u00e3o para melhor atender o cliente: autocaixa, shop&amp;go, delivery, click&amp;collect, banco digital (MuPay), clube de benef\u00edcios e vantagens (Clubefato), cart\u00e3o de cr\u00e9dito (Crediffato), Muffato Assistente de Intelig\u00eancia Artificial\u00a0(Maia) e muito mais!<\/p>\n<h3>Como se candidatar<\/h3>\n<p>Se voc\u00ea encontrou uma oportunidade de emprego que se encaixa no seu perfil profissional, <a href=\"https:\/\/99empregos.com.br\/vaga\/grupo-muffato-segue-contratando-veja-novas-vagas\/\">basta clicar neste link<\/a> para se candidatar agora mesmo. No entanto, antes de efetivar a sua inscri\u00e7\u00e3o, recomendamos que fa\u00e7a uma revis\u00e3o completa de todos os pr\u00e9-requisitos solicitados pela companhia. Boa sorte!<\/p>\n<\/div>\n<\/section>\n","protected":false},"excerpt":{"rendered":"<p>O Grupo Muffato, uma das maiores redes de supermercados do Brasil, est\u00e1 com novas vagas de emprego espalhadas pelo pa\u00eds. Expandindo cada vez mais os seus investimentos no setor, a companhia agora precisa dos seguintes profissionais para integrarem a sua equipe: A\u00e7ougueiro &#8211; Apucarana &#8211; Filial Bela Vista APUCARANA\/PR;\u00a0 A\u00e7ougueiro &#8211; Filial Av S\u00e3o Paulo [&hellip;]<\/p>\n","protected":false},"author":8,"featured_media":14343,"comment_status":"open","ping_status":"closed","sticky":false,"template":"","format":"standard","meta":{"footnotes":""},"categories":[7],"tags":[5,778,1542],"class_list":["post-14337","post","type-post","status-publish","format-standard","has-post-thumbnail","hentry","category-noticias","tag-empregos","tag-novas-oportunidades","tag-vagas-2023"],"_links":{"self":[{"href":"https:\/\/99empregos.com.br\/blog\/wp-json\/wp\/v2\/posts\/14337","targetHints":{"allow":["GET"]}}],"collection":[{"href":"https:\/\/99empregos.com.br\/blog\/wp-json\/wp\/v2\/posts"}],"about":[{"href":"https:\/\/99empregos.com.br\/blog\/wp-json\/wp\/v2\/types\/post"}],"author":[{"embeddable":true,"href":"https:\/\/99empregos.com.br\/blog\/wp-json\/wp\/v2\/users\/8"}],"replies":[{"embeddable":true,"href":"https:\/\/99empregos.com.br\/blog\/wp-json\/wp\/v2\/comments?post=14337"}],"version-history":[{"count":0,"href":"https:\/\/99empregos.com.br\/blog\/wp-json\/wp\/v2\/posts\/14337\/revisions"}],"wp:featuredmedia":[{"embeddable":true,"href":"https:\/\/99empregos.com.br\/blog\/wp-json\/wp\/v2\/media\/14343"}],"wp:attachment":[{"href":"https:\/\/99empregos.com.br\/blog\/wp-json\/wp\/v2\/media?parent=14337"}],"wp:term":[{"taxonomy":"category","embeddable":true,"href":"https:\/\/99empregos.com.br\/blog\/wp-json\/wp\/v2\/categories?post=14337"},{"taxonomy":"post_tag","embeddable":true,"href":"https:\/\/99empregos.com.br\/blog\/wp-json\/wp\/v2\/tags?post=14337"}],"curies":[{"name":"wp","href":"https:\/\/api.w.org\/{rel}","templated":true}]}}