{"id":14362,"date":"2023-01-09T09:39:52","date_gmt":"2023-01-09T12:39:52","guid":{"rendered":"https:\/\/123empregos.com.br\/?p=14362"},"modified":"2025-04-23T15:38:18","modified_gmt":"2025-04-23T18:38:18","slug":"cidade-do-rj-abre-420-vagas-de-emprego-nesta-segunda-19","status":"publish","type":"post","link":"https:\/\/99empregos.com.br\/blog\/cidade-do-rj-abre-420-vagas-de-emprego-nesta-segunda-19\/","title":{"rendered":"Cidade do RJ abre 420 vagas de emprego nesta segunda (19)"},"content":{"rendered":"<p>A Prefeitura do Rio, por meio da Secretaria de Trabalho e Renda (SMTE), divulga, nesta segunda-feira (9\/1), as cerca de 420 vagas de emprego no RJ, tanto dentro do munic\u00edpio, como na Regi\u00e3o Metropolitana.<\/p>\n<p>S\u00e3o vagas de emprego no RJ para todos os n\u00edveis de escolaridade. Do total, 155 vagas s\u00e3o destinadas aos trabalhadores com defici\u00eancia (PCD). A faixa salarial \u00e9 de R$ 1.200,00 a R$ 3.000,00.<\/p>\n<p><strong>Veja tamb\u00e9m:\u00a0<a href=\"https:\/\/99empregos.com.br\/rede-de-supermercados-abre-novas-vagas-confira\/\" target=\"_blank\" rel=\"noopener\">Rede de supermercados abre novas vagas, confira<\/a><\/strong><\/p>\n<h2>Inscri\u00e7\u00f5es as vagas de emprego no RJ<\/h2>\n<p>Os interessados nas vagas de emprego no RJ devem, preferencialmente, preencher o <strong><a role=\"link\" href=\"https:\/\/docs.google.com\/forms\/d\/e\/1FAIpQLSe1wh16NX9vRXu86imktTOv-_6N2dh93aeW_bnQbMs0QcXSYg\/closedform\" target=\"_blank\" rel=\"noopener\">formul\u00e1rio online<\/a><\/strong> mas podem tamb\u00e9m enviar o curr\u00edculo para o e-mail trabalho.smte@gmail.com. \u00c9 importante manter as informa\u00e7\u00f5es e contatos atualizados em nossa base de dados para que possam entrar em contato e informar sobre as oportunidades.<\/p>\n<p><strong>Veja tamb\u00e9m:\u00a0<a href=\"https:\/\/99empregos.com.br\/empresa-de-inovacao-abre-novas-vagas-confira\/\" target=\"_blank\" rel=\"noopener\">Empresa de inova\u00e7\u00e3o abre novas vagas, confira<\/a><\/strong><\/p>\n<p>Os candidatos podem tamb\u00e9m comparecer a um dos sete Centros Municipais de Emprego, das 8 \u00e0s 16h, que ficam em Campo Grande (Rua Coxilha, s\/n), Engenho Novo (Rua Vinte Quatro de Maio, 921), Ilha do Governador (Estrada do Dend\u00ea, 2.080), Santa Cruz (Rua Lopes de Moura, 58), Tijuca (Rua Camaragibe, 25), Centro (Av. Presidente Vargas, 1.997, CIAD- exclusivo para pessoas com defici\u00eancia) e Jacarepagu\u00e1 (Av. Gerem\u00e1rio Dantas, 1.400 salas 172 e 173), \u00fanico que tem hor\u00e1rio diferenciado, das 9 \u00e0s 17h.<\/p>\n<p>Para as oportunidades destinadas aos trabalhadores com defici\u00eancia, \u00e9 preciso enviar o curr\u00edculo para o e-mail vagaspcd.smte@gmail.com.<\/p>\n","protected":false},"excerpt":{"rendered":"<p>A Prefeitura do Rio, por meio da Secretaria de Trabalho e Renda (SMTE), divulga, nesta segunda-feira (9\/1), as cerca de 420 vagas de emprego no RJ, tanto dentro do munic\u00edpio, como na Regi\u00e3o Metropolitana. S\u00e3o vagas de emprego no RJ para todos os n\u00edveis de escolaridade. Do total, 155 vagas s\u00e3o destinadas aos trabalhadores com [&hellip;]<\/p>\n","protected":false},"author":4,"featured_media":11438,"comment_status":"open","ping_status":"closed","sticky":false,"template":"","format":"standard","meta":{"footnotes":""},"categories":[15],"tags":[152,150,161],"class_list":["post-14362","post","type-post","status-publish","format-standard","has-post-thumbnail","hentry","category-vagas","tag-emprego-rj","tag-vagas-de-emprego-rj","tag-vagas-rj"],"_links":{"self":[{"href":"https:\/\/99empregos.com.br\/blog\/wp-json\/wp\/v2\/posts\/14362","targetHints":{"allow":["GET"]}}],"collection":[{"href":"https:\/\/99empregos.com.br\/blog\/wp-json\/wp\/v2\/posts"}],"about":[{"href":"https:\/\/99empregos.com.br\/blog\/wp-json\/wp\/v2\/types\/post"}],"author":[{"embeddable":true,"href":"https:\/\/99empregos.com.br\/blog\/wp-json\/wp\/v2\/users\/4"}],"replies":[{"embeddable":true,"href":"https:\/\/99empregos.com.br\/blog\/wp-json\/wp\/v2\/comments?post=14362"}],"version-history":[{"count":0,"href":"https:\/\/99empregos.com.br\/blog\/wp-json\/wp\/v2\/posts\/14362\/revisions"}],"wp:featuredmedia":[{"embeddable":true,"href":"https:\/\/99empregos.com.br\/blog\/wp-json\/wp\/v2\/media\/11438"}],"wp:attachment":[{"href":"https:\/\/99empregos.com.br\/blog\/wp-json\/wp\/v2\/media?parent=14362"}],"wp:term":[{"taxonomy":"category","embeddable":true,"href":"https:\/\/99empregos.com.br\/blog\/wp-json\/wp\/v2\/categories?post=14362"},{"taxonomy":"post_tag","embeddable":true,"href":"https:\/\/99empregos.com.br\/blog\/wp-json\/wp\/v2\/tags?post=14362"}],"curies":[{"name":"wp","href":"https:\/\/api.w.org\/{rel}","templated":true}]}}