{"id":14369,"date":"2023-01-09T10:14:56","date_gmt":"2023-01-09T13:14:56","guid":{"rendered":"https:\/\/123empregos.com.br\/?p=14369"},"modified":"2025-04-30T16:05:56","modified_gmt":"2025-04-30T19:05:56","slug":"regiao-metropolitana-do-recife-abre-300-vagas-no-novo-atacarejo","status":"publish","type":"post","link":"https:\/\/99empregos.com.br\/blog\/regiao-metropolitana-do-recife-abre-300-vagas-no-novo-atacarejo\/","title":{"rendered":"Regi\u00e3o Metropolitana do Recife abre 300 vagas no Novo Atacarejo"},"content":{"rendered":"<p>A cidade de Jaboat\u00e3o dos Guararapes, Regi\u00e3o Metropolitana do Recife, deve ganhar mais uma unidade do Novo Atacarejo. O empreendimento deve levar emprego e renda para a regi\u00e3o; a expectativa \u00e9 de que sejam geradas 300 vagas de emprego direito.<\/p>\n<p>Essa \u00e9 a segunda unidade da marca a ser inaugurada na cidade, a primeira foi aberta em setembro de 2022.<\/p>\n<p><strong>Veja tamb\u00e9m:\u00a0<a href=\"https:\/\/99empregos.com.br\/fundacao-do-trabalho-de-mato-grosso-do-sul-abre-2-654-vagas-de-emprego\/\" target=\"_blank\" rel=\"noopener\">Funda\u00e7\u00e3o do Trabalho de Mato Grosso do Sul abre 2.654 vagas de emprego<\/a><\/strong><\/p>\n<h2>Localiza\u00e7\u00e3o das vagas e processo de inscri\u00e7\u00e3o<\/h2>\n<p>O empreendimento ser\u00e1 localizado bairro de Santo Aleixo, pr\u00f3ximo \u00e0 BR-232 e a obras devem ser iniciadas j\u00e1 nesta segunda, 9, com previs\u00e3o de t\u00e9rmino ainda nesse primeiro semestre.<\/p>\n<p>As contrata\u00e7\u00f5es ser\u00e3o intermediadas pela <a href=\"https:\/\/www.sedepe.pe.gov.br\/?option=com_content&amp;view=article&amp;id=46&amp;Itemid=106\" target=\"_blank\" rel=\"noopener\">Ag\u00eancia do Trabalho<\/a>, com expectativa de que as sele\u00e7\u00f5es sejam feitas 60 dias antes da inaugura\u00e7\u00e3o, a ideia \u00e9 priorizar a contrata\u00e7\u00e3o de m\u00e3o de obra local.<\/p>\n<p>Al\u00e9m das vagas diretas, h\u00e1 uma estimativa de que outras 1.500 vagas de emprego indireto ser\u00e3o geradas com a instala\u00e7\u00e3o da unidade em Jaboat\u00e3o.<\/p>\n<p><strong>Veja tamb\u00e9m:\u00a0<a href=\"https:\/\/99empregos.com.br\/cidade-do-rj-abre-420-vagas-de-emprego-nesta-segunda-19\/\" target=\"_blank\" rel=\"noopener\">Cidade do RJ abre 420 vagas de emprego nesta segunda (19)<\/a><\/strong><\/p>\n<h2>Sobre o Novo Atacarejo<\/h2>\n<p>O Novo Atacarejo \u00e9 uma rede pernambucana que surgiu com o objetivo de melhorar a qualidade de vida da popula\u00e7\u00e3o oferecendo o melhor das grandes redes pelo menor pre\u00e7o.<\/p>\n<p>As unidades contam com servi\u00e7os de a\u00e7ougue, frios e padaria com produ\u00e7\u00e3o pr\u00f3pria, al\u00e9m da comercializa\u00e7\u00e3o de alimentos perec\u00edveis, mercearia, artigos de higiene, limpeza, bazar, automotivo, eletroport\u00e1teis, bomboniere e bebidas.<\/p>\n<p>Todas elas est\u00e3o localizadas em um terreno de 20mil metros, com estacionamento pr\u00f3prio, ambiente climatizado, comercializando em torno de 9 mil itens.<\/p>\n","protected":false},"excerpt":{"rendered":"<p>A cidade de Jaboat\u00e3o dos Guararapes, Regi\u00e3o Metropolitana do Recife, deve ganhar mais uma unidade do Novo Atacarejo. O empreendimento deve levar emprego e renda para a regi\u00e3o; a expectativa \u00e9 de que sejam geradas 300 vagas de emprego direito. Essa \u00e9 a segunda unidade da marca a ser inaugurada na cidade, a primeira foi [&hellip;]<\/p>\n","protected":false},"author":4,"featured_media":14377,"comment_status":"open","ping_status":"closed","sticky":false,"template":"","format":"standard","meta":{"footnotes":""},"categories":[15],"tags":[1675,16,1676],"class_list":["post-14369","post","type-post","status-publish","format-standard","has-post-thumbnail","hentry","category-vagas","tag-emprego-recife","tag-vagas-de-emprego","tag-vagas-recife"],"_links":{"self":[{"href":"https:\/\/99empregos.com.br\/blog\/wp-json\/wp\/v2\/posts\/14369","targetHints":{"allow":["GET"]}}],"collection":[{"href":"https:\/\/99empregos.com.br\/blog\/wp-json\/wp\/v2\/posts"}],"about":[{"href":"https:\/\/99empregos.com.br\/blog\/wp-json\/wp\/v2\/types\/post"}],"author":[{"embeddable":true,"href":"https:\/\/99empregos.com.br\/blog\/wp-json\/wp\/v2\/users\/4"}],"replies":[{"embeddable":true,"href":"https:\/\/99empregos.com.br\/blog\/wp-json\/wp\/v2\/comments?post=14369"}],"version-history":[{"count":0,"href":"https:\/\/99empregos.com.br\/blog\/wp-json\/wp\/v2\/posts\/14369\/revisions"}],"wp:featuredmedia":[{"embeddable":true,"href":"https:\/\/99empregos.com.br\/blog\/wp-json\/wp\/v2\/media\/14377"}],"wp:attachment":[{"href":"https:\/\/99empregos.com.br\/blog\/wp-json\/wp\/v2\/media?parent=14369"}],"wp:term":[{"taxonomy":"category","embeddable":true,"href":"https:\/\/99empregos.com.br\/blog\/wp-json\/wp\/v2\/categories?post=14369"},{"taxonomy":"post_tag","embeddable":true,"href":"https:\/\/99empregos.com.br\/blog\/wp-json\/wp\/v2\/tags?post=14369"}],"curies":[{"name":"wp","href":"https:\/\/api.w.org\/{rel}","templated":true}]}}