{"id":14434,"date":"2023-01-09T12:44:52","date_gmt":"2023-01-09T15:44:52","guid":{"rendered":"https:\/\/123empregos.com.br\/?p=14434"},"modified":"2023-01-09T12:44:52","modified_gmt":"2023-01-09T15:44:52","slug":"ambev-abre-um-novo-programa-de-talento-regional-para-o-rio-de-janeiro","status":"publish","type":"post","link":"https:\/\/99empregos.com.br\/blog\/ambev-abre-um-novo-programa-de-talento-regional-para-o-rio-de-janeiro\/","title":{"rendered":"Ambev abre um novo Programa de Talento Regional para o Rio de Janeiro"},"content":{"rendered":"<p><span style=\"font-weight: 400\">A Ambev \u00e9 a maior cervejaria do Brasil e \u00e9 respons\u00e1vel pelos principais r\u00f3tulos de bebidas que s\u00e3o vendidos no mercado brasileiro.<\/span><\/p>\n<p><span style=\"font-weight: 400\">Ela pertence ao grupo Anheuser-Busch InBev e \u00e9 respons\u00e1vel por controlar 69% das cervejas e \u00e9 a 14\u00ba maior empresa do pa\u00eds em receita l\u00edquida.<\/span><\/p>\n<p><span style=\"font-weight: 400\">Foi fundada em 1999, a partir da fus\u00e3o entre as ent\u00e3o concorrentes Companhia Antarctica Paulista e a Companhia Cervejaria Brahma.<\/span><\/p>\n<p><span style=\"font-weight: 400\">Com o decorrer dos anos, a companhia juntou novas marcas e cervejarias para o seu portf\u00f3lio e expandiu as suas produ\u00e7\u00e3o para o que conhecemos hoje em dia.<\/span><\/p>\n<p><span style=\"font-weight: 400\">Atualmente, a Ambev conta com mais de 10 mil funcion\u00e1rios espalhados em todo o Brasil.<\/span><\/p>\n<p><span style=\"font-weight: 400\">Mas neste m\u00eas, ela decidiu expandir o seu time e abriu um novo Programa de Talento Regional para o RJ.<\/span><\/p>\n<h2><span style=\"font-weight: 400\">Sobre a vaga<\/span><\/h2>\n<p><span style=\"font-weight: 400\">Atualmente a cultura da Ambev passa por um processo de transforma\u00e7\u00e3o e evolu\u00e7\u00e3o.<\/span><\/p>\n<p><span style=\"font-weight: 400\">A hist\u00f3ria da empresa e o jeito dela ser s\u00e3o marcados por grandes sonhos que levaram a Ambev at\u00e9 onde ela est\u00e1 hoje.<\/span><\/p>\n<p><span style=\"font-weight: 400\">No entanto, a companhia acredita que o momento de evoluir \u00e9 sempre agora e poder fazer junto com seus colaboradores \u00e9 incr\u00edvel.<\/span><\/p>\n<p><span style=\"font-weight: 400\">A cultura da empresa honra o passado e hoje tamb\u00e9m \u00e9 norteada por 3 principais valores que guiam a companhia para ser uma cia cada vez mais inclusiva, diversa, colaborativa, tecnol\u00f3gica e conectada ao futuro do mundo e da plataforma de neg\u00f3cios da Ambev, elas s\u00e3o: escuta ativa, colabora\u00e7\u00e3o e vis\u00e3o de longo prazo.<\/span><\/p>\n<h2><span style=\"font-weight: 400\">Requerimentos da vaga da Ambev<\/span><\/h2>\n<ul>\n<li style=\"font-weight: 400\"><span style=\"font-weight: 400\">Capacidade de liderar equipes;<\/span><\/li>\n<li style=\"font-weight: 400\"><span style=\"font-weight: 400\">Facilidade de boa comunica\u00e7\u00e3o;<\/span><\/li>\n<li style=\"font-weight: 400\"><span style=\"font-weight: 400\">Bom relacionamento interpessoal;<\/span><\/li>\n<li style=\"font-weight: 400\"><span style=\"font-weight: 400\">Capacidade anal\u00edtica;<\/span><\/li>\n<li style=\"font-weight: 400\"><span style=\"font-weight: 400\">Disciplina para cumprrimento de rotina;<\/span><\/li>\n<li style=\"font-weight: 400\"><span style=\"font-weight: 400\">Disposi\u00e7\u00e3o para trabalhos externos;<\/span><\/li>\n<li style=\"font-weight: 400\"><span style=\"font-weight: 400\">Forma\u00e7\u00e3o: ensino m\u00e9dio completo;<\/span><\/li>\n<li style=\"font-weight: 400\"><span style=\"font-weight: 400\">Desej\u00e1vel CNH B definitiva, com limite de 8 pontos e sem multa grav\u00edssima.<\/span><\/li>\n<\/ul>\n<h2><span style=\"font-weight: 400\">Benef\u00edcios<\/span><\/h2>\n<ul>\n<li style=\"font-weight: 400\"><span style=\"font-weight: 400\">Plano odontol\u00f3gico;<\/span><\/li>\n<li style=\"font-weight: 400\"><span style=\"font-weight: 400\">Plano de sa\u00fade;<\/span><\/li>\n<li style=\"font-weight: 400\"><span style=\"font-weight: 400\">Venda de produtos para funcion\u00e1rios;<\/span><\/li>\n<li style=\"font-weight: 400\"><span style=\"font-weight: 400\">Aux\u00edlio refei\u00e7\u00e3o e alimenta\u00e7\u00e3o;<\/span><\/li>\n<li style=\"font-weight: 400\"><span style=\"font-weight: 400\">Cesta de natal + brinquedos para quem tem filhos;<\/span><\/li>\n<li style=\"font-weight: 400\"><span style=\"font-weight: 400\">Gympass;<\/span><\/li>\n<li style=\"font-weight: 400\"><span style=\"font-weight: 400\">Previd\u00eancia privada;<\/span><\/li>\n<li style=\"font-weight: 400\"><span style=\"font-weight: 400\">Zenklub;<\/span><\/li>\n<li style=\"font-weight: 400\"><span style=\"font-weight: 400\">Gente 360\u00ba;<\/span><\/li>\n<li style=\"font-weight: 400\"><span style=\"font-weight: 400\">13\u00ba e 14\u00ba sal\u00e1rios;<\/span><\/li>\n<li style=\"font-weight: 400\"><span style=\"font-weight: 400\">B\u00f4nus;<\/span><\/li>\n<li style=\"font-weight: 400\"><span style=\"font-weight: 400\">Aux\u00edlio farm\u00e1cia;<\/span><\/li>\n<li style=\"font-weight: 400\"><span style=\"font-weight: 400\">Aux\u00edlio material escolar.<\/span><\/li>\n<\/ul>\n","protected":false},"excerpt":{"rendered":"<p>A Ambev \u00e9 a maior cervejaria do Brasil e \u00e9 respons\u00e1vel pelos principais r\u00f3tulos de bebidas que s\u00e3o vendidos no mercado brasileiro. Ela pertence ao grupo Anheuser-Busch InBev e \u00e9 respons\u00e1vel por controlar 69% das cervejas e \u00e9 a 14\u00ba maior empresa do pa\u00eds em receita l\u00edquida. Foi fundada em 1999, a partir da fus\u00e3o [&hellip;]<\/p>\n","protected":false},"author":5,"featured_media":8998,"comment_status":"open","ping_status":"closed","sticky":false,"template":"","format":"standard","meta":{"footnotes":""},"categories":[7],"tags":[588,861],"class_list":["post-14434","post","type-post","status-publish","format-standard","has-post-thumbnail","hentry","category-noticias","tag-ambev","tag-vagas-ambev"],"_links":{"self":[{"href":"https:\/\/99empregos.com.br\/blog\/wp-json\/wp\/v2\/posts\/14434","targetHints":{"allow":["GET"]}}],"collection":[{"href":"https:\/\/99empregos.com.br\/blog\/wp-json\/wp\/v2\/posts"}],"about":[{"href":"https:\/\/99empregos.com.br\/blog\/wp-json\/wp\/v2\/types\/post"}],"author":[{"embeddable":true,"href":"https:\/\/99empregos.com.br\/blog\/wp-json\/wp\/v2\/users\/5"}],"replies":[{"embeddable":true,"href":"https:\/\/99empregos.com.br\/blog\/wp-json\/wp\/v2\/comments?post=14434"}],"version-history":[{"count":0,"href":"https:\/\/99empregos.com.br\/blog\/wp-json\/wp\/v2\/posts\/14434\/revisions"}],"wp:featuredmedia":[{"embeddable":true,"href":"https:\/\/99empregos.com.br\/blog\/wp-json\/wp\/v2\/media\/8998"}],"wp:attachment":[{"href":"https:\/\/99empregos.com.br\/blog\/wp-json\/wp\/v2\/media?parent=14434"}],"wp:term":[{"taxonomy":"category","embeddable":true,"href":"https:\/\/99empregos.com.br\/blog\/wp-json\/wp\/v2\/categories?post=14434"},{"taxonomy":"post_tag","embeddable":true,"href":"https:\/\/99empregos.com.br\/blog\/wp-json\/wp\/v2\/tags?post=14434"}],"curies":[{"name":"wp","href":"https:\/\/api.w.org\/{rel}","templated":true}]}}