{"id":14591,"date":"2023-01-16T12:15:56","date_gmt":"2023-01-16T15:15:56","guid":{"rendered":"https:\/\/123empregos.com.br\/?p=14591"},"modified":"2023-01-16T12:15:56","modified_gmt":"2023-01-16T15:15:56","slug":"foto-no-curriculo-deve-ser-colocada-ou-nao","status":"publish","type":"post","link":"https:\/\/99empregos.com.br\/blog\/foto-no-curriculo-deve-ser-colocada-ou-nao\/","title":{"rendered":"Foto no curr\u00edculo deve ser colocada ou n\u00e3o?"},"content":{"rendered":"<p>Colocar uma <strong>foto no curr\u00edculo<\/strong> \u00e9 uma decis\u00e3o que cabe apenas ao candidato. Mas \u00e9 importante considerar algumas recomenda\u00e7\u00f5es de imagem. Por exemplo, deve ser do rosto e ombros, com fundo de cor s\u00f3lida e roupas com cores s\u00e9rias como azul, preto ou cinza. Al\u00e9m disso, a imagem deve estar bem focada, a ilumina\u00e7\u00e3o adequada e a postura adequada.<\/p>\n<p>Se uma pessoa come\u00e7ar\u00e1 a procurar emprego, ela deve ter claro alguns <a href=\"https:\/\/99empregos.com.br\/curriculo-de-primeira-o-que-nao-deve-faltar-no-seu\/\" target=\"_blank\" rel=\"noopener\">detalhes<\/a> que devem ser considerados. Nesse sentido, \u00e9 importante colocar tudo o que foi feito na vida acad\u00eamica e profissional. A foto no curr\u00edculo nem \u00e9 t\u00e3o importante, exceto se estiver especificado nos requisitos da vaga anunciada.<\/p>\n<h2>Foto no curr\u00edculo se coloca ou n\u00e3o?<\/h2>\n<h3>N\u00e3o coloque imagem<\/h3>\n<p>Diz-se que os candidatos devem ser avaliados por sua experi\u00eancia e conhecimento, e n\u00e3o por sua apar\u00eancia f\u00edsica. Se for colocada uma fotografia, esta imagem ser\u00e1 o primeiro foco de aten\u00e7\u00e3o do recrutador, desde a primeira avalia\u00e7\u00e3o (por vezes inconsciente) e durante o resto do processo de sele\u00e7\u00e3o ser\u00e1 baseado neste reconhecimento inicial. Portanto, os gerentes de RH argumentam que deve-se responder apenas ao que o an\u00fancio pede. Se n\u00e3o pedir uma foto, n\u00e3o precisa coloc\u00e1-la.<\/p>\n<h3>Coloque a imagem<\/h3>\n<p>\u00c9 um procedimento que permite humanizar o curr\u00edculo. Os candidatos deixam de ser palavras e n\u00fameros e passam a ter um rosto. Al\u00e9m disso, n\u00e3o h\u00e1 d\u00favida de que a imagem \u00e9 muito importante em cargos de contato direto com o p\u00fablico.<\/p>\n<p>\u00c9 importante recordar que com a utiliza\u00e7\u00e3o das redes sociais e de emprego, como o Facebook e o LinkedIn, fica dispon\u00edvel a fotografia dos candidatos. Mas, \u00e9 necess\u00e1rio anexar uma que traduza todo o profissionalismo.<\/p>\n<h2>Precau\u00e7\u00f5es<\/h2>\n<p>Na foto de um candidato a emprego, apenas o rosto e os ombros devem ser considerados, al\u00e9m das roupas. Voc\u00ea deve optar por um fundo de cor \u00fanica e roupas com cores s\u00e9rias como azul, preto ou cinza. A imagem deve estar bem focada, a ilumina\u00e7\u00e3o deve ser adequada e a postura deve ser adequada. Em resumo, colocar foto no curr\u00edculo ou n\u00e3o \u00e9 uma decis\u00e3o do candidato, mas \u00e9 preciso lembrar que uma imagem vale mais que mil <a href=\"https:\/\/99empregos.com.br\/quais-habilidades-colocar-em-um-curriculo-e-como-fazer-para-ser-eficaz\/\" target=\"_blank\" rel=\"noopener\">palavras<\/a>.<\/p>\n<div id=\"icpbravoaccess_loaded\"><\/div>\n","protected":false},"excerpt":{"rendered":"<p>Colocar uma foto no curr\u00edculo \u00e9 uma decis\u00e3o que cabe apenas ao candidato. Mas \u00e9 importante considerar algumas recomenda\u00e7\u00f5es de imagem. Por exemplo, deve ser do rosto e ombros, com fundo de cor s\u00f3lida e roupas com cores s\u00e9rias como azul, preto ou cinza. Al\u00e9m disso, a imagem deve estar bem focada, a ilumina\u00e7\u00e3o adequada [&hellip;]<\/p>\n","protected":false},"author":2,"featured_media":16206,"comment_status":"open","ping_status":"closed","sticky":false,"template":"","format":"standard","meta":{"footnotes":""},"categories":[24],"tags":[8],"class_list":["post-14591","post","type-post","status-publish","format-standard","has-post-thumbnail","hentry","category-curiosidades","tag-curriculo"],"_links":{"self":[{"href":"https:\/\/99empregos.com.br\/blog\/wp-json\/wp\/v2\/posts\/14591","targetHints":{"allow":["GET"]}}],"collection":[{"href":"https:\/\/99empregos.com.br\/blog\/wp-json\/wp\/v2\/posts"}],"about":[{"href":"https:\/\/99empregos.com.br\/blog\/wp-json\/wp\/v2\/types\/post"}],"author":[{"embeddable":true,"href":"https:\/\/99empregos.com.br\/blog\/wp-json\/wp\/v2\/users\/2"}],"replies":[{"embeddable":true,"href":"https:\/\/99empregos.com.br\/blog\/wp-json\/wp\/v2\/comments?post=14591"}],"version-history":[{"count":0,"href":"https:\/\/99empregos.com.br\/blog\/wp-json\/wp\/v2\/posts\/14591\/revisions"}],"wp:featuredmedia":[{"embeddable":true,"href":"https:\/\/99empregos.com.br\/blog\/wp-json\/wp\/v2\/media\/16206"}],"wp:attachment":[{"href":"https:\/\/99empregos.com.br\/blog\/wp-json\/wp\/v2\/media?parent=14591"}],"wp:term":[{"taxonomy":"category","embeddable":true,"href":"https:\/\/99empregos.com.br\/blog\/wp-json\/wp\/v2\/categories?post=14591"},{"taxonomy":"post_tag","embeddable":true,"href":"https:\/\/99empregos.com.br\/blog\/wp-json\/wp\/v2\/tags?post=14591"}],"curies":[{"name":"wp","href":"https:\/\/api.w.org\/{rel}","templated":true}]}}