{"id":14636,"date":"2023-01-10T05:33:34","date_gmt":"2023-01-10T08:33:34","guid":{"rendered":"https:\/\/123empregos.com.br\/?p=14636"},"modified":"2025-04-30T16:05:57","modified_gmt":"2025-04-30T19:05:57","slug":"administradora-de-servicos-de-saude-abre-novas-vagas-confira","status":"publish","type":"post","link":"https:\/\/99empregos.com.br\/blog\/administradora-de-servicos-de-saude-abre-novas-vagas-confira\/","title":{"rendered":"Administradora de servi\u00e7os de sa\u00fade abre novas vagas, confira"},"content":{"rendered":"<p>A Pilar, holding administradora de servi\u00e7os de sa\u00fade, est\u00e1 com novas vagas de <a href=\"https:\/\/99empregos.com.br\/vaga\/rede-dor-anuncia-novos-empregos-em-todo-o-pais\/\">emprego<\/a> espalhadas pelo Brasil. Expandindo cada vez mais os seus investimentos no setor, a companhia agora precisa dos seguintes profissionais para integrarem a sua equipe:<\/p>\n<ul>\n<li><span style=\"font-weight: 400\">Analista Administrativo &#8211; \u00c1rea de Mercado CURITIBA;\u00a0<\/span><\/li>\n<li><span style=\"font-weight: 400\">Assistente Administra\u00e7\u00e3o de Pessoal CURITIBA;\u00a0<\/span><\/li>\n<li><span style=\"font-weight: 400\">Assistente de Marketing Curitiba\/PR;\u00a0<\/span><\/li>\n<li><span style=\"font-weight: 400\">Assistente Financeiro CURITIBA;\u00a0<\/span><\/li>\n<li><span style=\"font-weight: 400\">Auxiliar Administrativo Curitiba\/PR;\u00a0<\/span><\/li>\n<li><span style=\"font-weight: 400\">Auxiliar de Farm\u00e1cia- CEDIP CURITIBA;\u00a0<\/span><\/li>\n<li><span style=\"font-weight: 400\">Auxiliar de Farm\u00e1cia &#8211; PILAR CURITIBA\/PR;\u00a0<\/span><\/li>\n<li><span style=\"font-weight: 400\">Auxiliar de Faturamento CURITIBA;\u00a0<\/span><\/li>\n<li><span style=\"font-weight: 400\">Auxiliar de Faturamento Curitiba\/PR;\u00a0<\/span><\/li>\n<li><span style=\"font-weight: 400\">Banco de Talentos CURITIBA\/PR;\u00a0<\/span><\/li>\n<li><span style=\"font-weight: 400\">Consultor Comercial Curitiba\/PR;\u00a0<\/span><\/li>\n<li><span style=\"font-weight: 400\">Enfermeiro &#8211; Centro Diagn\u00f3stico por Imagem Curitiba\/PR;\u00a0<\/span><\/li>\n<li><span style=\"font-weight: 400\">Enfermeiro CIHDOTT CURITIBA;\u00a0<\/span><\/li>\n<li><span style=\"font-weight: 400\">Enfermeiro Folguista &#8211; Unidades de Interna\u00e7\u00e3o &#8211; Noite CURITIBA;<\/span><\/li>\n<li><span style=\"font-weight: 400\">Enfermeiro Pronto Atendimento CURITIBA;\u00a0<\/span><\/li>\n<li><span style=\"font-weight: 400\">Estagi\u00e1rio de Marketing Curitiba\/PR;\u00a0<\/span><\/li>\n<li><span style=\"font-weight: 400\">Estagi\u00e1rio Jur\u00eddico CURITIBA\/PR;\u00a0<\/span><\/li>\n<li><span style=\"font-weight: 400\">Estagi\u00e1rio Secretariado CURITIBA;\u00a0<\/span><\/li>\n<li><span style=\"font-weight: 400\">Estagi\u00e1rio &#8211; T\u00e9cnico de Enfermagem- CEDIP CURITIBA;\u00a0<\/span><\/li>\n<li><span style=\"font-weight: 400\">Estagi\u00e1rio T\u00e9cnico de Enfermagem &#8211; Centro Cir\u00fargico CURITIBA;\u00a0<\/span><\/li>\n<li><span style=\"font-weight: 400\">Estagi\u00e1rio T\u00e9cnico de Enfermagem &#8211; UTI &#8211; Tarde CURITIBA;\u00a0<\/span><\/li>\n<li><span style=\"font-weight: 400\">Farmac\u00eautico (a)- Curitiba CURITIBA\/PR;\u00a0<\/span><\/li>\n<li><span style=\"font-weight: 400\">Recepcionista CURITIBA;\u00a0<\/span><\/li>\n<li><span style=\"font-weight: 400\">Recepcionista CURITIBA;\u00a0<\/span><\/li>\n<li><span style=\"font-weight: 400\">Recepcionista CURITIBA;\u00a0<\/span><\/li>\n<li><span style=\"font-weight: 400\">Recepcionista &#8211; CEDIP CURITIBA.<\/span><\/li>\n<\/ul>\n<figure id=\"attachment_14639\" aria-describedby=\"caption-attachment-14639\" style=\"width: 1200px\" class=\"wp-caption aligncenter\"><img decoding=\"async\" class=\"size-full wp-image-14639\" src=\"https:\/\/99empregos.com.br\/wp-content\/uploads\/2023\/01\/pilar-vagas-2023.jpg\" alt=\"Pilar Hospital abre novas vagas de emprego, confira. Foto: Divulga\u00e7\u00e3o\" width=\"1200\" height=\"750\" srcset=\"https:\/\/99empregos.com.br\/blog\/wp-content\/uploads\/2023\/01\/pilar-vagas-2023.jpg 1200w, https:\/\/99empregos.com.br\/blog\/wp-content\/uploads\/2023\/01\/pilar-vagas-2023-300x188.jpg 300w, https:\/\/99empregos.com.br\/blog\/wp-content\/uploads\/2023\/01\/pilar-vagas-2023-1024x640.jpg 1024w, https:\/\/99empregos.com.br\/blog\/wp-content\/uploads\/2023\/01\/pilar-vagas-2023-768x480.jpg 768w\" sizes=\"(max-width: 1200px) 100vw, 1200px\" \/><figcaption id=\"caption-attachment-14639\" class=\"wp-caption-text\">Pilar Hospital abre novas vagas de emprego, confira. Foto: Divulga\u00e7\u00e3o<\/figcaption><\/figure>\n<h3>Sobre a Pilar Hospital<\/h3>\n<p>A <a href=\"https:\/\/www.hospitalpilar.com.br\/\" target=\"_blank\" rel=\"noopener\">Pilar<\/a> Hospital \u00e9 uma holding administradora de servi\u00e7os de sa\u00fade que prop\u00f5e um modelo inovador de gest\u00e3o integrada, baseada nas ACO\u00b4s (Accountable Care Organizations) dos Estados Unidos, organiza\u00e7\u00f5es respons\u00e1veis pelo cuidado e compartilhamento de risco com as operadoras.<\/p>\n<p>Criada em 2017, a Hospital Care tem como objetivo promover o equil\u00edbrio de interesses entre pacientes, m\u00e9dicos, fontes pagadoras, parceiros e acionistas. Para isso, conta com um sistema de sa\u00fade completo com hospitais de alta complexidade, laborat\u00f3rios de exames, planos de sa\u00fade e centros m\u00e9dicos. Como estrat\u00e9gia de atua\u00e7\u00e3o, a presen\u00e7a est\u00e1 em cidades que funcionam como polos regionais para a gest\u00e3o de sa\u00fade populacional, como S\u00e3o Jos\u00e9 do Rio Preto, Campinas, Ribeir\u00e3o Preto, Sorocaba, Florian\u00f3polis e Curitiba, fortalecendo todo o sistema de sa\u00fade do pa\u00eds.<\/p>\n<p>N\u00f3s, da Hospital Care, acreditamos que\u00a0<em>unir \u00e9 a melhor forma de cuidar<\/em>, ent\u00e3o venha fazer parte dessa hist\u00f3ria. Conhe\u00e7a as nossas oportunidades e encontre a vaga ideal para voc\u00ea! Aqui voc\u00ea encontrar\u00e1 desafios, coopera\u00e7\u00e3o e aprendizado em diversas \u00e1reas de atua\u00e7\u00e3o.<\/p>\n<h3>Como se candidatar<\/h3>\n<p>Se voc\u00ea encontrou uma oportunidade de emprego que se encaixa no seu perfil profissional, <a href=\"https:\/\/99empregos.com.br\/vaga\/pilar-hospital-segue-contratando-veja-novas-vagas\/\">basta clicar neste link<\/a> para se candidatar. No entanto, antes de efetivar a sua inscri\u00e7\u00e3o, recomendamos que fa\u00e7a uma revis\u00e3o completa de todos os pr\u00e9-requisitos solicitados pela companhia. Boa sorte!<\/p>\n","protected":false},"excerpt":{"rendered":"<p>A Pilar, holding administradora de servi\u00e7os de sa\u00fade, est\u00e1 com novas vagas de emprego espalhadas pelo Brasil. Expandindo cada vez mais os seus investimentos no setor, a companhia agora precisa dos seguintes profissionais para integrarem a sua equipe: Analista Administrativo &#8211; \u00c1rea de Mercado CURITIBA;\u00a0 Assistente Administra\u00e7\u00e3o de Pessoal CURITIBA;\u00a0 Assistente de Marketing Curitiba\/PR;\u00a0 Assistente [&hellip;]<\/p>\n","protected":false},"author":8,"featured_media":14640,"comment_status":"open","ping_status":"closed","sticky":false,"template":"","format":"standard","meta":{"footnotes":""},"categories":[7],"tags":[1544,5,37],"class_list":["post-14636","post","type-post","status-publish","format-standard","has-post-thumbnail","hentry","category-noticias","tag-1544","tag-empregos","tag-vagas"],"_links":{"self":[{"href":"https:\/\/99empregos.com.br\/blog\/wp-json\/wp\/v2\/posts\/14636","targetHints":{"allow":["GET"]}}],"collection":[{"href":"https:\/\/99empregos.com.br\/blog\/wp-json\/wp\/v2\/posts"}],"about":[{"href":"https:\/\/99empregos.com.br\/blog\/wp-json\/wp\/v2\/types\/post"}],"author":[{"embeddable":true,"href":"https:\/\/99empregos.com.br\/blog\/wp-json\/wp\/v2\/users\/8"}],"replies":[{"embeddable":true,"href":"https:\/\/99empregos.com.br\/blog\/wp-json\/wp\/v2\/comments?post=14636"}],"version-history":[{"count":0,"href":"https:\/\/99empregos.com.br\/blog\/wp-json\/wp\/v2\/posts\/14636\/revisions"}],"wp:featuredmedia":[{"embeddable":true,"href":"https:\/\/99empregos.com.br\/blog\/wp-json\/wp\/v2\/media\/14640"}],"wp:attachment":[{"href":"https:\/\/99empregos.com.br\/blog\/wp-json\/wp\/v2\/media?parent=14636"}],"wp:term":[{"taxonomy":"category","embeddable":true,"href":"https:\/\/99empregos.com.br\/blog\/wp-json\/wp\/v2\/categories?post=14636"},{"taxonomy":"post_tag","embeddable":true,"href":"https:\/\/99empregos.com.br\/blog\/wp-json\/wp\/v2\/tags?post=14636"}],"curies":[{"name":"wp","href":"https:\/\/api.w.org\/{rel}","templated":true}]}}