{"id":14648,"date":"2023-01-10T05:45:13","date_gmt":"2023-01-10T08:45:13","guid":{"rendered":"https:\/\/123empregos.com.br\/?p=14648"},"modified":"2023-01-10T05:45:13","modified_gmt":"2023-01-10T08:45:13","slug":"rede-de-credito-segue-contratando-confira-agora-mesmo","status":"publish","type":"post","link":"https:\/\/99empregos.com.br\/blog\/rede-de-credito-segue-contratando-confira-agora-mesmo\/","title":{"rendered":"Rede de cr\u00e9dito segue contratando, confira agora mesmo"},"content":{"rendered":"<p>A Redebrasil, uma das empresas mais populares no setor de recupera\u00e7\u00e3o de cr\u00e9dito e atendimento, est\u00e1 com novas <a href=\"https:\/\/99empregos.com.br\/cidade-do-rj-abre-420-vagas-de-emprego-nesta-segunda-19\/\">vagas de emprego<\/a> abertas. Expandindo cada vez mais os seus neg\u00f3cios, a companhia agora precisa dos seguintes profissionais para integrarem a sua equipe:<\/p>\n<ul>\n<li><span style=\"font-weight: 400\">Assistente Adm-ajuizados Porto Alegre\/RS;\u00a0<\/span><\/li>\n<li><span style=\"font-weight: 400\">Assistente Adm Jur\u00eddico I Porto Alegre\/RS;\u00a0<\/span><\/li>\n<li><span style=\"font-weight: 400\">Auxiliar de Higieniza\u00e7\u00e3o S\u00e3o Paulo\/SP;\u00a0<\/span><\/li>\n<li><span style=\"font-weight: 400\">Banco de Talentos &#8211; Analista de Planejamento Canoas\/RS;\u00a0<\/span><\/li>\n<li><span style=\"font-weight: 400\">Banco de Talentos &#8211; Exclusivo para Pessoas com Defici\u00eancia Porto Alegre\/RS;\u00a0<\/span><\/li>\n<li><span style=\"font-weight: 400\">Banco de Talentos &#8211; Gerente Operacional RS Canoas;\u00a0<\/span><\/li>\n<li><span style=\"font-weight: 400\">Banco de Talentos &#8211; Jovem Aprendiz RS Canoas;\u00a0<\/span><\/li>\n<li><span style=\"font-weight: 400\">Banco de Talentos &#8211; Supervisor Operacional de Cobran\u00e7a RS Canoas;\u00a0<\/span><\/li>\n<li><span style=\"font-weight: 400\">Banco de Talentos &#8211; Supervisor Operacional de Cobran\u00e7a SP S\u00e3o Paulo\/SP;\u00a0<\/span><\/li>\n<li><span style=\"font-weight: 400\">BB &#8211; Operador(a) de Cobran\u00e7a Canoas\/RS;\u00a0<\/span><\/li>\n<li><span style=\"font-weight: 400\">BF2 Operador de Cobran\u00e7a Junior Canoas\/RS;\u00a0<\/span><\/li>\n<li><span style=\"font-weight: 400\">BF2 Operador de Cobran\u00e7a Junior Canoas\/RS;\u00a0<\/span><\/li>\n<li><span style=\"font-weight: 400\">BF2 Operador de Cobran\u00e7a Junior Canoas\/RS;\u00a0<\/span><\/li>\n<li><span style=\"font-weight: 400\">BRACML Operador(a) Cobran\u00e7a Junior Canoas\/RS;\u00a0<\/span><\/li>\n<li><span style=\"font-weight: 400\">BRACML Operador(a) Cobran\u00e7a Junior Canoas\/RS;\u00a0<\/span><\/li>\n<li><span style=\"font-weight: 400\">BRACML Operador(a) Cobran\u00e7a Junior Canoas\/RS;\u00a0<\/span><\/li>\n<li><span style=\"font-weight: 400\">BRALP Operador(a) Cobran\u00e7a Junior Canoas\/RS;\u00a0<\/span><\/li>\n<li><span style=\"font-weight: 400\">BRALP Operador(a) Cobran\u00e7a Junior Canoas\/RS;\u00a0<\/span><\/li>\n<li><span style=\"font-weight: 400\">BVA Operador(a) Cobran\u00e7a Junior Canoas\/RS;\u00a0<\/span><\/li>\n<li><span style=\"font-weight: 400\">CAN &#8211; Analista de Control Desk Pleno Canoas\/RS;\u00a0<\/span><\/li>\n<li><span style=\"font-weight: 400\">Estagi\u00e1rio Operador de Cobran\u00e7a &#8211; PJ S\u00e3o Paulo\/SP;\u00a0<\/span><\/li>\n<li><span style=\"font-weight: 400\">IC Operador(a) Cobran\u00e7a Junior S\u00e3o Paulo\/SP.<\/span><\/li>\n<\/ul>\n<figure id=\"attachment_14651\" aria-describedby=\"caption-attachment-14651\" style=\"width: 1200px\" class=\"wp-caption aligncenter\"><img decoding=\"async\" class=\"size-full wp-image-14651\" src=\"https:\/\/99empregos.com.br\/wp-content\/uploads\/2023\/01\/redebras-vagas-2023.jpg\" alt=\"Redebrasil abre novas vagas de emprego, confira. Foto: Divulga\u00e7\u00e3o\" width=\"1200\" height=\"750\" srcset=\"https:\/\/99empregos.com.br\/blog\/wp-content\/uploads\/2023\/01\/redebras-vagas-2023.jpg 1200w, https:\/\/99empregos.com.br\/blog\/wp-content\/uploads\/2023\/01\/redebras-vagas-2023-300x188.jpg 300w, https:\/\/99empregos.com.br\/blog\/wp-content\/uploads\/2023\/01\/redebras-vagas-2023-1024x640.jpg 1024w, https:\/\/99empregos.com.br\/blog\/wp-content\/uploads\/2023\/01\/redebras-vagas-2023-768x480.jpg 768w\" sizes=\"(max-width: 1200px) 100vw, 1200px\" \/><figcaption id=\"caption-attachment-14651\" class=\"wp-caption-text\">Redebrasil abre novas vagas de emprego, confira. Foto: Divulga\u00e7\u00e3o<\/figcaption><\/figure>\n<h3>Mais informa\u00e7\u00f5es sobre a Redebrasil<\/h3>\n<p>Uma Rede de solu\u00e7\u00f5es especialista em recupera\u00e7\u00e3o de cr\u00e9dito e atendimento. S\u00e3o 27 anos de hist\u00f3ria de transforma\u00e7\u00e3o no universo do call center. Atualmente somos mais de 1.800 pessoas, conectadas entre nossas 2 unidades nas cidades de Canoas e S\u00e3o Paulo.<\/p>\n<p>Aqui fazemos o nosso melhor todos os dias: conectar pessoas \u00e0s melhores solu\u00e7\u00f5es do mercado. Acreditamos que as pessoas s\u00e3o a base do nosso neg\u00f3cio, por isso, apostamos na capacita\u00e7\u00e3o e no reconhecimento dos nossos colaboradores.<\/p>\n<p>Somos feitos de pessoas diferentes, fisicamente e culturalmente. Conectados pelas nossas diferen\u00e7as. Seres humanos motivados a ajudar a encontrar solu\u00e7\u00f5es. Juntos somamos uma rede de pluralidade. Somos diversidade. Somos <a href=\"https:\/\/redebrasil.com.br\/sobre\" target=\"_blank\" rel=\"noopener\">Redebrasil<\/a>.<\/p>\n<p>Entendemos que o relacionamento se d\u00e1 pelos mais diversos canais, seja humano ou digital. E nossa equipe est\u00e1 preparada para atender a complexidade desse mix de formas, usando-as de forma complementar e sempre focados na satisfa\u00e7\u00e3o e entrega de valor aos clientes, colaboradores e usu\u00e1rios do nosso servi\u00e7o.<\/p>\n<h3>Como se candidatar<\/h3>\n<p>Se voc\u00ea encontrou uma oportunidade de emprego que se encaixa com o seu perfil profissional, <a href=\"https:\/\/99empregos.com.br\/vaga\/redebrasil-abre-novas-vagas-confira-as-oportunidades\/\">basta clicar neste link<\/a> para se candidatar. No entanto, antes de efetivar a sua inscri\u00e7\u00e3o, recomendamos que fa\u00e7a uma revis\u00e3o completa de todos os pr\u00e9-requisitos solicitados pela companhia. Boa sorte!<\/p>\n","protected":false},"excerpt":{"rendered":"<p>A Redebrasil, uma das empresas mais populares no setor de recupera\u00e7\u00e3o de cr\u00e9dito e atendimento, est\u00e1 com novas vagas de emprego abertas. Expandindo cada vez mais os seus neg\u00f3cios, a companhia agora precisa dos seguintes profissionais para integrarem a sua equipe: Assistente Adm-ajuizados Porto Alegre\/RS;\u00a0 Assistente Adm Jur\u00eddico I Porto Alegre\/RS;\u00a0 Auxiliar de Higieniza\u00e7\u00e3o S\u00e3o [&hellip;]<\/p>\n","protected":false},"author":8,"featured_media":14652,"comment_status":"open","ping_status":"closed","sticky":false,"template":"","format":"standard","meta":{"footnotes":""},"categories":[7],"tags":[5,734,1542],"class_list":["post-14648","post","type-post","status-publish","format-standard","has-post-thumbnail","hentry","category-noticias","tag-empregos","tag-novas-vagas","tag-vagas-2023"],"_links":{"self":[{"href":"https:\/\/99empregos.com.br\/blog\/wp-json\/wp\/v2\/posts\/14648","targetHints":{"allow":["GET"]}}],"collection":[{"href":"https:\/\/99empregos.com.br\/blog\/wp-json\/wp\/v2\/posts"}],"about":[{"href":"https:\/\/99empregos.com.br\/blog\/wp-json\/wp\/v2\/types\/post"}],"author":[{"embeddable":true,"href":"https:\/\/99empregos.com.br\/blog\/wp-json\/wp\/v2\/users\/8"}],"replies":[{"embeddable":true,"href":"https:\/\/99empregos.com.br\/blog\/wp-json\/wp\/v2\/comments?post=14648"}],"version-history":[{"count":0,"href":"https:\/\/99empregos.com.br\/blog\/wp-json\/wp\/v2\/posts\/14648\/revisions"}],"wp:featuredmedia":[{"embeddable":true,"href":"https:\/\/99empregos.com.br\/blog\/wp-json\/wp\/v2\/media\/14652"}],"wp:attachment":[{"href":"https:\/\/99empregos.com.br\/blog\/wp-json\/wp\/v2\/media?parent=14648"}],"wp:term":[{"taxonomy":"category","embeddable":true,"href":"https:\/\/99empregos.com.br\/blog\/wp-json\/wp\/v2\/categories?post=14648"},{"taxonomy":"post_tag","embeddable":true,"href":"https:\/\/99empregos.com.br\/blog\/wp-json\/wp\/v2\/tags?post=14648"}],"curies":[{"name":"wp","href":"https:\/\/api.w.org\/{rel}","templated":true}]}}