{"id":14667,"date":"2023-01-10T06:04:01","date_gmt":"2023-01-10T09:04:01","guid":{"rendered":"https:\/\/123empregos.com.br\/?p=14667"},"modified":"2023-01-10T06:04:01","modified_gmt":"2023-01-10T09:04:01","slug":"distribuidora-abre-novas-vagas-de-emprego-confira","status":"publish","type":"post","link":"https:\/\/99empregos.com.br\/blog\/distribuidora-abre-novas-vagas-de-emprego-confira\/","title":{"rendered":"Distribuidora abre novas vagas de emprego, confira"},"content":{"rendered":"<p>O Atacado Vila Nova, distribuidora de produtos industrializados com mais de 90 anos de experi\u00eancia no mercado brasileiro, est\u00e1 com novas <a href=\"https:\/\/99empregos.com.br\/fundacao-do-trabalho-de-mato-grosso-do-sul-abre-2-654-vagas-de-emprego\/\">vagas de emprego<\/a> abertas. Expandindo cada vez mais os seus investimentos, a companhia agora precisa dos seguintes profissionais para a sua equipe:<\/p>\n<ul>\n<li><span style=\"font-weight: 400\">Analista Contas a Pagar Po\u00e7os de Caldas\/MG;\u00a0<\/span><\/li>\n<li><span style=\"font-weight: 400\">Analista de Comunica\u00e7\u00e3o Corporativa JR Campinas\/SP;\u00a0<\/span><\/li>\n<li><span style=\"font-weight: 400\">Analista de Treinamento e Desenvolvimento Campinas\/SP;\u00a0<\/span><\/li>\n<li><span style=\"font-weight: 400\">Analista E-commerce Campinas\/SP;\u00a0<\/span><\/li>\n<li><span style=\"font-weight: 400\">Analista Fiscal Po\u00e7os de Caldas\/MG;\u00a0<\/span><\/li>\n<li><span style=\"font-weight: 400\">Assistente Departamento Pessoal (Vaga Tempor\u00e1ria) Po\u00e7os de Caldas\/MG;\u00a0<\/span><\/li>\n<li><span style=\"font-weight: 400\">ASSISTENTE TRANSPORTE &#8211; OSASCO Osasco\/SP;\u00a0<\/span><\/li>\n<li><span style=\"font-weight: 400\">Auxiliar Compras Po\u00e7os de Caldas\/MG;\u00a0<\/span><\/li>\n<li><span style=\"font-weight: 400\">Auxiliar de Log\u00edstica (3\u00ba turno) &#8211; Betim Betim\/MG;\u00a0<\/span><\/li>\n<li><span style=\"font-weight: 400\">Auxiliar de Log\u00edstica (Diurno) Po\u00e7os de Caldas\/MG;\u00a0<\/span><\/li>\n<li><span style=\"font-weight: 400\">Auxiliar de Log\u00edstica (Noturno) &#8211; Betim Betim\/MG;\u00a0<\/span><\/li>\n<li><span style=\"font-weight: 400\">Auxiliar de Log\u00edstica (Noturno) &#8211; Campinas Campinas\/SP;\u00a0<\/span><\/li>\n<li><span style=\"font-weight: 400\">Auxiliar de Log\u00edstica (Noturno) &#8211; OSASCO Osasco\/SP;\u00a0<\/span><\/li>\n<li><span style=\"font-weight: 400\">Auxiliar de Recebimento Fiscal (Vaga exclusiva para Candidatos PCD) Po\u00e7os de Caldas\/MG;\u00a0<\/span><\/li>\n<li><span style=\"font-weight: 400\">Auxiliar de Servi\u00e7os Gerais (Exclusivo para candidatos PCD) Po\u00e7os de Caldas\/MG;\u00a0<\/span><\/li>\n<li><span style=\"font-weight: 400\">Auxiliar de Servi\u00e7os Gerais &#8211; Osasco (Diurno) Osasco\/SP;\u00a0<\/span><\/li>\n<li><span style=\"font-weight: 400\">Auxiliar Financeiro Po\u00e7os de Caldas\/MG;\u00a0<\/span><\/li>\n<li><span style=\"font-weight: 400\">Banco de Talentos (Betim) Betim\/MG;\u00a0<\/span><\/li>\n<li><span style=\"font-weight: 400\">Banco de Talentos (Campinas) Campinas\/SP;\u00a0<\/span><\/li>\n<li><span style=\"font-weight: 400\">Banco de Talentos &#8211; Exclusivo PCD Po\u00e7os de Caldas\/MG;\u00a0<\/span><\/li>\n<li><span style=\"font-weight: 400\">Banco de Talentos &#8211; Exclusivo PCD Campinas\/SP;\u00a0<\/span><\/li>\n<li><span style=\"font-weight: 400\">Banco de Talentos &#8211; Exclusivo PCD(OSASCO) Osasco\/SP;<\/span><\/li>\n<li><span style=\"font-weight: 400\">Banco de Talentos (Osasco) Osasco\/SP;<\/span><\/li>\n<li><span style=\"font-weight: 400\">Banco de Talentos (Po\u00e7os de Caldas) Po\u00e7os de Caldas\/MG;<\/span><\/li>\n<li><span style=\"font-weight: 400\">Coordenador(a) de TI Po\u00e7os de Caldas\/MG;\u00a0<\/span><\/li>\n<li><span style=\"font-weight: 400\">COORDENADOR DE M\u00cdDIAS E PERFORMANCE Campinas\/SP;\u00a0<\/span><\/li>\n<li><span style=\"font-weight: 400\">Operador de Empilhadeira (Noturno) &#8211; BETIM Betim\/MG.<\/span><\/li>\n<\/ul>\n<figure id=\"attachment_14669\" aria-describedby=\"caption-attachment-14669\" style=\"width: 1200px\" class=\"wp-caption aligncenter\"><img decoding=\"async\" class=\"size-full wp-image-14669\" src=\"https:\/\/99empregos.com.br\/wp-content\/uploads\/2023\/01\/vila-nova-vagas-2023.jpg\" alt=\"Atacado Vila Nova abre novas vagas de emprego, confira as oportunidades. Foto: Divulga\u00e7\u00e3o\" width=\"1200\" height=\"750\" srcset=\"https:\/\/99empregos.com.br\/blog\/wp-content\/uploads\/2023\/01\/vila-nova-vagas-2023.jpg 1200w, https:\/\/99empregos.com.br\/blog\/wp-content\/uploads\/2023\/01\/vila-nova-vagas-2023-300x188.jpg 300w, https:\/\/99empregos.com.br\/blog\/wp-content\/uploads\/2023\/01\/vila-nova-vagas-2023-1024x640.jpg 1024w, https:\/\/99empregos.com.br\/blog\/wp-content\/uploads\/2023\/01\/vila-nova-vagas-2023-768x480.jpg 768w\" sizes=\"(max-width: 1200px) 100vw, 1200px\" \/><figcaption id=\"caption-attachment-14669\" class=\"wp-caption-text\">Atacado Vila Nova abre novas vagas de emprego, confira as oportunidades. Foto: Divulga\u00e7\u00e3o<\/figcaption><\/figure>\n<h3>Mais informa\u00e7\u00f5es sobre o Atacado Vila Nova<\/h3>\n<p>Fundando em Maio de 1928, o Atacado Vila Nova est\u00e1 a mais de 90 anos no mercado Brasileiro, somos um distribuidor de produtos industrializados com atua\u00e7\u00e3o em Minas Gerais e S\u00e3o Paulo, contamos com uma equipe de mais de 1000 colaboradores e 500 representantes que atendem a mais de mil munic\u00edpios.<\/p>\n<p>Nosso portf\u00f3lio possui mais de 3.000 produtos para abastecer nossos clientes, movimentamos por m\u00eas mais de um 1 milh\u00e3o de caixas. O Grupo Vila Nova, possui duas empresas que contribuem para construir uma hist\u00f3ria de sucesso, como a\u00a0Distribuidora Focomix\u00a0que leva grandes marcas do varejo mundial aos nosso clientes\u00a0e o\u00a0Transvila, Operador Log\u00edstico do Grupo Vila Nova.<\/p>\n<h3>Como se candidatar<\/h3>\n<p>Se voc\u00ea encontrou uma oportunidade de emprego que se encaixa com o seu perfil profissional, <a href=\"https:\/\/99empregos.com.br\/vaga\/atacado-vila-nova-abre-novas-vagas-confira\/\">basta clicar neste link<\/a> para se candidatar agora mesmo. No entanto, antes de efetivar a sua inscri\u00e7\u00e3o, recomendamos que fa\u00e7a uma revis\u00e3o completa de todos os pr\u00e9-requisitos solicitados pela companhia. Boa sorte!<\/p>\n","protected":false},"excerpt":{"rendered":"<p>O Atacado Vila Nova, distribuidora de produtos industrializados com mais de 90 anos de experi\u00eancia no mercado brasileiro, est\u00e1 com novas vagas de emprego abertas. Expandindo cada vez mais os seus investimentos, a companhia agora precisa dos seguintes profissionais para a sua equipe: Analista Contas a Pagar Po\u00e7os de Caldas\/MG;\u00a0 Analista de Comunica\u00e7\u00e3o Corporativa JR [&hellip;]<\/p>\n","protected":false},"author":8,"featured_media":14670,"comment_status":"open","ping_status":"closed","sticky":false,"template":"","format":"standard","meta":{"footnotes":""},"categories":[7],"tags":[5,778,1542],"class_list":["post-14667","post","type-post","status-publish","format-standard","has-post-thumbnail","hentry","category-noticias","tag-empregos","tag-novas-oportunidades","tag-vagas-2023"],"_links":{"self":[{"href":"https:\/\/99empregos.com.br\/blog\/wp-json\/wp\/v2\/posts\/14667","targetHints":{"allow":["GET"]}}],"collection":[{"href":"https:\/\/99empregos.com.br\/blog\/wp-json\/wp\/v2\/posts"}],"about":[{"href":"https:\/\/99empregos.com.br\/blog\/wp-json\/wp\/v2\/types\/post"}],"author":[{"embeddable":true,"href":"https:\/\/99empregos.com.br\/blog\/wp-json\/wp\/v2\/users\/8"}],"replies":[{"embeddable":true,"href":"https:\/\/99empregos.com.br\/blog\/wp-json\/wp\/v2\/comments?post=14667"}],"version-history":[{"count":0,"href":"https:\/\/99empregos.com.br\/blog\/wp-json\/wp\/v2\/posts\/14667\/revisions"}],"wp:featuredmedia":[{"embeddable":true,"href":"https:\/\/99empregos.com.br\/blog\/wp-json\/wp\/v2\/media\/14670"}],"wp:attachment":[{"href":"https:\/\/99empregos.com.br\/blog\/wp-json\/wp\/v2\/media?parent=14667"}],"wp:term":[{"taxonomy":"category","embeddable":true,"href":"https:\/\/99empregos.com.br\/blog\/wp-json\/wp\/v2\/categories?post=14667"},{"taxonomy":"post_tag","embeddable":true,"href":"https:\/\/99empregos.com.br\/blog\/wp-json\/wp\/v2\/tags?post=14667"}],"curies":[{"name":"wp","href":"https:\/\/api.w.org\/{rel}","templated":true}]}}