{"id":14672,"date":"2023-01-10T06:10:23","date_gmt":"2023-01-10T09:10:23","guid":{"rendered":"https:\/\/123empregos.com.br\/?p=14672"},"modified":"2025-04-30T16:05:58","modified_gmt":"2025-04-30T19:05:58","slug":"empresa-de-construcao-abre-novas-vagas-confira","status":"publish","type":"post","link":"https:\/\/99empregos.com.br\/blog\/empresa-de-construcao-abre-novas-vagas-confira\/","title":{"rendered":"Empresa de constru\u00e7\u00e3o abre novas vagas, confira"},"content":{"rendered":"<p>A Construtora Eleva\u00e7\u00e3o, empresa com mais de 45 anos de experi\u00eancia no mercado de trabalho, est\u00e1 com novas <a href=\"https:\/\/99empregos.com.br\/os-melhores-empregos-para-estudantes-conheca-dicas-de-funcoes-e-locais-de-trabalho\/\">vagas de emprego<\/a> abertas. Expandindo cada vez mais os seus investimentos, a companhia agora est\u00e1 em busca dos seguintes profissionais:<\/p>\n<ul>\n<li><span style=\"font-weight: 400\">Analista de Departamento Pessoal Curitiba\/PR;\u00a0<\/span><\/li>\n<li><span style=\"font-weight: 400\">Assistente Administrativo de Obras &#8211; Campo Grande\/MS Campo Grande\/MS;\u00a0<\/span><\/li>\n<li><span style=\"font-weight: 400\">Auxiliar Cont\u00e1bil e Fiscal &#8211; Curitiba Curitiba\/PR;\u00a0<\/span><\/li>\n<li><span style=\"font-weight: 400\">Auxiliar de Top\u00f3grafo &#8211; Campo Grande\/MS Campo Grande\/MS;\u00a0<\/span><\/li>\n<li><span style=\"font-weight: 400\">Coordenador da Qualidade &#8211; Campo Grande\/MS Campo Grande\/MS;\u00a0<\/span><\/li>\n<li><span style=\"font-weight: 400\">Encarregado de Obras &#8211; Campo Grande\/MS Campo Grande\/MS;\u00a0<\/span><\/li>\n<li><span style=\"font-weight: 400\">Engenheiro Chefe de Obras &#8211; Campo Grande\/MS Campo Grande\/MS;\u00a0<\/span><\/li>\n<li><span style=\"font-weight: 400\">Inspetor de Dutos &#8211; Campo Grande\/MS Campo Grande\/MS;\u00a0<\/span><\/li>\n<li><span style=\"font-weight: 400\">Inspetor de qualidade &#8211; Recife Recife\/PE;\u00a0<\/span><\/li>\n<li><span style=\"font-weight: 400\">Motorista de Caminh\u00e3o &#8211; Campo Grande\/MS Campo Grande\/MS;\u00a0<\/span><\/li>\n<li><span style=\"font-weight: 400\">Motorista de \u00d4nibus Campo Grande\/MS;\u00a0<\/span><\/li>\n<li><span style=\"font-weight: 400\">Projetista &#8211; Campo Grande\/MS Campo Grande\/MS;\u00a0<\/span><\/li>\n<li><span style=\"font-weight: 400\">Soldador de Polietileno &#8211; Campo Grande\/MS Campo Grande\/MS;\u00a0<\/span><\/li>\n<li><span style=\"font-weight: 400\">Supervisor de Obras &#8211; Campo Grande\/MS Campo Grande\/MS;\u00a0<\/span><\/li>\n<li><span style=\"font-weight: 400\">T\u00e9cnico de Documenta\u00e7\u00e3o &#8211; Campo Grande\/MS Campo Grande\/MS;\u00a0<\/span><\/li>\n<li><span style=\"font-weight: 400\">T\u00e9cnico de Planejamento &#8211; Campo Grande\/MS Campo Grande\/MS;\u00a0<\/span><\/li>\n<li><span style=\"font-weight: 400\">T\u00e9cnico de Seguran\u00e7a do Trabalho &#8211; Campo Grande\/MS Campo Grande\/MS;\u00a0<\/span><\/li>\n<li><span style=\"font-weight: 400\">T\u00e9cnico de Seguran\u00e7a do Trabalho &#8211; Ribeir\u00e3o Preto Ribeir\u00e3o Preto\/SP;\u00a0<\/span><\/li>\n<li><span style=\"font-weight: 400\">T\u00e9cnico Meio Ambiente &#8211; Campo Grande\/MS Campo Grande\/MS;\u00a0<\/span><\/li>\n<li><span style=\"font-weight: 400\">Top\u00f3grafo &#8211; Campo Grande\/MS Campo Grande\/MS.<\/span><\/li>\n<\/ul>\n<figure id=\"attachment_14674\" aria-describedby=\"caption-attachment-14674\" style=\"width: 1200px\" class=\"wp-caption aligncenter\"><img decoding=\"async\" class=\"size-full wp-image-14674\" src=\"https:\/\/99empregos.com.br\/blog\/wp-content\/uploads\/2023\/01\/elevacao-vagas-2023-1.jpg\" alt=\"Construtora Eleva\u00e7\u00e3o abre novas vagas, confira as oportunidades. Foto: Divulga\u00e7\u00e3o\" width=\"1200\" height=\"750\" srcset=\"https:\/\/99empregos.com.br\/blog\/wp-content\/uploads\/2023\/01\/elevacao-vagas-2023-1.jpg 1200w, https:\/\/99empregos.com.br\/blog\/wp-content\/uploads\/2023\/01\/elevacao-vagas-2023-1-300x188.jpg 300w, https:\/\/99empregos.com.br\/blog\/wp-content\/uploads\/2023\/01\/elevacao-vagas-2023-1-1024x640.jpg 1024w, https:\/\/99empregos.com.br\/blog\/wp-content\/uploads\/2023\/01\/elevacao-vagas-2023-1-768x480.jpg 768w\" sizes=\"(max-width: 1200px) 100vw, 1200px\" \/><figcaption id=\"caption-attachment-14674\" class=\"wp-caption-text\">Construtora Eleva\u00e7\u00e3o abre novas vagas, confira as oportunidades. Foto: Divulga\u00e7\u00e3o<\/figcaption><\/figure>\n<h3>Mais informa\u00e7\u00f5es sobre a Construtora Eleva\u00e7\u00e3o<\/h3>\n<p>A <a href=\"https:\/\/www.construtoraelevacao.com.br\/\" target=\"_blank\" rel=\"noopener\">Construtora Eleva\u00e7\u00e3o<\/a> est\u00e1 h\u00e1\u00a045 anos no mercado criando e desenvolvendo projetos de infraestrutura que fazem a diferen\u00e7a na vida de milh\u00f5es de brasileiros. Somos focados em qualidade,\u00a0gostamos de\u00a0desafios e de realizar grandes conquistas. Por isso, buscamos\u00a0pessoas com esse perfil\u00a0para nos ajudar a executar obras de excel\u00eancia no mercado.<\/p>\n<p>Atendemos todas as regi\u00f5es do Brasil com servi\u00e7os de\u00a0Saneamento, \u00d3leo &amp; G\u00e1s e obras de Constru\u00e7\u00e3o Civil\u00a0atrav\u00e9s de parcerias p\u00fablico-privadas. Voc\u00ea gosta de\u00a0desafios\u00a0e de realizar\u00a0grandes conquistas? Gosta de\u00a0fazer a diferen\u00e7a\u00a0na vida das pessoas? Ent\u00e3o venha fazer parte do nosso time!<\/p>\n<h3>Como se candidatar \u00e0s vagas de emprego<\/h3>\n<p>Se voc\u00ea encontrou uma oportunidade de emprego que se encaixa com o seu perfil profissional, <a href=\"https:\/\/99empregos.com.br\/vaga\/construtora-elevacao-abre-novas-vagas-confira\/\">basta clicar neste link<\/a> para se candidatar. No entanto, antes de efetivar a sua inscri\u00e7\u00e3o, recomendamos que fa\u00e7a uma revis\u00e3o completa de todos os pr\u00e9-requisitos solicitados pela companhia. Boa sorte!<\/p>\n","protected":false},"excerpt":{"rendered":"<p>A Construtora Eleva\u00e7\u00e3o, empresa com mais de 45 anos de experi\u00eancia no mercado de trabalho, est\u00e1 com novas vagas de emprego abertas. Expandindo cada vez mais os seus investimentos, a companhia agora est\u00e1 em busca dos seguintes profissionais: Analista de Departamento Pessoal Curitiba\/PR;\u00a0 Assistente Administrativo de Obras &#8211; Campo Grande\/MS Campo Grande\/MS;\u00a0 Auxiliar Cont\u00e1bil e [&hellip;]<\/p>\n","protected":false},"author":8,"featured_media":14675,"comment_status":"open","ping_status":"closed","sticky":false,"template":"","format":"standard","meta":{"footnotes":""},"categories":[7],"tags":[236,1607,1542,16],"class_list":["post-14672","post","type-post","status-publish","format-standard","has-post-thumbnail","hentry","category-noticias","tag-construtora","tag-elevacao","tag-vagas-2023","tag-vagas-de-emprego"],"_links":{"self":[{"href":"https:\/\/99empregos.com.br\/blog\/wp-json\/wp\/v2\/posts\/14672","targetHints":{"allow":["GET"]}}],"collection":[{"href":"https:\/\/99empregos.com.br\/blog\/wp-json\/wp\/v2\/posts"}],"about":[{"href":"https:\/\/99empregos.com.br\/blog\/wp-json\/wp\/v2\/types\/post"}],"author":[{"embeddable":true,"href":"https:\/\/99empregos.com.br\/blog\/wp-json\/wp\/v2\/users\/8"}],"replies":[{"embeddable":true,"href":"https:\/\/99empregos.com.br\/blog\/wp-json\/wp\/v2\/comments?post=14672"}],"version-history":[{"count":0,"href":"https:\/\/99empregos.com.br\/blog\/wp-json\/wp\/v2\/posts\/14672\/revisions"}],"wp:featuredmedia":[{"embeddable":true,"href":"https:\/\/99empregos.com.br\/blog\/wp-json\/wp\/v2\/media\/14675"}],"wp:attachment":[{"href":"https:\/\/99empregos.com.br\/blog\/wp-json\/wp\/v2\/media?parent=14672"}],"wp:term":[{"taxonomy":"category","embeddable":true,"href":"https:\/\/99empregos.com.br\/blog\/wp-json\/wp\/v2\/categories?post=14672"},{"taxonomy":"post_tag","embeddable":true,"href":"https:\/\/99empregos.com.br\/blog\/wp-json\/wp\/v2\/tags?post=14672"}],"curies":[{"name":"wp","href":"https:\/\/api.w.org\/{rel}","templated":true}]}}