{"id":1475,"date":"2022-10-17T09:33:46","date_gmt":"2022-10-17T12:33:46","guid":{"rendered":"https:\/\/123empregos.com.br\/?p=1475"},"modified":"2025-04-23T15:39:01","modified_gmt":"2025-04-23T18:39:01","slug":"emprego-df-semana-comeca-com-349-vagas-e-salario-de-ate-r-2-445","status":"publish","type":"post","link":"https:\/\/99empregos.com.br\/blog\/emprego-df-semana-comeca-com-349-vagas-e-salario-de-ate-r-2-445\/","title":{"rendered":"Emprego DF: semana come\u00e7a com 349 vagas e sal\u00e1rio de at\u00e9 R$ 2.445"},"content":{"rendered":"<p>As ag\u00eancias do trabalhador do Distrito Federal iniciam a semana com\u00a0349 vagas de emprego dispon\u00edveis. Destas, 190 s\u00e3o para oportunidades na Asa Norte. Na localidade, as chances s\u00e3o para 12 tipos de cargos diferentes.<\/p>\n<p>Essa \u00e9 uma \u00f3tima oportunidade para quem busca uma vaga de emprego nestes \u00faltimos meses do ano depois que o Brasil viu uma queda na abertura de novas frentes de trabalho por conta da pandemia.<\/p>\n<p>Veja tamb\u00e9m:\u00a0<a href=\"https:\/\/99empregos.com.br\/parana-vagas-na-area-do-turismo-temporada-de-verao-2022-2023\/\" target=\"_blank\" rel=\"noopener\">Paran\u00e1 abre vagas na \u00e1rea do turismo para temporada de ver\u00e3o 2022\/2023<\/a><\/p>\n<h2>Vagas de emprego DF<\/h2>\n<p>A fun\u00e7\u00e3o com mais vagas \u00e9 de empacotador, sendo 40 ao todo. Podem se inscrever candidatos que tenham pelo menos o ensino m\u00e9dio incompleto. N\u00e3o \u00e9 necess\u00e1rio ter experi\u00eancia. A remunera\u00e7\u00e3o \u00e9 de R$ 1.355. A segunda com mais chances \u00e9 para o cargo de vendedor de servi\u00e7os, com 25 oportunidades. Quem quiser concorrer precisa do ensino m\u00e9dio completo. O sal\u00e1rio previsto \u00e9 de R$ 1.355.<\/p>\n<p>As outras oportunidades s\u00e3o para caixa (24), auxiliar de padeiro (20), fiscal de caixa (20), operador de empilhadeira (19), a\u00e7ougueiro (15), conferente de log\u00edstica (10), carpinteiro (10), ajudante de a\u00e7ougueiro (5), especialista em engenharia (1) e pizzaiolo (1).<\/p>\n<p>Os sal\u00e1rios variam de R$ 1.212 a R$ 2.445,64.\u00a0Todas as vagas contam com benef\u00edcios para al\u00e9m do sal\u00e1rio.<\/p>\n<p><strong>Veja tamb\u00e9m:<\/strong>\u00a0<a href=\"https:\/\/99empregos.com.br\/goias-5-mil-vagas-de-emprego-e-inscricao-ate-terca-feira-18\/\" target=\"_blank\" rel=\"noopener\">Goi\u00e1s promove evento com 5 mil vagas de emprego e inscri\u00e7\u00e3o at\u00e9 ter\u00e7a-feira (18)<\/a><\/p>\n<h2>Inscri\u00e7\u00f5es<\/h2>\n<p>Os interessados podem cadastrar o curr\u00edculo no aplicativo Sine F\u00e1cil ou ir a uma das <a href=\"https:\/\/sedet.df.gov.br\/agencias\/\" target=\"_blank\" rel=\"noopener\">14 ag\u00eancias do trabalhador<\/a>, das 8h \u00e0s 17h, durante a semana. Mesmo que o candidato n\u00e3o tenha interesse por nenhuma vaga do dia, ele pode se cadastrar para oportunidades futuras, j\u00e1 que o sistema cruza dados dos concorrentes com o perfil que as empresas procuram.<\/p>\n<p>Empregadores que desejarem ofertar vagas ou utilizar o espa\u00e7o das ag\u00eancias do trabalhador para as entrevistas podem se cadastrar nas unidades e pelo aplicativo Sine F\u00e1cil. Tamb\u00e9m \u00e9 poss\u00edvel solicitar atendimento pelo e-mail\u00a0gcv@setrab.df.gov.br. H\u00e1, ainda, o\u00a0<a href=\"https:\/\/sedet.df.gov.br\/canal-do-empregador\/\" target=\"_blank\" rel=\"noopener\">Canal do Empregador<\/a>, no site da Secretaria de Trabalho.<\/p>\n","protected":false},"excerpt":{"rendered":"<p>As ag\u00eancias do trabalhador do Distrito Federal iniciam a semana com\u00a0349 vagas de emprego dispon\u00edveis. Destas, 190 s\u00e3o para oportunidades na Asa Norte. Na localidade, as chances s\u00e3o para 12 tipos de cargos diferentes. Essa \u00e9 uma \u00f3tima oportunidade para quem busca uma vaga de emprego nestes \u00faltimos meses do ano depois que o Brasil [&hellip;]<\/p>\n","protected":false},"author":4,"featured_media":1479,"comment_status":"open","ping_status":"closed","sticky":false,"template":"","format":"standard","meta":{"footnotes":""},"categories":[15],"tags":[342,16,343],"class_list":["post-1475","post","type-post","status-publish","format-standard","has-post-thumbnail","hentry","category-vagas","tag-emprego-df","tag-vagas-de-emprego","tag-vagas-df"],"_links":{"self":[{"href":"https:\/\/99empregos.com.br\/blog\/wp-json\/wp\/v2\/posts\/1475","targetHints":{"allow":["GET"]}}],"collection":[{"href":"https:\/\/99empregos.com.br\/blog\/wp-json\/wp\/v2\/posts"}],"about":[{"href":"https:\/\/99empregos.com.br\/blog\/wp-json\/wp\/v2\/types\/post"}],"author":[{"embeddable":true,"href":"https:\/\/99empregos.com.br\/blog\/wp-json\/wp\/v2\/users\/4"}],"replies":[{"embeddable":true,"href":"https:\/\/99empregos.com.br\/blog\/wp-json\/wp\/v2\/comments?post=1475"}],"version-history":[{"count":0,"href":"https:\/\/99empregos.com.br\/blog\/wp-json\/wp\/v2\/posts\/1475\/revisions"}],"wp:featuredmedia":[{"embeddable":true,"href":"https:\/\/99empregos.com.br\/blog\/wp-json\/wp\/v2\/media\/1479"}],"wp:attachment":[{"href":"https:\/\/99empregos.com.br\/blog\/wp-json\/wp\/v2\/media?parent=1475"}],"wp:term":[{"taxonomy":"category","embeddable":true,"href":"https:\/\/99empregos.com.br\/blog\/wp-json\/wp\/v2\/categories?post=1475"},{"taxonomy":"post_tag","embeddable":true,"href":"https:\/\/99empregos.com.br\/blog\/wp-json\/wp\/v2\/tags?post=1475"}],"curies":[{"name":"wp","href":"https:\/\/api.w.org\/{rel}","templated":true}]}}