{"id":14807,"date":"2023-01-11T06:13:48","date_gmt":"2023-01-11T09:13:48","guid":{"rendered":"https:\/\/123empregos.com.br\/?p=14807"},"modified":"2023-01-11T06:13:48","modified_gmt":"2023-01-11T09:13:48","slug":"industria-de-cadeados-abre-novas-vagas-confira","status":"publish","type":"post","link":"https:\/\/99empregos.com.br\/blog\/industria-de-cadeados-abre-novas-vagas-confira\/","title":{"rendered":"Ind\u00fastria de cadeados abre novas vagas, confira"},"content":{"rendered":"<p>A PADO S.A., l\u00edder nacional no segmento de cadeados e fechaduras, est\u00e1 com novas vagas de <a href=\"https:\/\/99empregos.com.br\/os-5-melhores-empregos-do-futuro-conheca-e-se-prepare\/\">emprego<\/a> abertas em suas unidades localizadas no estado do Paran\u00e1. Expandindo cada vez mais os seus investimentos, a companhia agora precisa dos seguintes profissionais para integrarem a sua equipe:<\/p>\n<ul>\n<li><span style=\"font-weight: 400\">Auxiliar de Cr\u00e9dito e Cobran\u00e7a J\u00fanior Camb\u00e9\/PR;\u00a0<\/span><\/li>\n<li><span style=\"font-weight: 400\">Auxiliar de Log\u00edstica Camb\u00e9\/PR;\u00a0<\/span><\/li>\n<li><span style=\"font-weight: 400\">Auxiliar de Produ\u00e7\u00e3o Camb\u00e9\/PR;\u00a0<\/span><\/li>\n<li><span style=\"font-weight: 400\">Auxiliar de Produ\u00e7\u00e3o &#8211; Estamparia Camb\u00e9\/PR;\u00a0<\/span><\/li>\n<li><span style=\"font-weight: 400\">Auxiliar de Produ\u00e7\u00e3o &#8211; Estamparia Camb\u00e9\/PR;\u00a0<\/span><\/li>\n<li><span style=\"font-weight: 400\">Auxiliar de Produ\u00e7\u00e3o &#8211; Fundi\u00e7\u00e3o Zamac Camb\u00e9\/PR\u00a0<\/span><\/li>\n<li><span style=\"font-weight: 400\">Auxiliar de Produ\u00e7\u00e3o &#8211; Fundi\u00e7\u00e3o Zamac Camb\u00e9\/PR;\u00a0<\/span><\/li>\n<li><span style=\"font-weight: 400\">Auxiliar de Produ\u00e7\u00e3o &#8211; Fundi\u00e7\u00e3o Zamac Camb\u00e9\/PR;\u00a0<\/span><\/li>\n<li><span style=\"font-weight: 400\">Auxiliar de Produ\u00e7\u00e3o &#8211; Galvanoplastia Camb\u00e9\/PR;\u00a0<\/span><\/li>\n<li><span style=\"font-weight: 400\">Auxiliar de Produ\u00e7\u00e3o &#8211; Galvanoplastia Camb\u00e9\/PR;\u00a0<\/span><\/li>\n<li><span style=\"font-weight: 400\">Auxiliar de Produ\u00e7\u00e3o &#8211; Galvanoplastia Camb\u00e9\/PR;\u00a0<\/span><\/li>\n<li><span style=\"font-weight: 400\">Auxiliar de Produ\u00e7\u00e3o &#8211; Montagem de Fechaduras Camb\u00e9\/PR;\u00a0<\/span><\/li>\n<li><span style=\"font-weight: 400\">Auxiliar de Produ\u00e7\u00e3o &#8211; Pintura Camb\u00e9\/PR;\u00a0<\/span><\/li>\n<li><span style=\"font-weight: 400\">Auxiliar de Produ\u00e7\u00e3o &#8211; Usinagem de Cadeados Camb\u00e9\/PR;<\/span><\/li>\n<li><span style=\"font-weight: 400\">Auxiliar de Servi\u00e7os Gerais Camb\u00e9\/PR;\u00a0<\/span><\/li>\n<li><span style=\"font-weight: 400\">Estagi\u00e1rio de Projetos e Processos Camb\u00e9\/PR;\u00a0<\/span><\/li>\n<li><span style=\"font-weight: 400\">Jovem Aprendiz Camb\u00e9\/PR;\u00a0<\/span><\/li>\n<li><span style=\"font-weight: 400\">Operador CNC Camb\u00e9\/PR;\u00a0<\/span><\/li>\n<li><span style=\"font-weight: 400\">operador Log\u00edstico I;\u00a0<\/span><\/li>\n<li><span style=\"font-weight: 400\">Supervisor Gest\u00e3o Ambiental Camb\u00e9\/PR.<\/span><\/li>\n<\/ul>\n<figure id=\"attachment_14809\" aria-describedby=\"caption-attachment-14809\" style=\"width: 1200px\" class=\"wp-caption aligncenter\"><img decoding=\"async\" class=\"size-full wp-image-14809\" src=\"https:\/\/99empregos.com.br\/wp-content\/uploads\/2023\/01\/pado-sa-vaga-s2023.jpg\" alt=\"PADO S.A. abre novas vagas de emprego, confira as oportunidades. Foto: Divulga\u00e7\u00e3o\" width=\"1200\" height=\"750\" srcset=\"https:\/\/99empregos.com.br\/blog\/wp-content\/uploads\/2023\/01\/pado-sa-vaga-s2023.jpg 1200w, https:\/\/99empregos.com.br\/blog\/wp-content\/uploads\/2023\/01\/pado-sa-vaga-s2023-300x188.jpg 300w, https:\/\/99empregos.com.br\/blog\/wp-content\/uploads\/2023\/01\/pado-sa-vaga-s2023-1024x640.jpg 1024w, https:\/\/99empregos.com.br\/blog\/wp-content\/uploads\/2023\/01\/pado-sa-vaga-s2023-768x480.jpg 768w\" sizes=\"(max-width: 1200px) 100vw, 1200px\" \/><figcaption id=\"caption-attachment-14809\" class=\"wp-caption-text\">PADO S.A. abre novas vagas de emprego, confira as oportunidades. Foto: Divulga\u00e7\u00e3o<\/figcaption><\/figure>\n<h3>Mais informa\u00e7\u00f5es sobre a PADO S.A.<\/h3>\n<p>L\u00edder nacional em cadeados de lat\u00e3o e fechaduras, a PADO faz parte do cotidiano dos consumidores brasileiros h\u00e1 mais de 80 anos. Fundada em 1936, na capital paulista, a Pado hoje \u00e9 refer\u00eancia no setor, sendo praticamente sin\u00f4nimo de cadeados no Brasil.<\/p>\n<p>Portanto, desde 1997, sob novo comando acion\u00e1rio, o parque fabril est\u00e1 instalado em Camb\u00e9 (Norte do Paran\u00e1) com avan\u00e7ados equipamentos e modernos sistemas de produ\u00e7\u00e3o. Hoje a Pado produz cadeados, fechaduras, ferragens e acess\u00f3rios lan\u00e7ando, anualmente, novidades em acabamentos e tecnologias em todas as linhas de produtos. Al\u00e9m de todos os estados brasileiros, os produtos Pado est\u00e3o presentes tamb\u00e9m em v\u00e1rios pa\u00edses. O maior compromisso da Pado com o mercado \u00e9 garantir a satisfa\u00e7\u00e3o de seus clientes, por meio da qualidade de seus produtos. Para isso, garante a conformidade em todo processo produtivo: desde o recebimento da mat\u00e9ria-prima at\u00e9 o produto final. Miss\u00e3o: Oferecer ao mercado produtos de seguran\u00e7a com design inovador, produzindo de modo respons\u00e1vel com a sociedade e o meio ambiente. Vis\u00e3o Ser refer\u00eancia no mercado em que atuamos, buscando melhoria cont\u00ednua e inova\u00e7\u00e3o constante.<\/p>\n<h3>Como se candidatar<\/h3>\n<p>Se voc\u00ea encontrou uma oportunidade de emprego que se encaixa no seu perfil profissional, <a href=\"https:\/\/99empregos.com.br\/vaga\/pado-abre-novas-vagas-de-emprego-confira-as-oportunidades\/\">basta clicar neste link<\/a> para se candidatar. No entanto, antes de efetivar a sua inscri\u00e7\u00e3o, recomendamos que fa\u00e7a uma revis\u00e3o completa de todos os pr\u00e9-requisitos solicitados pela companhia. Boa sorte!<\/p>\n","protected":false},"excerpt":{"rendered":"<p>A PADO S.A., l\u00edder nacional no segmento de cadeados e fechaduras, est\u00e1 com novas vagas de emprego abertas em suas unidades localizadas no estado do Paran\u00e1. Expandindo cada vez mais os seus investimentos, a companhia agora precisa dos seguintes profissionais para integrarem a sua equipe: Auxiliar de Cr\u00e9dito e Cobran\u00e7a J\u00fanior Camb\u00e9\/PR;\u00a0 Auxiliar de Log\u00edstica [&hellip;]<\/p>\n","protected":false},"author":8,"featured_media":14810,"comment_status":"open","ping_status":"closed","sticky":false,"template":"","format":"standard","meta":{"footnotes":""},"categories":[7],"tags":[1544,5,37],"class_list":["post-14807","post","type-post","status-publish","format-standard","has-post-thumbnail","hentry","category-noticias","tag-1544","tag-empregos","tag-vagas"],"_links":{"self":[{"href":"https:\/\/99empregos.com.br\/blog\/wp-json\/wp\/v2\/posts\/14807","targetHints":{"allow":["GET"]}}],"collection":[{"href":"https:\/\/99empregos.com.br\/blog\/wp-json\/wp\/v2\/posts"}],"about":[{"href":"https:\/\/99empregos.com.br\/blog\/wp-json\/wp\/v2\/types\/post"}],"author":[{"embeddable":true,"href":"https:\/\/99empregos.com.br\/blog\/wp-json\/wp\/v2\/users\/8"}],"replies":[{"embeddable":true,"href":"https:\/\/99empregos.com.br\/blog\/wp-json\/wp\/v2\/comments?post=14807"}],"version-history":[{"count":0,"href":"https:\/\/99empregos.com.br\/blog\/wp-json\/wp\/v2\/posts\/14807\/revisions"}],"wp:featuredmedia":[{"embeddable":true,"href":"https:\/\/99empregos.com.br\/blog\/wp-json\/wp\/v2\/media\/14810"}],"wp:attachment":[{"href":"https:\/\/99empregos.com.br\/blog\/wp-json\/wp\/v2\/media?parent=14807"}],"wp:term":[{"taxonomy":"category","embeddable":true,"href":"https:\/\/99empregos.com.br\/blog\/wp-json\/wp\/v2\/categories?post=14807"},{"taxonomy":"post_tag","embeddable":true,"href":"https:\/\/99empregos.com.br\/blog\/wp-json\/wp\/v2\/tags?post=14807"}],"curies":[{"name":"wp","href":"https:\/\/api.w.org\/{rel}","templated":true}]}}