{"id":14822,"date":"2023-01-11T06:33:48","date_gmt":"2023-01-11T09:33:48","guid":{"rendered":"https:\/\/123empregos.com.br\/?p=14822"},"modified":"2023-01-11T06:33:48","modified_gmt":"2023-01-11T09:33:48","slug":"rede-de-ensino-segue-contratando-veja-novas-vagas","status":"publish","type":"post","link":"https:\/\/99empregos.com.br\/blog\/rede-de-ensino-segue-contratando-veja-novas-vagas\/","title":{"rendered":"Rede de ensino segue contratando, veja novas vagas"},"content":{"rendered":"<p>A Rede Verbita de Educa\u00e7\u00e3o, rede de ensino que busca transformar vidas, est\u00e1 com novas <a href=\"https:\/\/99empregos.com.br\/vaga\/panvel-farmacias-divulga-novos-empregos-em-todo-o-pais\/\">vagas de emprego<\/a> abertas. Expandindo cada vez mais o seu alcance, a companhia agora precisa dos seguintes profissionais para integrarem a sua equipe t\u00e9cnica:<\/p>\n<ul>\n<li><span style=\"font-weight: 400\">Assistente de TI Belo Horizonte\/MG;\u00a0<\/span><\/li>\n<li><span style=\"font-weight: 400\">Assistente Pedag\u00f3gico Belo Horizonte\/MG;\u00a0<\/span><\/li>\n<li><span style=\"font-weight: 400\">Auxiliar de Secretaria Escolar &#8211; PCD (Pessoa com Defici\u00eancia) Belo Horizonte\/MG;\u00a0<\/span><\/li>\n<li><span style=\"font-weight: 400\">Auxiliar de Servi\u00e7os Gerais &#8211; 12&#215;36 Belo Horizonte\/MG;\u00a0<\/span><\/li>\n<li><span style=\"font-weight: 400\">Auxiliar de Servi\u00e7os Gerais &#8211; PCD (Pessoa com defici\u00eancia) Belo Horizonte\/MG;\u00a0<\/span><\/li>\n<li><span style=\"font-weight: 400\">Banco de Talentos &#8211; Administrativo Belo Horizonte;<\/span><\/li>\n<li><span style=\"font-weight: 400\">Banco de Talentos &#8211; Est\u00e1gio Pedagogia Belo Horizonte\/MG;\u00a0<\/span><\/li>\n<li><span style=\"font-weight: 400\">Banco de Talentos &#8211; Professor Belo Horizonte;<\/span><\/li>\n<li><span style=\"font-weight: 400\">Banco de Talentos &#8211; Professor (Barra Mansa) Barra Mansa;<\/span><\/li>\n<li><span style=\"font-weight: 400\">Banco de Talentos &#8211; Professor de Ingl\u00eas Belo Horizonte;<\/span><\/li>\n<li><span style=\"font-weight: 400\">Banco de Talentos &#8211; Professor (Juiz de Fora) Juiz de Fora\/MG;\u00a0<\/span><\/li>\n<li><span style=\"font-weight: 400\">Banco de Talentos &#8211; Professor (Par\u00e1 de Minas) Par\u00e1 de Minas;\u00a0<\/span><\/li>\n<li><span style=\"font-weight: 400\">Disciplin\u00e1rio Belo Horizonte\/MG;\u00a0<\/span><\/li>\n<li><span style=\"font-weight: 400\">Est\u00e1gio Pedagogia Belo Horizonte\/MG;\u00a0<\/span><\/li>\n<li><span style=\"font-weight: 400\">Est\u00e1gio Pedagogia &#8211; Par\u00e1 de Minas Par\u00e1 de Minas\/MG;\u00a0<\/span><\/li>\n<li><span style=\"font-weight: 400\">Porteiro(a) &#8211; PCD (Pessoa com Defici\u00eancia) Belo Horizonte\/MG;\u00a0<\/span><\/li>\n<li><span style=\"font-weight: 400\">Professor(a) de Ingl\u00eas Belo Horizonte\/MG;\u00a0<\/span><\/li>\n<li><span style=\"font-weight: 400\">Professor(a) de Ingl\u00eas Juiz de Fora\/MG;\u00a0<\/span><\/li>\n<li><span style=\"font-weight: 400\">Professor(a) de Ingl\u00eas &#8211; Col\u00e9gio Sagrado Cora\u00e7\u00e3o de Maria &#8211; Par\u00e1 de Minas Par\u00e1 de Minas\/MG;\u00a0<\/span><\/li>\n<li><span style=\"font-weight: 400\">Secret\u00e1ria Escolar Belo Horizonte\/MG.<\/span><\/li>\n<\/ul>\n<figure id=\"attachment_14824\" aria-describedby=\"caption-attachment-14824\" style=\"width: 1200px\" class=\"wp-caption aligncenter\"><img decoding=\"async\" class=\"size-full wp-image-14824\" src=\"https:\/\/99empregos.com.br\/wp-content\/uploads\/2023\/01\/verbita-vagas-2023.jpg\" alt=\"Rede Verbita de Educa\u00e7\u00e3o abre novas vagas de emprego, confira. Foto: Divulga\u00e7\u00e3o\" width=\"1200\" height=\"750\" srcset=\"https:\/\/99empregos.com.br\/blog\/wp-content\/uploads\/2023\/01\/verbita-vagas-2023.jpg 1200w, https:\/\/99empregos.com.br\/blog\/wp-content\/uploads\/2023\/01\/verbita-vagas-2023-300x188.jpg 300w, https:\/\/99empregos.com.br\/blog\/wp-content\/uploads\/2023\/01\/verbita-vagas-2023-1024x640.jpg 1024w, https:\/\/99empregos.com.br\/blog\/wp-content\/uploads\/2023\/01\/verbita-vagas-2023-768x480.jpg 768w\" sizes=\"(max-width: 1200px) 100vw, 1200px\" \/><figcaption id=\"caption-attachment-14824\" class=\"wp-caption-text\">Rede Verbita de Educa\u00e7\u00e3o abre novas vagas de emprego, confira. Foto: Divulga\u00e7\u00e3o<\/figcaption><\/figure>\n<h3>Mais informa\u00e7\u00f5es sobre a Rede Verbita<\/h3>\n<p>Somos uma rede de ensino que busca transformar vidas por meio da Educa\u00e7\u00e3o.\u00a0A Rede Verbita de Educa\u00e7\u00e3o \u00e9 mantida pela Associa\u00e7\u00e3o Propagadora Esdeva, denomina\u00e7\u00e3o jur\u00eddica da Prov\u00edncia Brasil Norte (BRN), da Congrega\u00e7\u00e3o do Verbo Divino. Hoje, mant\u00e9m o Col\u00e9gio Arnaldo (unidades Anchieta, Funcion\u00e1rios e Centro Educacional) e Faculdade Arnaldo, em Belo Horizonte, Col\u00e9gio Academia e UniAcademia, em Juiz de Fora, Col\u00e9gio Verbo Divino, em Barra Mansa, e Col\u00e9gio Sagrado Cora\u00e7\u00e3o de Maria, em Par\u00e1 de Minas.<\/p>\n<p>Com o intuito de acompanhar as transforma\u00e7\u00f5es, anseios e comportamentos do estudante do s\u00e9culo XXI, a Rede Verbita de Educa\u00e7\u00e3o institui a moderniza\u00e7\u00e3o da gest\u00e3o das unidades por meio da implementa\u00e7\u00e3o de processos administrativos e pedag\u00f3gicos homog\u00eaneos, possibilitando benfeitorias significativas na qualidade de ensino, tecnologia, infraestrutura e experi\u00eancia, entre outros.<\/p>\n<h4>Como se candidatar<\/h4>\n<p>Se voc\u00ea encontrou uma nova oportunidade de emprego que se encaixa com o seu perfil profissional, <a href=\"https:\/\/99empregos.com.br\/vaga\/rede-verbita-de-educacao-abre-novas-vagas-confira\/\">basta clicar neste link<\/a> para se candidatar. No entanto, antes de efetivar a sua inscri\u00e7\u00e3o, recomendamos que fa\u00e7a uma revis\u00e3o completa de todos os pr\u00e9-requisitos solicitados pela companhia. Boa sorte!<\/p>\n","protected":false},"excerpt":{"rendered":"<p>A Rede Verbita de Educa\u00e7\u00e3o, rede de ensino que busca transformar vidas, est\u00e1 com novas vagas de emprego abertas. Expandindo cada vez mais o seu alcance, a companhia agora precisa dos seguintes profissionais para integrarem a sua equipe t\u00e9cnica: Assistente de TI Belo Horizonte\/MG;\u00a0 Assistente Pedag\u00f3gico Belo Horizonte\/MG;\u00a0 Auxiliar de Secretaria Escolar &#8211; PCD (Pessoa [&hellip;]<\/p>\n","protected":false},"author":8,"featured_media":14825,"comment_status":"open","ping_status":"closed","sticky":false,"template":"","format":"standard","meta":{"footnotes":""},"categories":[7],"tags":[1544,5,37],"class_list":["post-14822","post","type-post","status-publish","format-standard","has-post-thumbnail","hentry","category-noticias","tag-1544","tag-empregos","tag-vagas"],"_links":{"self":[{"href":"https:\/\/99empregos.com.br\/blog\/wp-json\/wp\/v2\/posts\/14822","targetHints":{"allow":["GET"]}}],"collection":[{"href":"https:\/\/99empregos.com.br\/blog\/wp-json\/wp\/v2\/posts"}],"about":[{"href":"https:\/\/99empregos.com.br\/blog\/wp-json\/wp\/v2\/types\/post"}],"author":[{"embeddable":true,"href":"https:\/\/99empregos.com.br\/blog\/wp-json\/wp\/v2\/users\/8"}],"replies":[{"embeddable":true,"href":"https:\/\/99empregos.com.br\/blog\/wp-json\/wp\/v2\/comments?post=14822"}],"version-history":[{"count":0,"href":"https:\/\/99empregos.com.br\/blog\/wp-json\/wp\/v2\/posts\/14822\/revisions"}],"wp:featuredmedia":[{"embeddable":true,"href":"https:\/\/99empregos.com.br\/blog\/wp-json\/wp\/v2\/media\/14825"}],"wp:attachment":[{"href":"https:\/\/99empregos.com.br\/blog\/wp-json\/wp\/v2\/media?parent=14822"}],"wp:term":[{"taxonomy":"category","embeddable":true,"href":"https:\/\/99empregos.com.br\/blog\/wp-json\/wp\/v2\/categories?post=14822"},{"taxonomy":"post_tag","embeddable":true,"href":"https:\/\/99empregos.com.br\/blog\/wp-json\/wp\/v2\/tags?post=14822"}],"curies":[{"name":"wp","href":"https:\/\/api.w.org\/{rel}","templated":true}]}}