{"id":14832,"date":"2023-01-11T06:48:59","date_gmt":"2023-01-11T09:48:59","guid":{"rendered":"https:\/\/123empregos.com.br\/?p=14832"},"modified":"2023-01-11T06:48:59","modified_gmt":"2023-01-11T09:48:59","slug":"empresa-varejista-do-setor-textil-abre-novas-vagas-de-emprego-confira","status":"publish","type":"post","link":"https:\/\/99empregos.com.br\/blog\/empresa-varejista-do-setor-textil-abre-novas-vagas-de-emprego-confira\/","title":{"rendered":"Empresa varejista do setor t\u00eaxtil abre novas vagas de emprego, confira"},"content":{"rendered":"<p>A Amno, empresa varejista que surgiu a partir de uma ind\u00fastria do segmento t\u00eaxtil, est\u00e1 com <a href=\"https:\/\/99empregos.com.br\/vaga\/panvel-farmacias-divulga-novos-empregos-em-todo-o-pais\/\">novas vagas de emprego<\/a> abertas pelo pa\u00eds. Expandindo cada vez mais os seus investimentos, a companhia agora precisa dos seguintes profissionais para integrarem a sua equipe:<\/p>\n<ul>\n<li><span style=\"font-weight: 400\">Abastecedor Blumenau\/SC;\u00a0<\/span><\/li>\n<li><span style=\"font-weight: 400\">Analista de Dados Pleno S\u00e3o Paulo\/SP;\u00a0<\/span><\/li>\n<li><span style=\"font-weight: 400\">Analista de Transportes S\u00eanior VINHEDO;\u00a0<\/span><\/li>\n<li><span style=\"font-weight: 400\">Auditor de Qualidade Blumenau\/SC;\u00a0<\/span><\/li>\n<li><span style=\"font-weight: 400\">Auxiliar de Loja (Artex I Fashion Outlet Novo Hamburgo) NOVO HAMBURGO;\u00a0<\/span><\/li>\n<li><span style=\"font-weight: 400\">Auxiliar de Loja (Artex I Fashion SC) Tijucas\/SC;\u00a0<\/span><\/li>\n<li><span style=\"font-weight: 400\">Banco de Talentos Lojas S\u00e3o Paulo\/SP;\u00a0<\/span><\/li>\n<li><span style=\"font-weight: 400\">Banco de Talentos Posi\u00e7\u00f5es Corporativas S\u00e3o Paulo\/SP;<\/span><\/li>\n<li><span style=\"font-weight: 400\">Banco de Talentos Tecnologia S\u00e3o Paulo\/SP e Remoto;<\/span><\/li>\n<li><span style=\"font-weight: 400\">Gerente de Loja (Artex Teodoro Sampaio) S\u00e3o Paulo\/SP;\u00a0<\/span><\/li>\n<li><span style=\"font-weight: 400\">Gerente de Loja (mmartan Iguatemi Bras\u00edlia) Bras\u00edlia;\u00a0<\/span><\/li>\n<li><span style=\"font-weight: 400\">Gerente de Loja (mmartan Shopping Diamond Mall) BELO HORIZONTE;\u00a0<\/span><\/li>\n<li><span style=\"font-weight: 400\">Gerente de Loja (Uberl\u00e2ndia Artex) UBERL\u00c2NDIA;\u00a0<\/span><\/li>\n<li><span style=\"font-weight: 400\">Operador de Log\u00edstica (Efetivo &#8211; Blumenau\/SC) Blumenau\/SC;\u00a0<\/span><\/li>\n<li><span style=\"font-weight: 400\">Vendedor de Loja (Artex BH Shopping) BELO HORIZONTE;\u00a0<\/span><\/li>\n<li><span style=\"font-weight: 400\">Vendedor de Loja (Artex Boulevard) LONDRINA;\u00a0<\/span><\/li>\n<li><span style=\"font-weight: 400\">Vendedor de Loja (Artex Outlet Tijucas SC) Tijucas\/SC;\u00a0<\/span><\/li>\n<li><span style=\"font-weight: 400\">Vendedor de Loja (Artex Rua Teodoro Sampaio) S\u00e3o Paulo\/SP;\u00a0<\/span><\/li>\n<li><span style=\"font-weight: 400\">Vendedor de Loja (Artex Shopping Aricanduva);\u00a0<\/span><\/li>\n<li><span style=\"font-weight: 400\">Vendedor de Loja (Artex Shopping Recife) RECIFE;\u00a0<\/span><\/li>\n<li><span style=\"font-weight: 400\">Vendedor de Loja (Artex Uberl\u00e2ndia Shopping) UBERL\u00c2NDIA;\u00a0<\/span><\/li>\n<li><span style=\"font-weight: 400\">Vendedor de Loja (mmartan Iguatemi Bras\u00edlia) Bras\u00edlia;\u00a0<\/span><\/li>\n<li><span style=\"font-weight: 400\">Vendedor de Loja (MMartan Maring\u00e1) MARING\u00c1;\u00a0<\/span><\/li>\n<li><span style=\"font-weight: 400\">Vendedor de Loja (mmartan Outlet Anchieta) S\u00c3O BERNARDO DO CAMPO;\u00a0<\/span><\/li>\n<li><span style=\"font-weight: 400\">Vendedor de Loja (mmartan Outlet Novo Hamburgo) NOVO HAMBURGO;\u00a0<\/span><\/li>\n<li><span style=\"font-weight: 400\">Vendedor de Loja (mmartan Parque D. Pedro Shopping) CAMPINAS.<\/span><\/li>\n<\/ul>\n<figure id=\"attachment_14835\" aria-describedby=\"caption-attachment-14835\" style=\"width: 1200px\" class=\"wp-caption aligncenter\"><img decoding=\"async\" class=\"size-full wp-image-14835\" src=\"https:\/\/99empregos.com.br\/wp-content\/uploads\/2023\/01\/amno-vagas-2023.jpg\" alt=\"Amno abre novas vagas de emprego, confira as oportunidades. Foto: Divulga\u00e7\u00e3o\" width=\"1200\" height=\"750\" srcset=\"https:\/\/99empregos.com.br\/blog\/wp-content\/uploads\/2023\/01\/amno-vagas-2023.jpg 1200w, https:\/\/99empregos.com.br\/blog\/wp-content\/uploads\/2023\/01\/amno-vagas-2023-300x188.jpg 300w, https:\/\/99empregos.com.br\/blog\/wp-content\/uploads\/2023\/01\/amno-vagas-2023-1024x640.jpg 1024w, https:\/\/99empregos.com.br\/blog\/wp-content\/uploads\/2023\/01\/amno-vagas-2023-768x480.jpg 768w\" sizes=\"(max-width: 1200px) 100vw, 1200px\" \/><figcaption id=\"caption-attachment-14835\" class=\"wp-caption-text\">Amno abre novas vagas de emprego, confira as oportunidades. Foto: Divulga\u00e7\u00e3o<\/figcaption><\/figure>\n<h3>Mais informa\u00e7\u00f5es sobre a Amno<\/h3>\n<p>Somos uma empresa varejista que nasceu da maior ind\u00fastria t\u00eaxtil das Am\u00e9ricas. Nossa miss\u00e3o \u00e9 ser a\u00a0maior, melhor e mais digital empresa verticalizada, no segmento Lar &amp; Decora\u00e7\u00e3o das Am\u00e9ricas. A\u00a0ammo\u00a0\u00e9 formada pela jun\u00e7\u00e3o das marcas:\u00a0mmartan, ARTEX, casa moys\u00e9s, Santista e Persono, uma marca lan\u00e7ada em 2020\u00a0com\u00a0iniciativas para melhorar a vida das pessoas a partir de um sono de melhor qualidade.<\/p>\n<p>Possu\u00edmos um ecossistema de vendas diversificado, com canais digitais, centros de distribui\u00e7\u00e3o e rede de lojas f\u00edsicas (pr\u00f3prias e franqueadas). Nossas marcas ocupam, pelo 8\u00ba ano consecutivo, as primeiras posi\u00e7\u00f5es do Pr\u00eamio \u00c9poca ReclameAqui, na categoria Cama, Mesa e Banho. Temos em m\u00e9dia 4,9 milh\u00f5es de seguidores nas redes sociais e somos o 1\u00ba e 2\u00ba lugares nos resultados de busca no Google em mais de mil termos relacionados \u00e0 categoria home wellness.<\/p>\n<h3>Como se candidatar<\/h3>\n<p>Se voc\u00ea encontrou uma oportunidade de emprego na Amno que se encaixa no seu perfil profissional, <a href=\"https:\/\/99empregos.com.br\/vaga\/amno-abre-novas-vagas-de-emprego-confira\/\">basta clicar neste link<\/a> para se candidatar. No entanto, antes de efetivar a sua inscri\u00e7\u00e3o, recomendamos que fa\u00e7a uma revis\u00e3o completa de todos os pr\u00e9-requisitos solicitados pela companhia. Boa sorte!<\/p>\n","protected":false},"excerpt":{"rendered":"<p>A Amno, empresa varejista que surgiu a partir de uma ind\u00fastria do segmento t\u00eaxtil, est\u00e1 com novas vagas de emprego abertas pelo pa\u00eds. Expandindo cada vez mais os seus investimentos, a companhia agora precisa dos seguintes profissionais para integrarem a sua equipe: Abastecedor Blumenau\/SC;\u00a0 Analista de Dados Pleno S\u00e3o Paulo\/SP;\u00a0 Analista de Transportes S\u00eanior VINHEDO;\u00a0 [&hellip;]<\/p>\n","protected":false},"author":8,"featured_media":14836,"comment_status":"open","ping_status":"closed","sticky":false,"template":"","format":"standard","meta":{"footnotes":""},"categories":[7],"tags":[5,778,1542],"class_list":["post-14832","post","type-post","status-publish","format-standard","has-post-thumbnail","hentry","category-noticias","tag-empregos","tag-novas-oportunidades","tag-vagas-2023"],"_links":{"self":[{"href":"https:\/\/99empregos.com.br\/blog\/wp-json\/wp\/v2\/posts\/14832","targetHints":{"allow":["GET"]}}],"collection":[{"href":"https:\/\/99empregos.com.br\/blog\/wp-json\/wp\/v2\/posts"}],"about":[{"href":"https:\/\/99empregos.com.br\/blog\/wp-json\/wp\/v2\/types\/post"}],"author":[{"embeddable":true,"href":"https:\/\/99empregos.com.br\/blog\/wp-json\/wp\/v2\/users\/8"}],"replies":[{"embeddable":true,"href":"https:\/\/99empregos.com.br\/blog\/wp-json\/wp\/v2\/comments?post=14832"}],"version-history":[{"count":0,"href":"https:\/\/99empregos.com.br\/blog\/wp-json\/wp\/v2\/posts\/14832\/revisions"}],"wp:featuredmedia":[{"embeddable":true,"href":"https:\/\/99empregos.com.br\/blog\/wp-json\/wp\/v2\/media\/14836"}],"wp:attachment":[{"href":"https:\/\/99empregos.com.br\/blog\/wp-json\/wp\/v2\/media?parent=14832"}],"wp:term":[{"taxonomy":"category","embeddable":true,"href":"https:\/\/99empregos.com.br\/blog\/wp-json\/wp\/v2\/categories?post=14832"},{"taxonomy":"post_tag","embeddable":true,"href":"https:\/\/99empregos.com.br\/blog\/wp-json\/wp\/v2\/tags?post=14832"}],"curies":[{"name":"wp","href":"https:\/\/api.w.org\/{rel}","templated":true}]}}