{"id":14976,"date":"2023-01-13T17:29:34","date_gmt":"2023-01-13T20:29:34","guid":{"rendered":"https:\/\/123empregos.com.br\/?p=14976"},"modified":"2023-01-13T17:29:34","modified_gmt":"2023-01-13T20:29:34","slug":"projete-sua-carreira-profissional-em-5-passos","status":"publish","type":"post","link":"https:\/\/99empregos.com.br\/blog\/projete-sua-carreira-profissional-em-5-passos\/","title":{"rendered":"Projete sua carreira profissional em 5 passos"},"content":{"rendered":"<p>Est\u00e1 come\u00e7ando sua <strong>carreira profissional<\/strong>, mas gostaria de chegar a um cargo de chefia? Neste artigo, contamos como voc\u00ea pode conseguir seus objetivos planejando as etapas a seguir.<\/p>\n<p>Se voc\u00ea est\u00e1 terminando a faculdade, procurando o primeiro emprego ou dando os primeiros passos no mundo do trabalho, existem duas op\u00e7\u00f5es. A primeira \u00e9 que sua mente esteja voltada para o aqui e agora, ou que voc\u00ea j\u00e1 esteja visualizando seu <a href=\"https:\/\/99empregos.com.br\/como-ter-sucesso-no-seu-estagio-e-progredir-na-carreira-profissional\/\" target=\"_blank\" rel=\"noopener\">futuro<\/a>. Como voc\u00ea encara esse momento da vida depender\u00e1 da sua personalidade, mas se voc\u00ea se encontra mais pr\u00f3ximo da segunda op\u00e7\u00e3o, querendo projetar sua carreira profissional no longo prazo, voc\u00ea veio ao lugar certo.<\/p>\n<h2>5 passos para projetar sua carreira profissional a outro n\u00edvel<\/h2>\n<p>Apresentamos os 5 passos que voc\u00ea deve seguir para planejar seu futuro com firmeza.<\/p>\n<h3>1.Defina seus objetivos<\/h3>\n<p>O in\u00edcio da carreira profissional \u00e9 um excelente momento para definir metas de trabalho de longo prazo, pois voc\u00ea fica despojado dos altos e baixos que a experi\u00eancia lhe proporciona.\u00a0As metas ser\u00e3o o que voc\u00ea quiser sem condi\u00e7\u00f5es.<\/p>\n<p>\u00c9 hora de se fazer perguntas: como voc\u00ea se v\u00ea daqui a 5 anos?\u00a0O que te levou a escolher essa carreira?\u00a0Que motiva\u00e7\u00f5es um trabalho deve ter para voc\u00ea?<\/p>\n<p>Pense nessas respostas e anote-as.\u00a0Esta etapa \u00e9 a mais importante porque definir\u00e1 o rumo das suas decis\u00f5es, que, embora possam mudar ao longo do tempo, s\u00e3o cruciais para agir nesta fase.<\/p>\n<h3>2.Potencialize suas habilidades<\/h3>\n<p>Ap\u00f3s definir seus objetivos, \u00e9 hora de revisar quais habilidades voc\u00ea precisa para alcan\u00e7\u00e1-los. Hoje as empresas d\u00e3o muito mais aten\u00e7\u00e3o \u00e0s soft skills (comunica\u00e7\u00e3o, trabalho em equipa, adaptabilidade, empatia, entre outras), do que ao conhecimento e experi\u00eancia que o candidato possui. Revise quais voc\u00ea tem, quais voc\u00ea precisa treinar e quais voc\u00ea precisa aprender, e v\u00e1 em frente.<\/p>\n<h3>3.Elabore seu plano de a\u00e7\u00e3o<\/h3>\n<p>Que a\u00e7\u00f5es o levar\u00e3o ao objetivo de longo prazo que voc\u00ea definiu para si mesmo?\u00a0Crie um plano de a\u00e7\u00e3o com o m\u00e1ximo de detalhes poss\u00edvel.<\/p>\n<p>Pense no tipo de empresas em que gostaria de trabalhar, o cargo que ambiciona agora e o que gostaria de ocupar nos pr\u00f3ximos anos. Al\u00e9m disso, veja a forma\u00e7\u00e3o que pode ter para desenvolver os aspetos que detectou no passo 2, etc. Inclua em seu plano a possibilidade de\u00a0networking\u00a0com colegas e participe de espa\u00e7os que fomentem seu desenvolvimento profissional, como congressos e associa\u00e7\u00f5es.<\/p>\n<h3>4.D\u00ea uma chance<\/h3>\n<p>O caminho \u00e9 constru\u00eddo a partir da tomada de decis\u00e3o; alguns est\u00e3o errados e outros avaliamos como os mais precisos. No entanto, essas decis\u00f5es podem ser analisadas com mais precis\u00e3o quando voc\u00ea as observa \u00e0 dist\u00e2ncia. Mas ainda n\u00e3o h\u00e1 c\u00e1psula para ir ao futuro e v\u00ea-lo em perspectiva!<\/p>\n<p>Portanto, arrisque pelo que voc\u00ea considera valioso, mesmo quando as condi\u00e7\u00f5es ideais n\u00e3o existem. Por exemplo, se tens a possibilidade de se candidatar a uma bolsa que n\u00e3o seja economicamente o que espera, mas que pode acrescenta um enorme valor ao teu curr\u00edculo, agora \u00e9 uma boa hora para o fazer.<\/p>\n<h3>5.Verifique como voc\u00ea vem<\/h3>\n<p>Como qualquer plano, o desenvolvimento da sua carreira profissional tamb\u00e9m precisa ser revisto periodicamente.\u00a0Pare e olhe os passos que voc\u00ea deu e veja se precisa ajustar alguma coisa que n\u00e3o est\u00e1 saindo como voc\u00ea esperava.<\/p>\n<p>Volte aos seus objetivos e reformule-os se sentir que j\u00e1 n\u00e3o o representam. Ser\u00e1 melhor faz\u00ea-lo antes de ir para onde j\u00e1 n\u00e3o quer. Analise se voc\u00ea considera que n\u00e3o est\u00e1 se atualizando o suficiente, se n\u00e3o sente desafios na sua carreira profissional ou se a empresa em que est\u00e1 n\u00e3o oferece as <a href=\"https:\/\/99empregos.com.br\/7-dicas-para-os-jovens-ao-iniciarem-a-carreira-de-trabalho\/\" target=\"_blank\" rel=\"noopener\">oportunidades<\/a> que procura. E confie nas suas decis\u00f5es.<\/p>\n<div id=\"icpbravoaccess_loaded\"><\/div>\n","protected":false},"excerpt":{"rendered":"<p>Est\u00e1 come\u00e7ando sua carreira profissional, mas gostaria de chegar a um cargo de chefia? Neste artigo, contamos como voc\u00ea pode conseguir seus objetivos planejando as etapas a seguir. Se voc\u00ea est\u00e1 terminando a faculdade, procurando o primeiro emprego ou dando os primeiros passos no mundo do trabalho, existem duas op\u00e7\u00f5es. A primeira \u00e9 que sua [&hellip;]<\/p>\n","protected":false},"author":2,"featured_media":15518,"comment_status":"open","ping_status":"closed","sticky":false,"template":"","format":"standard","meta":{"footnotes":""},"categories":[9],"tags":[20,117],"class_list":["post-14976","post","type-post","status-publish","format-standard","has-post-thumbnail","hentry","category-dicas","tag-carreira-profissional","tag-profissao"],"_links":{"self":[{"href":"https:\/\/99empregos.com.br\/blog\/wp-json\/wp\/v2\/posts\/14976","targetHints":{"allow":["GET"]}}],"collection":[{"href":"https:\/\/99empregos.com.br\/blog\/wp-json\/wp\/v2\/posts"}],"about":[{"href":"https:\/\/99empregos.com.br\/blog\/wp-json\/wp\/v2\/types\/post"}],"author":[{"embeddable":true,"href":"https:\/\/99empregos.com.br\/blog\/wp-json\/wp\/v2\/users\/2"}],"replies":[{"embeddable":true,"href":"https:\/\/99empregos.com.br\/blog\/wp-json\/wp\/v2\/comments?post=14976"}],"version-history":[{"count":0,"href":"https:\/\/99empregos.com.br\/blog\/wp-json\/wp\/v2\/posts\/14976\/revisions"}],"wp:featuredmedia":[{"embeddable":true,"href":"https:\/\/99empregos.com.br\/blog\/wp-json\/wp\/v2\/media\/15518"}],"wp:attachment":[{"href":"https:\/\/99empregos.com.br\/blog\/wp-json\/wp\/v2\/media?parent=14976"}],"wp:term":[{"taxonomy":"category","embeddable":true,"href":"https:\/\/99empregos.com.br\/blog\/wp-json\/wp\/v2\/categories?post=14976"},{"taxonomy":"post_tag","embeddable":true,"href":"https:\/\/99empregos.com.br\/blog\/wp-json\/wp\/v2\/tags?post=14976"}],"curies":[{"name":"wp","href":"https:\/\/api.w.org\/{rel}","templated":true}]}}