{"id":14989,"date":"2023-01-12T06:52:53","date_gmt":"2023-01-12T09:52:53","guid":{"rendered":"https:\/\/123empregos.com.br\/?p=14989"},"modified":"2023-01-12T06:52:53","modified_gmt":"2023-01-12T09:52:53","slug":"empresa-de-advocacia-abre-novas-vagas-de-emprego-confira","status":"publish","type":"post","link":"https:\/\/99empregos.com.br\/blog\/empresa-de-advocacia-abre-novas-vagas-de-emprego-confira\/","title":{"rendered":"Empresa de advocacia abre novas vagas de emprego, confira"},"content":{"rendered":"<p>A Albieri e Associados, empresa de advocacia que conta com mais de 300 profissionais espalhados pelo Brasil, est\u00e1 com novas<a href=\"https:\/\/99empregos.com.br\/o-que-vestir-para-uma-entrevista-de-emprego-e-se-sair-bem\/\"> vagas de emprego<\/a> abertas no pa\u00eds. Expandindo cada vez mais os seus neg\u00f3cios, a companhia agora precisa dos seguintes profissionais para integrarem a sua equipe:<\/p>\n<ul>\n<li><span style=\"font-weight: 400\">ADMINISTRADOR DE VENDAS JR Barueri\/SP;\u00a0<\/span><\/li>\n<li><span style=\"font-weight: 400\">Analista de tesouraria Sr S\u00e3o Paulo;\u00a0<\/span><\/li>\n<li><span style=\"font-weight: 400\">ANALISTA FINANCEIRO JR S\u00e3o Paulo;\u00a0<\/span><\/li>\n<li><span style=\"font-weight: 400\">Analista Financeiro S\u00eanior S\u00e3o Paulo\/SP e Remoto;\u00a0<\/span><\/li>\n<li><span style=\"font-weight: 400\">ANALISTA FINANCEIRO SR S\u00e3o Paulo;\u00a0<\/span><\/li>\n<li><span style=\"font-weight: 400\">ANALISTA FISCAL JR S\u00e3o Paulo\/SP;\u00a0<\/span><\/li>\n<li><span style=\"font-weight: 400\">ANALISTA FISCAL PL S\u00e3o Paulo\/SP;\u00a0<\/span><\/li>\n<li><span style=\"font-weight: 400\">ANALISTA TRIBUT\u00c1RIO JR S\u00e3o Paulo;\u00a0<\/span><\/li>\n<li><span style=\"font-weight: 400\">BANCO DE TALENTOS S\u00e3o Paulo\/SP e Remoto;<\/span><\/li>\n<li><span style=\"font-weight: 400\">COORDENADOR ADMINISTRATIVO FINANCEIRO Ribeir\u00e3o Pires\/SP;\u00a0<\/span><\/li>\n<li><span style=\"font-weight: 400\">Coordenador Cont\u00e1bil S\u00e3o Paulo\/SP;\u00a0<\/span><\/li>\n<li><span style=\"font-weight: 400\">ENGENHEIRO ELETR\u00d4NICO Ribeir\u00e3o Pires\/SP;\u00a0<\/span><\/li>\n<li><span style=\"font-weight: 400\">ESPECIALISTA CONT\u00c1BIL S\u00e3o Paulo;\u00a0<\/span><\/li>\n<li><span style=\"font-weight: 400\">ESPECIALISTA DE DEMONSTRA\u00c7\u00c3O FINANCEIRA S\u00e3o Paulo;\u00a0<\/span><\/li>\n<li><span style=\"font-weight: 400\">GERENTE DE CONTABILIDADE S\u00e3o Paulo.<\/span><\/li>\n<\/ul>\n<figure id=\"attachment_14992\" aria-describedby=\"caption-attachment-14992\" style=\"width: 1200px\" class=\"wp-caption aligncenter\"><img decoding=\"async\" class=\"size-full wp-image-14992\" src=\"https:\/\/99empregos.com.br\/wp-content\/uploads\/2023\/01\/albieri-vagas-2023.jpg\" alt=\"Albieri e Associados abre novas vagas de emprego, confira. Foto: Divulga\u00e7\u00e3o\" width=\"1200\" height=\"750\" srcset=\"https:\/\/99empregos.com.br\/blog\/wp-content\/uploads\/2023\/01\/albieri-vagas-2023.jpg 1200w, https:\/\/99empregos.com.br\/blog\/wp-content\/uploads\/2023\/01\/albieri-vagas-2023-300x188.jpg 300w, https:\/\/99empregos.com.br\/blog\/wp-content\/uploads\/2023\/01\/albieri-vagas-2023-1024x640.jpg 1024w, https:\/\/99empregos.com.br\/blog\/wp-content\/uploads\/2023\/01\/albieri-vagas-2023-768x480.jpg 768w\" sizes=\"(max-width: 1200px) 100vw, 1200px\" \/><figcaption id=\"caption-attachment-14992\" class=\"wp-caption-text\">Albieri e Associados abre novas vagas de emprego, confira. Foto: Divulga\u00e7\u00e3o<\/figcaption><\/figure>\n<h3>Mais informa\u00e7\u00f5es sobre a Albieri e Associados<\/h3>\n<p>A Albieri e Associados atua em colabora\u00e7\u00e3o com a rede Global da Andersen. No Brasil, somos mais de 300 profissionais com forma\u00e7\u00e3o multidisciplinar financeira, cont\u00e1bil e tribut\u00e1ria, atuando de forma operacional, colaborativa e estrat\u00e9gica com seus clientes. Somos reconhecidos, a quase uma d\u00e9cada, como a empresa mais indicada e especializada nas \u00e1reas cont\u00e1bil, fiscal, financeira e de folha de pagamento.<\/p>\n<p>O Grupo possui hoje mais de 14.000 profissionais no mundo e presen\u00e7a em 334 locais em mais de 170 pa\u00edses atrav\u00e9s de suas firmas membro. A Andersen \u00e9 uma associa\u00e7\u00e3o internacional de empresas independentes, compreendendo profissionais fiscais, cont\u00e1beis e legais por todo o mundo.<\/p>\n<section id=\"bx-item-actions-3\" class=\"grid-wrap elements-left has-background bx-ext-parallax sec-item sec-action\">\n<div class=\"grid-container grid-1 clearfix \">\n<div class=\"grid-col grid-4x-col ta-center elements-meta last-col\">\n<div class=\"elements-excerpt fs-large\">\n<p>Com anos de experi\u00eancia no segmento varejista, a Albieri e Associados conta com a expertise e a agilidade que s\u00e3o peculiares no setor. Terceiriza\u00e7\u00e3o de rotinas dos departamentos fiscal e cont\u00e1bil, atendimentos a fiscaliza\u00e7\u00f5es e reconcilia\u00e7\u00f5es cont\u00e1beis s\u00e3o alguns exemplos dos trabalhos j\u00e1 entregues pela Albieri e Associados.<\/p>\n<section id=\"bx-item-actions-5\" class=\"grid-wrap elements-left has-background bx-ext-parallax sec-item sec-action\">\n<div class=\"grid-container grid-1 clearfix \">\n<div class=\"grid-col grid-4x-col ta-center elements-meta last-col\">\n<div class=\"elements-excerpt fs-large\">\n<p>Passando por grandes montadoras e os maiores fornecedores de autope\u00e7as do Pa\u00eds, a Albieri e Associados realiza trabalhos que envolvem apura\u00e7\u00f5es de PIS e COFINS, SISCOSERV e reconcilia\u00e7\u00f5es cont\u00e1beis. Os grandes volumes envolvidos e as particularidades deste segmento credenciam a Albieri e Associados como um \u00f3timo parceiro para a ind\u00fastria automotiva.<\/p>\n<h3>Como se candidatar<\/h3>\n<p>Se voc\u00ea encontrou uma oportunidade de emprego que se encaixa com o seu perfil profissional, <a href=\"https:\/\/99empregos.com.br\/vaga\/albieri-e-associados-abre-novas-vagas-confira\/\">basta clicar neste link<\/a> para se candidatar. No entanto, antes de efetivar a sua inscri\u00e7\u00e3o, recomendamos que fa\u00e7a uma revis\u00e3o completa de todos os pr\u00e9-requisitos solicitados pela companhia. Boa sorte!<\/p>\n<\/div>\n<\/div>\n<\/div>\n<\/section>\n<\/div>\n<\/div>\n<\/div>\n<\/section>\n","protected":false},"excerpt":{"rendered":"<p>A Albieri e Associados, empresa de advocacia que conta com mais de 300 profissionais espalhados pelo Brasil, est\u00e1 com novas vagas de emprego abertas no pa\u00eds. Expandindo cada vez mais os seus neg\u00f3cios, a companhia agora precisa dos seguintes profissionais para integrarem a sua equipe: ADMINISTRADOR DE VENDAS JR Barueri\/SP;\u00a0 Analista de tesouraria Sr S\u00e3o [&hellip;]<\/p>\n","protected":false},"author":8,"featured_media":14993,"comment_status":"open","ping_status":"closed","sticky":false,"template":"","format":"standard","meta":{"footnotes":""},"categories":[7],"tags":[5,778,1542],"class_list":["post-14989","post","type-post","status-publish","format-standard","has-post-thumbnail","hentry","category-noticias","tag-empregos","tag-novas-oportunidades","tag-vagas-2023"],"_links":{"self":[{"href":"https:\/\/99empregos.com.br\/blog\/wp-json\/wp\/v2\/posts\/14989","targetHints":{"allow":["GET"]}}],"collection":[{"href":"https:\/\/99empregos.com.br\/blog\/wp-json\/wp\/v2\/posts"}],"about":[{"href":"https:\/\/99empregos.com.br\/blog\/wp-json\/wp\/v2\/types\/post"}],"author":[{"embeddable":true,"href":"https:\/\/99empregos.com.br\/blog\/wp-json\/wp\/v2\/users\/8"}],"replies":[{"embeddable":true,"href":"https:\/\/99empregos.com.br\/blog\/wp-json\/wp\/v2\/comments?post=14989"}],"version-history":[{"count":0,"href":"https:\/\/99empregos.com.br\/blog\/wp-json\/wp\/v2\/posts\/14989\/revisions"}],"wp:featuredmedia":[{"embeddable":true,"href":"https:\/\/99empregos.com.br\/blog\/wp-json\/wp\/v2\/media\/14993"}],"wp:attachment":[{"href":"https:\/\/99empregos.com.br\/blog\/wp-json\/wp\/v2\/media?parent=14989"}],"wp:term":[{"taxonomy":"category","embeddable":true,"href":"https:\/\/99empregos.com.br\/blog\/wp-json\/wp\/v2\/categories?post=14989"},{"taxonomy":"post_tag","embeddable":true,"href":"https:\/\/99empregos.com.br\/blog\/wp-json\/wp\/v2\/tags?post=14989"}],"curies":[{"name":"wp","href":"https:\/\/api.w.org\/{rel}","templated":true}]}}