{"id":15079,"date":"2023-01-12T11:36:35","date_gmt":"2023-01-12T14:36:35","guid":{"rendered":"https:\/\/123empregos.com.br\/?p=15079"},"modified":"2025-04-23T15:38:54","modified_gmt":"2025-04-23T18:38:54","slug":"sine-abre-166-vagas-de-emprego-na-regiao-norte","status":"publish","type":"post","link":"https:\/\/99empregos.com.br\/blog\/sine-abre-166-vagas-de-emprego-na-regiao-norte\/","title":{"rendered":"Sine abre 166 vagas de emprego na regi\u00e3o norte com inscri\u00e7\u00f5es at\u00e9 hoje (12)"},"content":{"rendered":"<p>A Prefeitura de Manaus, por meio do Sine Manaus, oferta 166 vagas de emprego em v\u00e1rias \u00e1reas de atua\u00e7\u00e3o, nesta quinta-feira, 12\/1, de 8h \u00e0s 16h.<\/p>\n<p>Os interessados devem estar munidos do comprovante de vacina\u00e7\u00e3o (Covid-19), curr\u00edculo e documentos pessoais (RG, CPF, PIS, CTPS, comprovante de escolaridade e resid\u00eancia). N\u00e3o \u00e9 necess\u00e1rio apresentar c\u00f3pias, somente os documentos originais.<\/p>\n<p><strong>Veja tamb\u00e9m:\u00a0<a href=\"https:\/\/99empregos.com.br\/cate-abre-700-vagas-de-emprego-em-sp-com-inscricao-ate-esta-quinta-12\/\" target=\"_blank\" rel=\"noopener\">Cate abre 700 vagas de emprego em SP com inscri\u00e7\u00e3o at\u00e9 esta quinta (12)<\/a><\/strong><\/p>\n<h2>Requisitos e inscri\u00e7\u00f5es para as vagas abertas no norte do Brasil<\/h2>\n<p>Para participar da pr\u00e9-sele\u00e7\u00e3o e concorrer a uma das vagas dispon\u00edveis, ou receber orienta\u00e7\u00e3o de cadastro, Carteira de Trabalho Digital e seguro-desemprego, os candidatos devem comparecer a um dos postos do Sine Manaus: na avenida Constantino Nery, n\u00ba 1.272, bairro S\u00e3o Geraldo, zona Centro-Sul; ou no shopping Phelippe Daou, na avenida Camapu\u00e3, n\u00ba 2.939, bairro Jorge Teixeira, zona Leste.<\/p>\n<p><strong>Veja tamb\u00e9m:\u00a0<a href=\"https:\/\/99empregos.com.br\/litoral-norte-de-sp-abre-400-vagas-de-emprego-temporaria-no-verao\/\" target=\"_blank\" rel=\"noopener\">Litoral Norte de SP abre 400 vagas de emprego tempor\u00e1ria no ver\u00e3o<\/a><\/strong><\/p>\n<p>A Semtepi informa que o atendimento no posto do shopping Phelippe Daou foi reduzido em virtude de reforma no espa\u00e7o, e orienta os cidad\u00e3os a comparecerem, preferencialmente, ao posto da avenida Constantino Nery.<\/p>\n<p>O candidato precisa validar a Carteira Digital e Previd\u00eancia Social (CTPS) no aplicativo \u201cCarteira de Trabalho Digital\u201d ou acessar o site\u00a0<a href=\"https:\/\/www.gov.br\/trabalho-e-emprego\/pt-br\" target=\"_blank\" rel=\"noopener\">http:\/\/gov.br\/trabalho<\/a>\u00a0e para concorrer \u00e0s vagas, deve acessar o site\u00a0<a href=\"https:\/\/empregabrasil.mte.gov.br\/\" target=\"_blank\" rel=\"noopener\">http:\/\/empregabrasil.mte.gov.br<\/a>\u00a0para fazer a solicita\u00e7\u00e3o de cadastro.<\/p>\n","protected":false},"excerpt":{"rendered":"<p>A Prefeitura de Manaus, por meio do Sine Manaus, oferta 166 vagas de emprego em v\u00e1rias \u00e1reas de atua\u00e7\u00e3o, nesta quinta-feira, 12\/1, de 8h \u00e0s 16h. Os interessados devem estar munidos do comprovante de vacina\u00e7\u00e3o (Covid-19), curr\u00edculo e documentos pessoais (RG, CPF, PIS, CTPS, comprovante de escolaridade e resid\u00eancia). N\u00e3o \u00e9 necess\u00e1rio apresentar c\u00f3pias, somente [&hellip;]<\/p>\n","protected":false},"author":4,"featured_media":11434,"comment_status":"open","ping_status":"closed","sticky":false,"template":"","format":"standard","meta":{"footnotes":""},"categories":[15],"tags":[16],"class_list":["post-15079","post","type-post","status-publish","format-standard","has-post-thumbnail","hentry","category-vagas","tag-vagas-de-emprego"],"_links":{"self":[{"href":"https:\/\/99empregos.com.br\/blog\/wp-json\/wp\/v2\/posts\/15079","targetHints":{"allow":["GET"]}}],"collection":[{"href":"https:\/\/99empregos.com.br\/blog\/wp-json\/wp\/v2\/posts"}],"about":[{"href":"https:\/\/99empregos.com.br\/blog\/wp-json\/wp\/v2\/types\/post"}],"author":[{"embeddable":true,"href":"https:\/\/99empregos.com.br\/blog\/wp-json\/wp\/v2\/users\/4"}],"replies":[{"embeddable":true,"href":"https:\/\/99empregos.com.br\/blog\/wp-json\/wp\/v2\/comments?post=15079"}],"version-history":[{"count":0,"href":"https:\/\/99empregos.com.br\/blog\/wp-json\/wp\/v2\/posts\/15079\/revisions"}],"wp:featuredmedia":[{"embeddable":true,"href":"https:\/\/99empregos.com.br\/blog\/wp-json\/wp\/v2\/media\/11434"}],"wp:attachment":[{"href":"https:\/\/99empregos.com.br\/blog\/wp-json\/wp\/v2\/media?parent=15079"}],"wp:term":[{"taxonomy":"category","embeddable":true,"href":"https:\/\/99empregos.com.br\/blog\/wp-json\/wp\/v2\/categories?post=15079"},{"taxonomy":"post_tag","embeddable":true,"href":"https:\/\/99empregos.com.br\/blog\/wp-json\/wp\/v2\/tags?post=15079"}],"curies":[{"name":"wp","href":"https:\/\/api.w.org\/{rel}","templated":true}]}}