{"id":15082,"date":"2023-01-12T11:40:59","date_gmt":"2023-01-12T14:40:59","guid":{"rendered":"https:\/\/123empregos.com.br\/?p=15082"},"modified":"2025-05-13T11:49:43","modified_gmt":"2025-05-13T14:49:43","slug":"recife-abre-vagas-na-area-de-tecnologia-da-informacao-e-comunicacao-com-salario-de-ate-r-5-mil","status":"publish","type":"post","link":"https:\/\/99empregos.com.br\/blog\/recife-abre-vagas-na-area-de-tecnologia-da-informacao-e-comunicacao-com-salario-de-ate-r-5-mil\/","title":{"rendered":"Recife abre vagas na \u00e1rea de Tecnologia da Informa\u00e7\u00e3o e Comunica\u00e7\u00e3o com sal\u00e1rio de at\u00e9 R$ 5 mil"},"content":{"rendered":"<p>A prefeitura do Recife abriu edital para sele\u00e7\u00e3o simplificada de profissionais da \u00e1rea de Tecnologia da Informa\u00e7\u00e3o e Comunica\u00e7\u00e3o (TIC). As vagas s\u00e3o destinadas a t\u00e9cnicos Programadores de Software Full Stack Java.<\/p>\n<p>Os profissionais contratados ser\u00e3o alocados na Secretaria de Planejamento, Gest\u00e3o e Transforma\u00e7\u00e3o Digital da gest\u00e3o Jo\u00e3o Campos, pasta respons\u00e1vel por produtos como o Conecta Recife e o portal de servi\u00e7os da prefeitura.<\/p>\n<p>Os programadores tamb\u00e9m trabalhar\u00e3o em experi\u00eancias de inova\u00e7\u00e3o aberta, abrindo para empresas de tecnologia e startups a possibilidade de encontrar solu\u00e7\u00f5es inteligentes para os desafios da cidade.<\/p>\n<p><strong>Veja tamb\u00e9m:\u00a0<a href=\"https:\/\/99empregos.com.br\/sine-abre-166-vagas-de-emprego-na-regiao-norte\/\" target=\"_blank\" rel=\"noopener\">Sine abre 166 vagas de emprego na regi\u00e3o norte com inscri\u00e7\u00f5es at\u00e9 hoje (12)<\/a><\/strong><\/p>\n<h2>Vagas de emprego em Recife<\/h2>\n<p>Ao todo, s\u00e3o 25 vagas ofertadas pela secretaria, sendo duas delas destinadas a pessoas com defici\u00eancia. O sal\u00e1rio \u00e9 de R$ 5.127,85, com contrato de um ano de trabalho.<\/p>\n<p>\u00c9 necess\u00e1rio ter ensino M\u00e9dio ou T\u00e9cnico Completo e conhecimento em programa\u00e7\u00e3o Java SE, tecnologias de front-end, SQL, entre outros quesitos requeridos no edital.<\/p>\n<p>Os candidatos aprovados ter\u00e3o, no dia a dia de trabalho, que realizar programa\u00e7\u00e3o de solu\u00e7\u00f5es Web e Mobile em Java e participar das fases de planejamento, desenvolvimento, teste e an\u00e1lise de solu\u00e7\u00f5es digitais.<\/p>\n<p>O expediente dos profissionais contratados ter\u00e1 40 horas semanais, junto \u00e0 equipe da Secretaria Executiva de Transforma\u00e7\u00e3o Digital.<\/p>\n<p><strong>Veja tamb\u00e9m:\u00a0<a href=\"https:\/\/99empregos.com.br\/cate-abre-700-vagas-de-emprego-em-sp-com-inscricao-ate-esta-quinta-12\/\" target=\"_blank\" rel=\"noopener\">Cate abre 700 vagas de emprego em SP com inscri\u00e7\u00e3o at\u00e9 esta quinta (12)<\/a><\/strong><\/p>\n<h2>Inscri\u00e7\u00f5es<\/h2>\n<p>As inscri\u00e7\u00f5es foram abertas no \u00faltimo dia 11 de janeiro de 2023 e v\u00e3o at\u00e9 o dia 9 de fevereiro. Para se candidatar, os profissionais devem acessar o site da selecaotd.recife.pe.gov.br<\/p>\n<p>No ato da inscri\u00e7\u00e3o, ser\u00e1 necess\u00e1rio enviar comprovante de escolaridade de n\u00edvel m\u00e9dio ou t\u00e9cnico em institui\u00e7\u00e3o reconhecida pelo MEC, e o candidato deve ter profici\u00eancia na linguagem de programa\u00e7\u00e3o escolhida para a prova pr\u00e1tica, que ser\u00e1 realizada no dia 4 de mar\u00e7o.<\/p>\n<p>O resultado ser\u00e1 publicado no dia 23 de mar\u00e7o no Di\u00e1rio Oficial.<\/p>\n","protected":false},"excerpt":{"rendered":"<p>A prefeitura do Recife abriu edital para sele\u00e7\u00e3o simplificada de profissionais da \u00e1rea de Tecnologia da Informa\u00e7\u00e3o e Comunica\u00e7\u00e3o (TIC). As vagas s\u00e3o destinadas a t\u00e9cnicos Programadores de Software Full Stack Java. Os profissionais contratados ser\u00e3o alocados na Secretaria de Planejamento, Gest\u00e3o e Transforma\u00e7\u00e3o Digital da gest\u00e3o Jo\u00e3o Campos, pasta respons\u00e1vel por produtos como o [&hellip;]<\/p>\n","protected":false},"author":4,"featured_media":11438,"comment_status":"open","ping_status":"closed","sticky":false,"template":"","format":"standard","meta":{"footnotes":""},"categories":[15],"tags":[1675,16,1676],"class_list":["post-15082","post","type-post","status-publish","format-standard","has-post-thumbnail","hentry","category-vagas","tag-emprego-recife","tag-vagas-de-emprego","tag-vagas-recife"],"_links":{"self":[{"href":"https:\/\/99empregos.com.br\/blog\/wp-json\/wp\/v2\/posts\/15082","targetHints":{"allow":["GET"]}}],"collection":[{"href":"https:\/\/99empregos.com.br\/blog\/wp-json\/wp\/v2\/posts"}],"about":[{"href":"https:\/\/99empregos.com.br\/blog\/wp-json\/wp\/v2\/types\/post"}],"author":[{"embeddable":true,"href":"https:\/\/99empregos.com.br\/blog\/wp-json\/wp\/v2\/users\/4"}],"replies":[{"embeddable":true,"href":"https:\/\/99empregos.com.br\/blog\/wp-json\/wp\/v2\/comments?post=15082"}],"version-history":[{"count":0,"href":"https:\/\/99empregos.com.br\/blog\/wp-json\/wp\/v2\/posts\/15082\/revisions"}],"wp:featuredmedia":[{"embeddable":true,"href":"https:\/\/99empregos.com.br\/blog\/wp-json\/wp\/v2\/media\/11438"}],"wp:attachment":[{"href":"https:\/\/99empregos.com.br\/blog\/wp-json\/wp\/v2\/media?parent=15082"}],"wp:term":[{"taxonomy":"category","embeddable":true,"href":"https:\/\/99empregos.com.br\/blog\/wp-json\/wp\/v2\/categories?post=15082"},{"taxonomy":"post_tag","embeddable":true,"href":"https:\/\/99empregos.com.br\/blog\/wp-json\/wp\/v2\/tags?post=15082"}],"curies":[{"name":"wp","href":"https:\/\/api.w.org\/{rel}","templated":true}]}}