{"id":15321,"date":"2023-01-13T05:55:59","date_gmt":"2023-01-13T08:55:59","guid":{"rendered":"https:\/\/123empregos.com.br\/?p=15321"},"modified":"2023-01-13T05:55:59","modified_gmt":"2023-01-13T08:55:59","slug":"empresa-de-gestao-e-rh-abre-novas-vagas-confira","status":"publish","type":"post","link":"https:\/\/99empregos.com.br\/blog\/empresa-de-gestao-e-rh-abre-novas-vagas-confira\/","title":{"rendered":"Empresa de Gest\u00e3o e RH abre novas vagas, confira"},"content":{"rendered":"<p>A ARTTHA, companhia de gest\u00e3o de pessoas e recursos humanos, est\u00e1 com novas <a href=\"https:\/\/99empregos.com.br\/vaga\/dufrio-divulga-vagas-de-emprego-pelo-pais-veja-os-cargos\/\">vagas de emprego<\/a> espalhadas pelo pa\u00eds. Expandindo cada vez mais os seus investimentos, a empresa agora precisa dos seguintes profissionais para integrarem a sua equipe:<\/p>\n<ul>\n<li><span style=\"font-weight: 400\">Analista Cont\u00e1bil Pleno &#8211; Home Office S\u00e3o Paulo\/SP e Remoto;\u00a0<\/span><\/li>\n<li><span style=\"font-weight: 400\">Analista de Controladoria Sim\u00f5es Filho\/BA;\u00a0<\/span><\/li>\n<li><span style=\"font-weight: 400\">Analista de Log\u00edstica J\u00fanior Salvador\/BA;\u00a0<\/span><\/li>\n<li><span style=\"font-weight: 400\">Analista de Recursos Humanos Generalista Lauro de Freitas\/BA;\u00a0<\/span><\/li>\n<li><span style=\"font-weight: 400\">Analista de Tecnologia da Informa\u00e7\u00e3o Salvador\/BA;\u00a0<\/span><\/li>\n<li><span style=\"font-weight: 400\">Analista Fiscal III Salvador\/BA;\u00a0<\/span><\/li>\n<li><span style=\"font-weight: 400\">Assistente Comercial Salvador\/BA;\u00a0<\/span><\/li>\n<li><span style=\"font-weight: 400\">Assistente de Diretoria Salvador\/BA;\u00a0<\/span><\/li>\n<li><span style=\"font-weight: 400\">Assistente Fiscal Salvador\/BA;\u00a0<\/span><\/li>\n<li><span style=\"font-weight: 400\">Auxiliar de Produ\u00e7\u00e3o Cuiab\u00e1\/MT;\u00a0<\/span><\/li>\n<li><span style=\"font-weight: 400\">Auxiliar de Produ\u00e7\u00e3o de Panifica\u00e7\u00e3o Salvador\/BA;\u00a0<\/span><\/li>\n<li><span style=\"font-weight: 400\">Comprador(a) Salvador\/BA;\u00a0<\/span><\/li>\n<li><span style=\"font-weight: 400\">Confeiteiro(a) Profissional Salvador\/BA;\u00a0<\/span><\/li>\n<li><span style=\"font-weight: 400\">Coordenador(a) de Faturamento Salvador\/BA;\u00a0<\/span><\/li>\n<li><span style=\"font-weight: 400\">Coordenador de Manuten\u00e7\u00e3o Industrial em Curtume Cuiab\u00e1\/MT;\u00a0<\/span><\/li>\n<li><span style=\"font-weight: 400\">Cozinheira(o) Residencial Salvador\/BA;\u00a0<\/span><\/li>\n<li><span style=\"font-weight: 400\">Design de V\u00eddeo Salvador\/BA;\u00a0<\/span><\/li>\n<li><span style=\"font-weight: 400\">Eletricista Automotivo Salvador\/BA;\u00a0<\/span><\/li>\n<li><span style=\"font-weight: 400\">Encarregado Administrativo Financeiro Salvador\/BA;\u00a0<\/span><\/li>\n<li><span style=\"font-weight: 400\">Enfermeira Estomaterapeuta PJ Salvador\/BA.<\/span><\/li>\n<\/ul>\n<figure id=\"attachment_15324\" aria-describedby=\"caption-attachment-15324\" style=\"width: 1200px\" class=\"wp-caption aligncenter\"><img decoding=\"async\" class=\"size-full wp-image-15324\" src=\"https:\/\/99empregos.com.br\/wp-content\/uploads\/2023\/01\/arttha-vagas-2023.jpg\" alt=\"ARTTHA est\u00e1 com novas vagas de emprego abertas, confira as oportunidades. Foto: Divulga\u00e7\u00e3o\" width=\"1200\" height=\"750\" srcset=\"https:\/\/99empregos.com.br\/blog\/wp-content\/uploads\/2023\/01\/arttha-vagas-2023.jpg 1200w, https:\/\/99empregos.com.br\/blog\/wp-content\/uploads\/2023\/01\/arttha-vagas-2023-300x188.jpg 300w, https:\/\/99empregos.com.br\/blog\/wp-content\/uploads\/2023\/01\/arttha-vagas-2023-1024x640.jpg 1024w, https:\/\/99empregos.com.br\/blog\/wp-content\/uploads\/2023\/01\/arttha-vagas-2023-768x480.jpg 768w\" sizes=\"(max-width: 1200px) 100vw, 1200px\" \/><figcaption id=\"caption-attachment-15324\" class=\"wp-caption-text\">ARTTHA est\u00e1 com novas vagas de emprego abertas, confira as oportunidades. Foto: Divulga\u00e7\u00e3o<\/figcaption><\/figure>\n<h3>Mais informa\u00e7\u00f5es sobre a ARTTHA<\/h3>\n<p>Para voc\u00ea, que est\u00e1 em busca de uma recoloca\u00e7\u00e3o ou inser\u00e7\u00e3o no mercado de trabalho, basta seguir nossas redes sociais (@artthaoficial) e nosso site. Se alguma vaga estiver no seu perfil, \u00e9 s\u00f3 preencher o cadastro com seus dados. Na ARTTHA, a gest\u00e3o de pessoas e de carreiras \u00e9 desenvolvida com \u00e9tica, seriedade e profissionalismo.<\/p>\n<p>Faz parte da nossa rotina de trabalho, o encaminhamento de\u00a0laudo personalizado com a pontua\u00e7\u00e3o do candidato(a) em todas as etapas do processo. Com a Intelig\u00eancia Artificial (IA), o processo seletivo ficou ainda mais \u00e1gil e preciso, assegurando igualdade de oportunidades e justa mensura\u00e7\u00e3o dos atributos profissionais.<\/p>\n<p>Al\u00e9m disso, asseguramos retorno formal por e-mail a 100% dos(as) candidatos(as) desde a fase de triagem. Esta conduta reafirma nosso posicionamento \u00e9tico e respeitoso ao lidar com Recursos Humanos, considerando as potencialidades de cada indiv\u00edduo.<\/p>\n<p>A ARTTHA considera que cada empresa deve ser atendida de acordo com suas necessidades espec\u00edficas. Sob esta perspectiva, todo o processo de recrutamento e sele\u00e7\u00e3o \u00e9 organizado e executado de maneira a resultar nas melhores escolhas de profissionais para atuar na sua empresa e colaborar com a expans\u00e3o do seu neg\u00f3cio.<\/p>\n<h3>Como se candidatar<\/h3>\n<p>Se voc\u00ea encontrou uma oportunidade de emprego que se encaixa com o seu perfil profissional, <a href=\"https:\/\/99empregos.com.br\/vaga\/arttha-abre-novas-vagas-de-emprego-confira-as-oportunidades\/\">basta clicar neste link<\/a> para se candidatar. No entanto, antes de efetivar a sua inscri\u00e7\u00e3o, recomendamos que fa\u00e7a uma revis\u00e3o completa de todos os pr\u00e9-requisitos solicitados pela companhia. Boa sorte!<\/p>\n","protected":false},"excerpt":{"rendered":"<p>A ARTTHA, companhia de gest\u00e3o de pessoas e recursos humanos, est\u00e1 com novas vagas de emprego espalhadas pelo pa\u00eds. Expandindo cada vez mais os seus investimentos, a empresa agora precisa dos seguintes profissionais para integrarem a sua equipe: Analista Cont\u00e1bil Pleno &#8211; Home Office S\u00e3o Paulo\/SP e Remoto;\u00a0 Analista de Controladoria Sim\u00f5es Filho\/BA;\u00a0 Analista de [&hellip;]<\/p>\n","protected":false},"author":8,"featured_media":15325,"comment_status":"open","ping_status":"closed","sticky":false,"template":"","format":"standard","meta":{"footnotes":""},"categories":[7],"tags":[1544,5,37],"class_list":["post-15321","post","type-post","status-publish","format-standard","has-post-thumbnail","hentry","category-noticias","tag-1544","tag-empregos","tag-vagas"],"_links":{"self":[{"href":"https:\/\/99empregos.com.br\/blog\/wp-json\/wp\/v2\/posts\/15321","targetHints":{"allow":["GET"]}}],"collection":[{"href":"https:\/\/99empregos.com.br\/blog\/wp-json\/wp\/v2\/posts"}],"about":[{"href":"https:\/\/99empregos.com.br\/blog\/wp-json\/wp\/v2\/types\/post"}],"author":[{"embeddable":true,"href":"https:\/\/99empregos.com.br\/blog\/wp-json\/wp\/v2\/users\/8"}],"replies":[{"embeddable":true,"href":"https:\/\/99empregos.com.br\/blog\/wp-json\/wp\/v2\/comments?post=15321"}],"version-history":[{"count":0,"href":"https:\/\/99empregos.com.br\/blog\/wp-json\/wp\/v2\/posts\/15321\/revisions"}],"wp:featuredmedia":[{"embeddable":true,"href":"https:\/\/99empregos.com.br\/blog\/wp-json\/wp\/v2\/media\/15325"}],"wp:attachment":[{"href":"https:\/\/99empregos.com.br\/blog\/wp-json\/wp\/v2\/media?parent=15321"}],"wp:term":[{"taxonomy":"category","embeddable":true,"href":"https:\/\/99empregos.com.br\/blog\/wp-json\/wp\/v2\/categories?post=15321"},{"taxonomy":"post_tag","embeddable":true,"href":"https:\/\/99empregos.com.br\/blog\/wp-json\/wp\/v2\/tags?post=15321"}],"curies":[{"name":"wp","href":"https:\/\/api.w.org\/{rel}","templated":true}]}}