{"id":16439,"date":"2023-01-17T06:13:29","date_gmt":"2023-01-17T09:13:29","guid":{"rendered":"https:\/\/123empregos.com.br\/?p=16439"},"modified":"2023-01-17T06:13:29","modified_gmt":"2023-01-17T09:13:29","slug":"companhia-do-setor-eletrico-abre-vagas-em-diversas-regioes-confira","status":"publish","type":"post","link":"https:\/\/99empregos.com.br\/blog\/companhia-do-setor-eletrico-abre-vagas-em-diversas-regioes-confira\/","title":{"rendered":"Companhia do setor el\u00e9trico abre vagas em diversas regi\u00f5es, confira"},"content":{"rendered":"<p>A Cotesa Engenharia, companhia do setor el\u00e9trico com centenas de empreendimentos no Brasil, est\u00e1 com <a href=\"https:\/\/99empregos.com.br\/vaga\/mitre-anuncia-novos-empregos-em-varias-cidades-brasileiras\/\">novas vagas de emprego<\/a> pelo pa\u00eds. Expandindo cada vez mais os seus investimentos dentro do setor, a empresa agora precisa dos seguintes profissionais para a sua equipe:<\/p>\n<ul>\n<li><span style=\"font-weight: 400\">Controlador de Frotas &#8211; Florian\u00f3polis \/ SC Florian\u00f3polis\/SC;\u00a0<\/span><\/li>\n<li><span style=\"font-weight: 400\">Eletricista de LT II &#8211; Pelotas\/RS Pelotas\/RS;\u00a0<\/span><\/li>\n<li><span style=\"font-weight: 400\">Eletricista de LT II &#8211; S\u00e3o Bernardo do Campo\/SP S\u00e3o Bernardo do Campo\/SP;\u00a0<\/span><\/li>\n<li><span style=\"font-weight: 400\">Eletricista de LT I &#8211; Lins\/SP Lins\/SP;\u00a0<\/span><\/li>\n<li><span style=\"font-weight: 400\">Eletricista de LT I &#8211; S\u00e3o Bernardo do Campo\/SP S\u00e3o Bernardo do Campo\/SP;\u00a0<\/span><\/li>\n<li><span style=\"font-weight: 400\">Eletricista de LT I &#8211; S\u00e3o Mateus\/ES S\u00e3o Mateus\/ES;\u00a0<\/span><\/li>\n<li><span style=\"font-weight: 400\">Eletricista de LT I &#8211; Sol\u00e2nea\/PB Sol\u00e2nea\/PB;\u00a0<\/span><\/li>\n<li><span style=\"font-weight: 400\">Eletricista de LT I &#8211; Tom\u00e9 A\u00e7u\/PA Tom\u00e9-A\u00e7u\/PA;\u00a0<\/span><\/li>\n<li><span style=\"font-weight: 400\">Eletricista de LT I &#8211; Uberl\u00e2ndia\/MG Uberl\u00e2ndia\/MG;\u00a0<\/span><\/li>\n<li><span style=\"font-weight: 400\">Eletricista de LT I &#8211; Uberl\u00e2ndia\/MG Uberl\u00e2ndia\/MG;\u00a0<\/span><\/li>\n<li><span style=\"font-weight: 400\">Eletricista de LT I &#8211; Viana\/ES Viana\/ES;\u00a0<\/span><\/li>\n<li><span style=\"font-weight: 400\">Eletricista de Manuten\u00e7\u00e3o de Linha de Transmiss\u00e3o I &#8211; Baldim\/MG Baldim\/MG;\u00a0<\/span><\/li>\n<li><span style=\"font-weight: 400\">Eletricista de Manuten\u00e7\u00e3o de Linha de Transmiss\u00e3o I &#8211; Currais Novos\/RN Currais Novos\/RN;\u00a0<\/span><\/li>\n<li><span style=\"font-weight: 400\">Estagi\u00e1rio de Backoffice Florian\u00f3polis\/SC;\u00a0<\/span><\/li>\n<li><span style=\"font-weight: 400\">Inspetor de LT &#8211; S\u00e3o Bernardo do Campo\/SP S\u00e3o Bernardo do Campo\/SP;\u00a0<\/span><\/li>\n<li><span style=\"font-weight: 400\">Inspetor de Manuten\u00e7\u00e3o de Linha de Transmiss\u00e3o &#8211; Viana\/ES Viana\/ES;\u00a0<\/span><\/li>\n<li><span style=\"font-weight: 400\">Operador de COS- Florian\u00f3polis\/SC Florian\u00f3polis\/SC;\u00a0<\/span><\/li>\n<li><span style=\"font-weight: 400\">Operador Mantenedor I &#8211; Agudo\/RS Agudo\/RS;\u00a0<\/span><\/li>\n<li><span style=\"font-weight: 400\">Oportunidades para Profissionais com Defici\u00eancia;\u00a0<\/span><\/li>\n<li><span style=\"font-weight: 400\">Porteiro &#8211; Agudo\/RS Agudo\/RS;\u00a0<\/span><\/li>\n<li><span style=\"font-weight: 400\">Supervisor(a) de Manuten\u00e7\u00e3o &#8211; Campinas\/SP Campinas\/SP;\u00a0<\/span><\/li>\n<li><span style=\"font-weight: 400\">Supervisor de Manuten\u00e7\u00e3o de LT &#8211; S\u00e3o Bernardo do Campo\/SP S\u00e3o Bernardo do Campo\/SP;\u00a0<\/span><\/li>\n<li><span style=\"font-weight: 400\">T\u00e9cnico(a) de Manuten\u00e7\u00e3o II &#8211; Chapadinha\/MA Chapadinha\/MA;\u00a0<\/span><\/li>\n<li><span style=\"font-weight: 400\">T\u00e9cnico(a) de Manuten\u00e7\u00e3o II &#8211; Igarassu\/PE Igarassu\/PE;\u00a0<\/span><\/li>\n<li><span style=\"font-weight: 400\">T\u00e9cnico(a) de Manuten\u00e7\u00e3o III &#8211; Itatiba\/SP Itatiba\/SP;\u00a0<\/span><\/li>\n<li><span style=\"font-weight: 400\">T\u00e9cnico(a) de Manuten\u00e7\u00e3o I &#8211; Oliveira dos Brejinhos\/BA Oliveira dos Brejinhos\/BA;\u00a0<\/span><\/li>\n<li><span style=\"font-weight: 400\">T\u00e9cnico(a) de Manuten\u00e7\u00e3o Mec\u00e2nica II (UHE) &#8211; Agudo\/RS Agudo\/RS;\u00a0<\/span><\/li>\n<li><span style=\"font-weight: 400\">T\u00e9cnico de Manuten\u00e7\u00e3o II &#8211; Campos Novos &#8211; SC Campos Novos\/SC;\u00a0<\/span><\/li>\n<li><span style=\"font-weight: 400\">T\u00e9cnico de Manuten\u00e7\u00e3o II &#8211; Santa Vit\u00f3ria do Palmar Santa Vit\u00f3ria do Palmar\/RS.<\/span><\/li>\n<\/ul>\n<figure id=\"attachment_16443\" aria-describedby=\"caption-attachment-16443\" style=\"width: 1200px\" class=\"wp-caption aligncenter\"><img decoding=\"async\" class=\"size-full wp-image-16443\" src=\"https:\/\/99empregos.com.br\/wp-content\/uploads\/2023\/01\/cotesa-vagas-2023.jpg\" alt=\"Cotesa abre novas vagas de emprego, confira as oportunidades. Foto: Divulga\u00e7\u00e3o\" width=\"1200\" height=\"750\" srcset=\"https:\/\/99empregos.com.br\/blog\/wp-content\/uploads\/2023\/01\/cotesa-vagas-2023.jpg 1200w, https:\/\/99empregos.com.br\/blog\/wp-content\/uploads\/2023\/01\/cotesa-vagas-2023-300x188.jpg 300w, https:\/\/99empregos.com.br\/blog\/wp-content\/uploads\/2023\/01\/cotesa-vagas-2023-1024x640.jpg 1024w, https:\/\/99empregos.com.br\/blog\/wp-content\/uploads\/2023\/01\/cotesa-vagas-2023-768x480.jpg 768w\" sizes=\"(max-width: 1200px) 100vw, 1200px\" \/><figcaption id=\"caption-attachment-16443\" class=\"wp-caption-text\">Cotesa abre novas vagas de emprego, confira as oportunidades. Foto: Divulga\u00e7\u00e3o<\/figcaption><\/figure>\n<h3>Mais informa\u00e7\u00f5es sobre a Cotesa Engenharia<\/h3>\n<section id=\"about\" class=\"sc-90af7a72-0 Ogwlu\" data-testid=\"company-description\">\n<div class=\"sc-90af7a72-1 cxPlKI\">\n<p>A <a href=\"https:\/\/cotesa.com.br\/\" target=\"_blank\" rel=\"noopener\">COTESA <\/a>\u00e9 uma empresa catarinense que tem como prop\u00f3sito ser parceira estrat\u00e9gica do setor el\u00e9trico brasileiro. Atua em todo o pa\u00eds com servi\u00e7os especializados, voltados \u00e0 opera\u00e7\u00e3o e manuten\u00e7\u00e3o de ativos el\u00e9tricos de gera\u00e7\u00e3o, transmiss\u00e3o e distribui\u00e7\u00e3o de energia. Ao todo, s\u00e3o mais de 150 empreendimentos atendidos nas diversas regi\u00f5es do Brasil: linhas de transmiss\u00e3o, subesta\u00e7\u00f5es, pequenas centrais hidrel\u00e9tricas, usinas hidrel\u00e9tricas, parques solares fotovoltaicos, parques e\u00f3licos e sistemas el\u00e9tricos de m\u00e9dia e alta tens\u00e3o de plantas industriais eletrointensivas. A COTESA possui um Centro de Opera\u00e7\u00f5es pr\u00f3prio e investe constantemente na capacita\u00e7\u00e3o de sua equipe e no desenvolvimento de tecnologias pr\u00f3prias e customizadas, oferecendo solu\u00e7\u00f5es moldadas \u00e0s necessidades de cada um de seus clientes.<\/p>\n<h3>Como se candidatar<\/h3>\n<p>Se voc\u00ea encontrou uma oportunidade de emprego que se encaixa com o seu perfil profissional, <a href=\"https:\/\/99empregos.com.br\/vaga\/cotesa-engenharia-abre-novas-vagas-confira\/\">basta clicar neste link<\/a> para se candidatar agora mesmo por l\u00e1. No entanto, antes de efetivar a sua inscri\u00e7\u00e3o, recomendamos que fa\u00e7a uma revis\u00e3o completa de todos os pr\u00e9-requisitos solicitados pela companhia. Boa sorte!<\/p>\n<\/div>\n<\/section>\n","protected":false},"excerpt":{"rendered":"<p>A Cotesa Engenharia, companhia do setor el\u00e9trico com centenas de empreendimentos no Brasil, est\u00e1 com novas vagas de emprego pelo pa\u00eds. Expandindo cada vez mais os seus investimentos dentro do setor, a empresa agora precisa dos seguintes profissionais para a sua equipe: Controlador de Frotas &#8211; Florian\u00f3polis \/ SC Florian\u00f3polis\/SC;\u00a0 Eletricista de LT II &#8211; [&hellip;]<\/p>\n","protected":false},"author":8,"featured_media":16444,"comment_status":"open","ping_status":"closed","sticky":false,"template":"","format":"standard","meta":{"footnotes":""},"categories":[7],"tags":[1544,5,37],"class_list":["post-16439","post","type-post","status-publish","format-standard","has-post-thumbnail","hentry","category-noticias","tag-1544","tag-empregos","tag-vagas"],"_links":{"self":[{"href":"https:\/\/99empregos.com.br\/blog\/wp-json\/wp\/v2\/posts\/16439","targetHints":{"allow":["GET"]}}],"collection":[{"href":"https:\/\/99empregos.com.br\/blog\/wp-json\/wp\/v2\/posts"}],"about":[{"href":"https:\/\/99empregos.com.br\/blog\/wp-json\/wp\/v2\/types\/post"}],"author":[{"embeddable":true,"href":"https:\/\/99empregos.com.br\/blog\/wp-json\/wp\/v2\/users\/8"}],"replies":[{"embeddable":true,"href":"https:\/\/99empregos.com.br\/blog\/wp-json\/wp\/v2\/comments?post=16439"}],"version-history":[{"count":0,"href":"https:\/\/99empregos.com.br\/blog\/wp-json\/wp\/v2\/posts\/16439\/revisions"}],"wp:featuredmedia":[{"embeddable":true,"href":"https:\/\/99empregos.com.br\/blog\/wp-json\/wp\/v2\/media\/16444"}],"wp:attachment":[{"href":"https:\/\/99empregos.com.br\/blog\/wp-json\/wp\/v2\/media?parent=16439"}],"wp:term":[{"taxonomy":"category","embeddable":true,"href":"https:\/\/99empregos.com.br\/blog\/wp-json\/wp\/v2\/categories?post=16439"},{"taxonomy":"post_tag","embeddable":true,"href":"https:\/\/99empregos.com.br\/blog\/wp-json\/wp\/v2\/tags?post=16439"}],"curies":[{"name":"wp","href":"https:\/\/api.w.org\/{rel}","templated":true}]}}