{"id":16789,"date":"2023-01-19T06:37:41","date_gmt":"2023-01-19T09:37:41","guid":{"rendered":"https:\/\/123empregos.com.br\/?p=16789"},"modified":"2023-01-19T06:37:41","modified_gmt":"2023-01-19T09:37:41","slug":"companhia-de-tecnologia-abre-novas-vagas-de-emprego-confira","status":"publish","type":"post","link":"https:\/\/99empregos.com.br\/blog\/companhia-de-tecnologia-abre-novas-vagas-de-emprego-confira\/","title":{"rendered":"Companhia de tecnologia abre novas vagas de emprego, confira"},"content":{"rendered":"<p>A Serede, companhia de tecnologia, est\u00e1 com novas <a href=\"https:\/\/99empregos.com.br\/vaga\/makro-atacadista-disponibiliza-novas-oportunidades-de-emprego-pelo-brasil\/\">vagas de emprego<\/a> abertas pelo Brasil. Expandindo cada vez mais os seus neg\u00f3cios no setor, a empresa agora precisa de uma s\u00e9rie de profissionais para integrarem a sua equipe t\u00e9cnica. Confira, portanto, quais s\u00e3o as oportunidades:<\/p>\n<ul>\n<li><span style=\"font-weight: 400\">ANALISTA PRECIFICA\u00c7\u00c3O J\u00daNIOR &#8211; BRASIL Rio de Janeiro &#8211; RJ e Remoto;\u00a0<\/span><\/li>\n<li><span style=\"font-weight: 400\">BANCO PcD BRASIL Banco de talentos CONSULTOR T\u00c9CNICO I (TRAINEE) &#8211; ANGRA DOS REIS\/RJ Rio de Janeiro &#8211; RJ;\u00a0<\/span><\/li>\n<li><span style=\"font-weight: 400\">CONSULTOR T\u00c9CNICO I (TRAINEE) &#8211; ARMA\u00c7\u00c3O DOS BUZIOS\/RJ Rio de Janeiro &#8211; RJ;\u00a0<\/span><\/li>\n<li><span style=\"font-weight: 400\">CONSULTOR T\u00c9CNICO I (TRAINEE) &#8211; MANGARATIBA\/RJ Rio de Janeiro &#8211; RJ;\u00a0<\/span><\/li>\n<li><span style=\"font-weight: 400\">CONSULTOR T\u00c9CNICO I (TRAINEE) &#8211; REGI\u00c3O DOS LAGOS\/RJ Rio de Janeiro &#8211; RJ;\u00a0<\/span><\/li>\n<li><span style=\"font-weight: 400\">CONSULTOR T\u00c9CNICO I (TRAINEE) &#8211; RIO DE JANEIRO\/RJ Rio de Janeiro &#8211; RJ;\u00a0<\/span><\/li>\n<li><span style=\"font-weight: 400\">COORDENADOR CONTRATOS &#8211; BRASIL Rio de Janeiro &#8211; RJ e Remoto;\u00a0<\/span><\/li>\n<li><span style=\"font-weight: 400\">OFICIAL DE REDE (TRAINEE) &#8211; S\u00c3O PAULO\/SP S\u00e3o Paulo &#8211; SP;\u00a0<\/span><\/li>\n<li><span style=\"font-weight: 400\">OPERADOR MULTIFUNCIONAL &#8211; BAHIA\/BA E REGI\u00c3O Salvador &#8211; BA;\u00a0<\/span><\/li>\n<li><span style=\"font-weight: 400\">OPERADOR MULTIFUNCIONAL (TRAINEE) &#8211; BENTO GON\u00c7ALVES\/RS E REGI\u00c3O Bento Gon\u00e7alves &#8211; RS;\u00a0<\/span><\/li>\n<li><span style=\"font-weight: 400\">OPERADOR MULTIFUNCIONAL (TRAINEE) &#8211; CURITIBA\/PR Curitiba &#8211; PR;\u00a0<\/span><\/li>\n<li><span style=\"font-weight: 400\">OPERADOR MULTIFUNCIONAL (TRAINEE) &#8211; FLORIAN\u00d3POLIS\/SC E REGI\u00c3O Florian\u00f3polis &#8211; SC;\u00a0<\/span><\/li>\n<li><span style=\"font-weight: 400\">TEC MULTIFUNCIONAL (TRAINEE) &#8211; ARACAJU\/SE Aracaju &#8211; SE;\u00a0<\/span><\/li>\n<li><span style=\"font-weight: 400\">TEC MULTIFUNCIONAL (TRAINEE) &#8211; MACEI\u00d3\/AL Macei\u00f3 &#8211; AL;\u00a0<\/span><\/li>\n<li><span style=\"font-weight: 400\">TEC MULTIFUNCIONAL (TRAINEE) &#8211; MANAUS\/AM Manaus &#8211; AM;\u00a0<\/span><\/li>\n<li><span style=\"font-weight: 400\">TEC MULTIFUNCIONAL (TRAINEE) &#8211; S\u00c3O LU\u00cdS\/MA S\u00e3o Lu\u00eds &#8211; MA;\u00a0<\/span><\/li>\n<li><span style=\"font-weight: 400\">T\u00c9CNICO DE FIBRA \u00d3TICA I (TRAINEE) &#8211; CAMPO GRANDE\/RJ Rio de Janeiro &#8211; RJ;\u00a0<\/span><\/li>\n<li><span style=\"font-weight: 400\">T\u00c9CNICO DE FIBRA \u00d3TICA I (TRAINEE) &#8211; DUQUE DE CAXIAS\/RJ Rio de Janeiro &#8211; RJ;\u00a0<\/span><\/li>\n<li><span style=\"font-weight: 400\">T\u00c9CNICO DE FIBRA \u00d3TICA I (TRAINEE) &#8211; MANAUS\/AM Manaus &#8211; AM;\u00a0<\/span><\/li>\n<li><span style=\"font-weight: 400\">T\u00c9CNICO DE FIBRA \u00d3TICA I (TRAINEE) &#8211; S\u00c3O PAULO\/SP S\u00e3o Paulo &#8211; SP;\u00a0<\/span><\/li>\n<li><span style=\"font-weight: 400\">T\u00c9CNICO SEGURAN\u00c7A DO TRABALHO I &#8211; FLORIAN\u00d3POLIS\/SC Florian\u00f3polis &#8211; SC.<\/span><\/li>\n<\/ul>\n<figure id=\"attachment_16792\" aria-describedby=\"caption-attachment-16792\" style=\"width: 1200px\" class=\"wp-caption aligncenter\"><img decoding=\"async\" class=\"size-full wp-image-16792\" src=\"https:\/\/99empregos.com.br\/wp-content\/uploads\/2023\/01\/serede-vagas-2023.jpg\" alt=\"Serede abre novas vagas de emprego, confira quais s\u00e3o as oportunidades. Foto: Divulga\u00e7\u00e3o\" width=\"1200\" height=\"750\" srcset=\"https:\/\/99empregos.com.br\/blog\/wp-content\/uploads\/2023\/01\/serede-vagas-2023.jpg 1200w, https:\/\/99empregos.com.br\/blog\/wp-content\/uploads\/2023\/01\/serede-vagas-2023-300x188.jpg 300w, https:\/\/99empregos.com.br\/blog\/wp-content\/uploads\/2023\/01\/serede-vagas-2023-1024x640.jpg 1024w, https:\/\/99empregos.com.br\/blog\/wp-content\/uploads\/2023\/01\/serede-vagas-2023-768x480.jpg 768w\" sizes=\"(max-width: 1200px) 100vw, 1200px\" \/><figcaption id=\"caption-attachment-16792\" class=\"wp-caption-text\">Serede abre novas vagas de emprego, confira quais s\u00e3o as oportunidades. Foto: Divulga\u00e7\u00e3o<\/figcaption><\/figure>\n<h3>Mais informa\u00e7\u00f5es sobre a Serede<\/h3>\n<p>Fomos reunidos por nossas capacidades. Juntos, aprendemos e nos aperfei\u00e7oamos. Nos tornamos um time unido e coeso, que vem construindo um jeito pr\u00f3prio de realizar. Acreditamos na meritocracia, valorizamos o crescimento pessoal e o aprimoramento profissional. Somos guiados por resultados, e especialistas em servir com excel\u00eancia e seguran\u00e7a.<\/p>\n<p>Porque temos consci\u00eancia de nossa responsabilidade em impactar positivamente a vida de nossos clientes. Por isso, nos desafiamos e nos mobilizamos para fazer mais e melhor a cada dia.\u00a0Para nos superar. Surpreender. Para construir o futuro que queremos. E, ao longo dessa jornada, deixar a nossa marca.<\/p>\n<h3>Como se candidatar<\/h3>\n<p>Se voc\u00ea encontrou uma oportunidade de emprego na Serede que se encaixa com o seu perfil profissional, <a href=\"https:\/\/99empregos.com.br\/vaga\/serede-abre-novas-vagas-de-emprego-confira\/\">basta clicar neste link<\/a> para se candidatar agora mesmo. No entanto, antes de efetivar a sua inscri\u00e7\u00e3o, recomendamos que fa\u00e7a uma revis\u00e3o completa de todos os pr\u00e9-requisitos solicitados pela companhia. Boa sorte!<\/p>\n","protected":false},"excerpt":{"rendered":"<p>A Serede, companhia de tecnologia, est\u00e1 com novas vagas de emprego abertas pelo Brasil. Expandindo cada vez mais os seus neg\u00f3cios no setor, a empresa agora precisa de uma s\u00e9rie de profissionais para integrarem a sua equipe t\u00e9cnica. Confira, portanto, quais s\u00e3o as oportunidades: ANALISTA PRECIFICA\u00c7\u00c3O J\u00daNIOR &#8211; BRASIL Rio de Janeiro &#8211; RJ e [&hellip;]<\/p>\n","protected":false},"author":8,"featured_media":16793,"comment_status":"open","ping_status":"closed","sticky":false,"template":"","format":"standard","meta":{"footnotes":""},"categories":[7],"tags":[1544,5,2030,37],"class_list":["post-16789","post","type-post","status-publish","format-standard","has-post-thumbnail","hentry","category-noticias","tag-1544","tag-empregos","tag-serede","tag-vagas"],"_links":{"self":[{"href":"https:\/\/99empregos.com.br\/blog\/wp-json\/wp\/v2\/posts\/16789","targetHints":{"allow":["GET"]}}],"collection":[{"href":"https:\/\/99empregos.com.br\/blog\/wp-json\/wp\/v2\/posts"}],"about":[{"href":"https:\/\/99empregos.com.br\/blog\/wp-json\/wp\/v2\/types\/post"}],"author":[{"embeddable":true,"href":"https:\/\/99empregos.com.br\/blog\/wp-json\/wp\/v2\/users\/8"}],"replies":[{"embeddable":true,"href":"https:\/\/99empregos.com.br\/blog\/wp-json\/wp\/v2\/comments?post=16789"}],"version-history":[{"count":0,"href":"https:\/\/99empregos.com.br\/blog\/wp-json\/wp\/v2\/posts\/16789\/revisions"}],"wp:featuredmedia":[{"embeddable":true,"href":"https:\/\/99empregos.com.br\/blog\/wp-json\/wp\/v2\/media\/16793"}],"wp:attachment":[{"href":"https:\/\/99empregos.com.br\/blog\/wp-json\/wp\/v2\/media?parent=16789"}],"wp:term":[{"taxonomy":"category","embeddable":true,"href":"https:\/\/99empregos.com.br\/blog\/wp-json\/wp\/v2\/categories?post=16789"},{"taxonomy":"post_tag","embeddable":true,"href":"https:\/\/99empregos.com.br\/blog\/wp-json\/wp\/v2\/tags?post=16789"}],"curies":[{"name":"wp","href":"https:\/\/api.w.org\/{rel}","templated":true}]}}