{"id":16826,"date":"2023-01-19T07:10:55","date_gmt":"2023-01-19T10:10:55","guid":{"rendered":"https:\/\/123empregos.com.br\/?p=16826"},"modified":"2025-04-30T16:06:14","modified_gmt":"2025-04-30T19:06:14","slug":"produtora-de-automoveis-abre-novas-vagas-de-emprego-confira","status":"publish","type":"post","link":"https:\/\/99empregos.com.br\/blog\/produtora-de-automoveis-abre-novas-vagas-de-emprego-confira\/","title":{"rendered":"Produtora de autom\u00f3veis abre novas vagas de emprego, confira"},"content":{"rendered":"<p>A Volkswagen, uma das maiores produtoras de autom\u00f3veis do Brasil, est\u00e1 com novas <a href=\"https:\/\/99empregos.com.br\/vaga\/johnson-controls-anuncia-empregos-em-varias-regioes-do-pais\/\">vagas de emprego<\/a> abertas pelo pa\u00eds. Com mais de 60 anos de hist\u00f3ria, a companhia agora precisa dos seguintes profissionais para integrarem as suas equipes t\u00e9cnicas:<\/p>\n<ul>\n<li><span style=\"font-weight: 400\">Advogada(o) Pleno Contratos &#8211; (G23-45) S\u00e3o Bernardo do Campo &#8211; SP;\u00a0<\/span><\/li>\n<li><span style=\"font-weight: 400\">Advogado de Prote\u00e7\u00e3o de Dados S\u00e3o Bernardo do Campo &#8211; SP;\u00a0<\/span><\/li>\n<li><span style=\"font-weight: 400\">Analista de Redes S\u00e3o Bernardo do Campo &#8211; SP;\u00a0<\/span><\/li>\n<li><span style=\"font-weight: 400\">Analista de Seguran\u00e7a da Informa\u00e7\u00e3o S\u00eanior S\u00e3o Bernardo do Campo &#8211; SP;\u00a0<\/span><\/li>\n<li><span style=\"font-weight: 400\">Analista Projetos Digitais &#8211; Consultoria de Conectividade (G22-38) S\u00e3o Bernardo do Campo &#8211; SP;\u00a0<\/span><\/li>\n<li><span style=\"font-weight: 400\">Auditor(a) &#8211; Data Analytics &amp; Investiga\u00e7\u00e3o Corporativa &#8211; G23-43 S\u00e3o Bernardo do Campo &#8211; SP;\u00a0<\/span><\/li>\n<li><span style=\"font-weight: 400\">BANCO DE TALENTOS Banco de talentos Comprador (Compras Gerais M22-02) S\u00e3o Bernardo do Campo &#8211; SP;\u00a0<\/span><\/li>\n<li><span style=\"font-weight: 400\">Comprador (Compras TI M22-01) S\u00e3o Bernardo do Campo &#8211; SP;\u00a0<\/span><\/li>\n<li><span style=\"font-weight: 400\">Customer Insights &#8211; S\u00eanior S\u00e3o Bernardo do Campo &#8211; SP;\u00a0<\/span><\/li>\n<li><span style=\"font-weight: 400\">Engenheira (o) de Produto &#8211; Homologa\u00e7\u00e3o e Regulamenta\u00e7\u00e3o de Produto S\u00e3o Bernardo do Campo &#8211; SP;\u00a0<\/span><\/li>\n<li><span style=\"font-weight: 400\">Engenheira (o) Testes Funcionais | Coast Down &#8211; (G23-42) S\u00e3o Bernardo do Campo &#8211; SP;\u00a0<\/span><\/li>\n<li><span style=\"font-weight: 400\">Experience Design S\u00e3o Bernardo do Campo &#8211; SP;\u00a0<\/span><\/li>\n<li><span style=\"font-weight: 400\">Representante de Marketing &#8211; TI S\u00e3o Bernardo do Campo &#8211; SP;\u00a0<\/span><\/li>\n<li><span style=\"font-weight: 400\">Supervisor de Infraestrutura S\u00e3o Bernardo do Campo &#8211; SP;\u00a0<\/span><\/li>\n<li><span style=\"font-weight: 400\">Supervisor de Inova\u00e7\u00e3o Aberta S\u00e3o Bernardo do Campo &#8211; SP.<\/span><\/li>\n<\/ul>\n<figure id=\"attachment_16828\" aria-describedby=\"caption-attachment-16828\" style=\"width: 1200px\" class=\"wp-caption aligncenter\"><img decoding=\"async\" class=\"size-full wp-image-16828\" src=\"https:\/\/99empregos.com.br\/wp-content\/uploads\/2023\/01\/volks-vagas-2023.jpg\" alt=\"Volkswagen abre novas vagas de emprego, confira quais s\u00e3o as oportunidades. Foto: Divulga\u00e7\u00e3o\" width=\"1200\" height=\"750\" srcset=\"https:\/\/99empregos.com.br\/blog\/wp-content\/uploads\/2023\/01\/volks-vagas-2023.jpg 1200w, https:\/\/99empregos.com.br\/blog\/wp-content\/uploads\/2023\/01\/volks-vagas-2023-300x188.jpg 300w, https:\/\/99empregos.com.br\/blog\/wp-content\/uploads\/2023\/01\/volks-vagas-2023-1024x640.jpg 1024w, https:\/\/99empregos.com.br\/blog\/wp-content\/uploads\/2023\/01\/volks-vagas-2023-768x480.jpg 768w\" sizes=\"(max-width: 1200px) 100vw, 1200px\" \/><figcaption id=\"caption-attachment-16828\" class=\"wp-caption-text\">Volkswagen abre novas vagas de emprego, confira quais s\u00e3o as oportunidades. Foto: Divulga\u00e7\u00e3o<\/figcaption><\/figure>\n<h3>Mais informa\u00e7\u00f5es sobre a Volkswagen<\/h3>\n<p class=\"ql-align-justify\">A Volkswagen est\u00e1 na vida, no cora\u00e7\u00e3o e na garagem dos brasileiros. J\u00e1 s\u00e3o quase 70 anos de uma hist\u00f3ria constru\u00edda por milhares de m\u00e3os, que buscam entregar produtos e servi\u00e7os cada vez mais inovadores e que v\u00e3o transformar os rumos da mobilidade urbana.<\/p>\n<p class=\"ql-align-justify\">A\u00a0Nossa <a href=\"https:\/\/www.vw.com.br\/pt.html\" target=\"_blank\" rel=\"noopener\">Volkswagen\u00a0<\/a>quer ser a cada dia mais\u00a0diversa, digital, \u00e1gil, centrada no cliente e neutra em carbono.\u00a0O nosso compromisso \u00e9 em entregar cada vez mais valor aos nossos clientes, colaboradores, parceiros e para a sociedade. Esperamos oferecer experi\u00eancias incr\u00edveis e construir o futuro de uma maneira mais sustent\u00e1vel e surpreendente.<\/p>\n<p class=\"ql-align-justify\">Incentivamos o debate, as novas ideias e solu\u00e7\u00f5es. Valorizamos o trabalho em equipe, a empatia, e juntos, aceleramos!\u00a0Somos a \u00fanica montadora a receber em todos os anos, desde 2019, a certifica\u00e7\u00e3o Top Employer, o mais importante reconhecimento internacional da excel\u00eancia de uma empresa na gest\u00e3o de pessoas.<\/p>\n<h3 class=\"ql-align-justify\">Como se candidatar<\/h3>\n<p>Se voc\u00ea encontrou uma oportunidade de emprego que se encaixa com o seu perfil profissional, <a href=\"https:\/\/99empregos.com.br\/vaga\/volkswagen-abre-novas-vagas-de-emprego-veja\/\">basta clicar neste link<\/a> para se candidatar agora mesmo. No entanto, antes de efetivar a sua inscri\u00e7\u00e3o, recomendamos que fa\u00e7a uma revis\u00e3o completa e detalhada de todos os pr\u00e9-requisitos solicitados pela companhia. Boa sorte!<\/p>\n","protected":false},"excerpt":{"rendered":"<p>A Volkswagen, uma das maiores produtoras de autom\u00f3veis do Brasil, est\u00e1 com novas vagas de emprego abertas pelo pa\u00eds. Com mais de 60 anos de hist\u00f3ria, a companhia agora precisa dos seguintes profissionais para integrarem as suas equipes t\u00e9cnicas: Advogada(o) Pleno Contratos &#8211; (G23-45) S\u00e3o Bernardo do Campo &#8211; SP;\u00a0 Advogado de Prote\u00e7\u00e3o de Dados [&hellip;]<\/p>\n","protected":false},"author":8,"featured_media":16829,"comment_status":"open","ping_status":"closed","sticky":false,"template":"","format":"standard","meta":{"footnotes":""},"categories":[7],"tags":[1544,5,37,393],"class_list":["post-16826","post","type-post","status-publish","format-standard","has-post-thumbnail","hentry","category-noticias","tag-1544","tag-empregos","tag-vagas","tag-volkswagen"],"_links":{"self":[{"href":"https:\/\/99empregos.com.br\/blog\/wp-json\/wp\/v2\/posts\/16826","targetHints":{"allow":["GET"]}}],"collection":[{"href":"https:\/\/99empregos.com.br\/blog\/wp-json\/wp\/v2\/posts"}],"about":[{"href":"https:\/\/99empregos.com.br\/blog\/wp-json\/wp\/v2\/types\/post"}],"author":[{"embeddable":true,"href":"https:\/\/99empregos.com.br\/blog\/wp-json\/wp\/v2\/users\/8"}],"replies":[{"embeddable":true,"href":"https:\/\/99empregos.com.br\/blog\/wp-json\/wp\/v2\/comments?post=16826"}],"version-history":[{"count":0,"href":"https:\/\/99empregos.com.br\/blog\/wp-json\/wp\/v2\/posts\/16826\/revisions"}],"wp:featuredmedia":[{"embeddable":true,"href":"https:\/\/99empregos.com.br\/blog\/wp-json\/wp\/v2\/media\/16829"}],"wp:attachment":[{"href":"https:\/\/99empregos.com.br\/blog\/wp-json\/wp\/v2\/media?parent=16826"}],"wp:term":[{"taxonomy":"category","embeddable":true,"href":"https:\/\/99empregos.com.br\/blog\/wp-json\/wp\/v2\/categories?post=16826"},{"taxonomy":"post_tag","embeddable":true,"href":"https:\/\/99empregos.com.br\/blog\/wp-json\/wp\/v2\/tags?post=16826"}],"curies":[{"name":"wp","href":"https:\/\/api.w.org\/{rel}","templated":true}]}}