{"id":17916,"date":"2023-01-23T13:40:10","date_gmt":"2023-01-23T16:40:10","guid":{"rendered":"https:\/\/123empregos.com.br\/?p=17916"},"modified":"2023-01-23T13:40:10","modified_gmt":"2023-01-23T16:40:10","slug":"empresa-do-mercado-imobiliario-abre-novas-vagas-confira","status":"publish","type":"post","link":"https:\/\/99empregos.com.br\/blog\/empresa-do-mercado-imobiliario-abre-novas-vagas-confira\/","title":{"rendered":"Empresa do mercado imobili\u00e1rio abre novas vagas, confira"},"content":{"rendered":"<p>A Vitta Residencial, empresa do mercado imobili\u00e1rio que possui mais de doze anos de experi\u00eancia, est\u00e1 com <a href=\"https:\/\/99empregos.com.br\/vaga\/cushman-divulga-22-novas-vagas-de-emprego-pelo-brasil\/\">novas vagas de emprego<\/a> abertas. Expandindo cada vez mais os seus investimentos dentro do setor, a companhia agora precisa dos seguintes profissionais para integrarem a sua equipe:<\/p>\n<ul>\n<li><span style=\"font-weight: 400\">Analista de produ\u00e7\u00e3o Campinas &#8211; SP;\u00a0<\/span><\/li>\n<li><span style=\"font-weight: 400\">ANALISTA DE PRODU\u00c7\u00c3O Jaboticabal &#8211; SP;\u00a0<\/span><\/li>\n<li><span style=\"font-weight: 400\">Analista de Produ\u00e7\u00e3o Vitta S\u00e3o Paulo S\u00e3o Paulo &#8211; SP;\u00a0<\/span><\/li>\n<li><span style=\"font-weight: 400\">ANALISTA NOVOS NEGOCIOS Londrina;\u00a0<\/span><\/li>\n<li><span style=\"font-weight: 400\">Analista Planejamento e Controle Londrina &#8211; PR;\u00a0<\/span><\/li>\n<li><span style=\"font-weight: 400\">ASSISTENTE ADMINISTRATIVO SAE Uberaba &#8211; MG;\u00a0<\/span><\/li>\n<li><span style=\"font-weight: 400\">ASSISTENTE COBRANCA Ribeir\u00e3o Preto &#8211; SP;\u00a0<\/span><\/li>\n<li><span style=\"font-weight: 400\">ASSISTENTE DE REPASSE Ribeir\u00e3o Preto &#8211; SP;\u00a0<\/span><\/li>\n<li><span style=\"font-weight: 400\">ASSISTENTE PRODUCAO Uberaba &#8211; MG;\u00a0<\/span><\/li>\n<li><span style=\"font-weight: 400\">Banco de Talentos Ribeir\u00e3o Preto &#8211; SP;<\/span><\/li>\n<li><span style=\"font-weight: 400\">CONSULTOR DE NEG\u00d3CIOS IMOBILI\u00c1RIOS Uberl\u00e2ndia &#8211; MG;\u00a0<\/span><\/li>\n<li><span style=\"font-weight: 400\">CONSULTOR DE NEG\u00d3CIOS IMOBILI\u00c1RIOS Ribeir\u00e3o Preto &#8211; SP;\u00a0<\/span><\/li>\n<li><span style=\"font-weight: 400\">Consultor de Vendas Londrina &#8211; PR Aut\u00f4nomo Consultor de Vendas Franca &#8211; SP;\u00a0<\/span><\/li>\n<li><span style=\"font-weight: 400\">Consultor de Vendas Piracicaba &#8211; SP;\u00a0<\/span><\/li>\n<li><span style=\"font-weight: 400\">Consultor de Vendas Ribeir\u00e3o Preto &#8211; SP;\u00a0<\/span><\/li>\n<li><span style=\"font-weight: 400\">Consultor de Vendas Bauru &#8211; SP;\u00a0<\/span><\/li>\n<li><span style=\"font-weight: 400\">Consultor de Vendas Mar\u00edlia &#8211; SP;\u00a0<\/span><\/li>\n<li><span style=\"font-weight: 400\">Consultor de Vendas Ribeir\u00e3o Preto &#8211; SP;\u00a0<\/span><\/li>\n<li><span style=\"font-weight: 400\">CONSULTOR DE VENDAS Sert\u00e3ozinho &#8211; SP;\u00a0<\/span><\/li>\n<li><span style=\"font-weight: 400\">CONSULTOR DE VENDAS Jaboticabal &#8211; SP;\u00a0<\/span><\/li>\n<li><span style=\"font-weight: 400\">CONSULTOR DE VENDAS Londrina;\u00a0<\/span><\/li>\n<li><span style=\"font-weight: 400\">CONSULTOR DE VENDAS Ribeir\u00e3o Preto &#8211; SP;\u00a0<\/span><\/li>\n<li><span style=\"font-weight: 400\">CONSULTOR DE VENDAS Londrina;\u00a0<\/span><\/li>\n<li><span style=\"font-weight: 400\">CONSULTOR DE VENDAS S\u00e3o Carlos &#8211; SP.<\/span><\/li>\n<\/ul>\n<figure id=\"attachment_17921\" aria-describedby=\"caption-attachment-17921\" style=\"width: 1200px\" class=\"wp-caption aligncenter\"><img decoding=\"async\" class=\"size-full wp-image-17921\" src=\"https:\/\/99empregos.com.br\/blog\/wp-content\/uploads\/2023\/01\/vitta-vagas-2023.jpg\" alt=\"Vitta Residencial abre novas vagas de emprego, confira. Foto: Divulga\u00e7\u00e3o\" width=\"1200\" height=\"700\" srcset=\"https:\/\/99empregos.com.br\/blog\/wp-content\/uploads\/2023\/01\/vitta-vagas-2023.jpg 1200w, https:\/\/99empregos.com.br\/blog\/wp-content\/uploads\/2023\/01\/vitta-vagas-2023-300x175.jpg 300w, https:\/\/99empregos.com.br\/blog\/wp-content\/uploads\/2023\/01\/vitta-vagas-2023-1024x597.jpg 1024w, https:\/\/99empregos.com.br\/blog\/wp-content\/uploads\/2023\/01\/vitta-vagas-2023-768x448.jpg 768w\" sizes=\"(max-width: 1200px) 100vw, 1200px\" \/><figcaption id=\"caption-attachment-17921\" class=\"wp-caption-text\">Vitta Residencial abre novas vagas de emprego, confira. Foto: Divulga\u00e7\u00e3o<\/figcaption><\/figure>\n<h3>Mais informa\u00e7\u00f5es sobre a Vitta Residencial<\/h3>\n<p>H\u00e1 mais de doze anos, a Vitta Residencial Incorporadora e Construtora j\u00e1 estampa sua marca no mercado imobili\u00e1rio do interior de S\u00e3o Paulo e recentemente, tamb\u00e9m, em Minas Gerais.<\/p>\n<p>A empresa traz em sua trajet\u00f3ria o prop\u00f3sito de realizar sonhos, oferecendo oportunidade de melhoria de qualidade de vida \u00e0s pessoas. Para isso, possibilita a aquisi\u00e7\u00e3o da moradia pr\u00f3pria, com condi\u00e7\u00f5es facilitadas de pagamento, infraestrutura completa, al\u00e9m dos atributos individuais de seus empreendimentos, que promovem a felicidade das pessoas.<\/p>\n<p>A Vitta Residencial atua na prospec\u00e7\u00e3o de novos neg\u00f3cios, desenvolvimento de produtos, aprova\u00e7\u00e3o, marketing, lan\u00e7amentos e comercializa\u00e7\u00e3o. Ao todo j\u00e1 s\u00e3o mais de\u202f\u00a027 mil unidades lan\u00e7adas. catorze regionais Vitta, sendo elas: Araraquara, Bauru, Botucatu, Campinas, Franca, Jaboticabal, Piracicaba, S\u00e3o Jos\u00e9 do Rio Preto, Serrana, Sert\u00e3ozinho, Sorocaba, Ribeir\u00e3o Preto, Uberaba e Uberl\u00e2ndia.<\/p>\n<h3>Como se candidatar<\/h3>\n<p>Se voc\u00ea encontrou uma oportunidade de emprego que se encaixa no seu perfil profissional, <a href=\"https:\/\/99empregos.com.br\/vaga\/vitta-residencial-abre-novas-vagas-de-emprego-confira-2\/\">basta clicar neste link<\/a> para se candidatar agora mesmo por l\u00e1. Antes de efetivar a sua inscri\u00e7\u00e3o, no entanto, recomendamos que fa\u00e7a uma revis\u00e3o completa de todos os pr\u00e9-requisitos solicitados por l\u00e1. Boa sorte!<\/p>\n","protected":false},"excerpt":{"rendered":"<p>A Vitta Residencial, empresa do mercado imobili\u00e1rio que possui mais de doze anos de experi\u00eancia, est\u00e1 com novas vagas de emprego abertas. Expandindo cada vez mais os seus investimentos dentro do setor, a companhia agora precisa dos seguintes profissionais para integrarem a sua equipe: Analista de produ\u00e7\u00e3o Campinas &#8211; SP;\u00a0 ANALISTA DE PRODU\u00c7\u00c3O Jaboticabal &#8211; [&hellip;]<\/p>\n","protected":false},"author":8,"featured_media":17922,"comment_status":"open","ping_status":"closed","sticky":false,"template":"","format":"standard","meta":{"footnotes":""},"categories":[7],"tags":[1544,5,37,2150],"class_list":["post-17916","post","type-post","status-publish","format-standard","has-post-thumbnail","hentry","category-noticias","tag-1544","tag-empregos","tag-vagas","tag-vitta-residencial"],"_links":{"self":[{"href":"https:\/\/99empregos.com.br\/blog\/wp-json\/wp\/v2\/posts\/17916","targetHints":{"allow":["GET"]}}],"collection":[{"href":"https:\/\/99empregos.com.br\/blog\/wp-json\/wp\/v2\/posts"}],"about":[{"href":"https:\/\/99empregos.com.br\/blog\/wp-json\/wp\/v2\/types\/post"}],"author":[{"embeddable":true,"href":"https:\/\/99empregos.com.br\/blog\/wp-json\/wp\/v2\/users\/8"}],"replies":[{"embeddable":true,"href":"https:\/\/99empregos.com.br\/blog\/wp-json\/wp\/v2\/comments?post=17916"}],"version-history":[{"count":0,"href":"https:\/\/99empregos.com.br\/blog\/wp-json\/wp\/v2\/posts\/17916\/revisions"}],"wp:featuredmedia":[{"embeddable":true,"href":"https:\/\/99empregos.com.br\/blog\/wp-json\/wp\/v2\/media\/17922"}],"wp:attachment":[{"href":"https:\/\/99empregos.com.br\/blog\/wp-json\/wp\/v2\/media?parent=17916"}],"wp:term":[{"taxonomy":"category","embeddable":true,"href":"https:\/\/99empregos.com.br\/blog\/wp-json\/wp\/v2\/categories?post=17916"},{"taxonomy":"post_tag","embeddable":true,"href":"https:\/\/99empregos.com.br\/blog\/wp-json\/wp\/v2\/tags?post=17916"}],"curies":[{"name":"wp","href":"https:\/\/api.w.org\/{rel}","templated":true}]}}