{"id":19124,"date":"2023-01-29T16:44:26","date_gmt":"2023-01-29T19:44:26","guid":{"rendered":"https:\/\/123empregos.com.br\/?p=19124"},"modified":"2023-01-29T16:44:26","modified_gmt":"2023-01-29T19:44:26","slug":"empresa-de-servicos-gerais-abre-vagas-pelo-brasil-confira","status":"publish","type":"post","link":"https:\/\/99empregos.com.br\/blog\/empresa-de-servicos-gerais-abre-vagas-pelo-brasil-confira\/","title":{"rendered":"Empresa de servi\u00e7os gerais abre vagas pelo Brasil, confira"},"content":{"rendered":"<p>A Serede, empresa pertencente ao Grupo Oi que trabalha com solu\u00e7\u00f5es integradas para a manuten\u00e7\u00e3o de fibras \u00f3pticas, est\u00e1 com<a href=\"https:\/\/99empregos.com.br\/vaga\/coco-bambu-anuncia-diversos-empregos-pelo-pais-veja-os-cargos\/\"> novas vagas de emprego<\/a> abertas. Expandindo cada vez mais os seus investimentos dentro do setor, a companhia agora precisa dos seguintes profissionais para integrarem a sua equipe:<\/p>\n<ul>\n<li><span style=\"font-weight: 400\">ANALISTA PRECIFICA\u00c7\u00c3O J\u00daNIOR &#8211; BRASIL Rio de Janeiro &#8211; RJ e Remoto;\u00a0<\/span><\/li>\n<li><span style=\"font-weight: 400\">ASSISTENTE ADMINISTRATIVO &#8211; BLUMENAU, CRICI\u00daMA E S\u00c3O JOS\u00c9\/SC S\u00e3o Jos\u00e9 &#8211; SC;\u00a0<\/span><\/li>\n<li><span style=\"font-weight: 400\">BANCO PcD BRASIL;\u00a0<\/span><\/li>\n<li><span style=\"font-weight: 400\">CABISTA II &#8211; BLUMENAU\/SC Blumenau &#8211; SC;\u00a0<\/span><\/li>\n<li><span style=\"font-weight: 400\">CABISTA II &#8211; JOINVILLE\/SC Joinville &#8211; SC;\u00a0<\/span><\/li>\n<li><span style=\"font-weight: 400\">CABISTA II &#8211; S\u00c3O FRANCISCO DO SUL\/SC S\u00e3o Francisco do Sul &#8211; SC;\u00a0<\/span><\/li>\n<li><span style=\"font-weight: 400\">CABISTA II &#8211; S\u00c3O JOS\u00c9\/SC S\u00e3o Jos\u00e9 &#8211; SC;\u00a0<\/span><\/li>\n<li><span style=\"font-weight: 400\">CABISTA II &#8211; SOMBRIO\/SC Sombrio &#8211; SC;\u00a0<\/span><\/li>\n<li><span style=\"font-weight: 400\">CABISTA II &#8211; VIDEIRA\/SC Videira &#8211; SC;\u00a0<\/span><\/li>\n<li><span style=\"font-weight: 400\">CONSULTOR T\u00c9CNICO I (TRAINEE) &#8211; ANGRA DOS REIS\/RJ Rio de Janeiro &#8211; RJ;\u00a0<\/span><\/li>\n<li><span style=\"font-weight: 400\">CONSULTOR T\u00c9CNICO I (TRAINEE) &#8211; ARMA\u00c7\u00c3O DOS B\u00daZIOS\/RJ Rio de Janeiro &#8211; RJ;\u00a0<\/span><\/li>\n<li><span style=\"font-weight: 400\">CONSULTOR T\u00c9CNICO I (TRAINEE) &#8211; MANGARATIBA\/RJ Rio de Janeiro &#8211; RJ;\u00a0<\/span><\/li>\n<li><span style=\"font-weight: 400\">CONSULTOR T\u00c9CNICO I (TRAINEE) &#8211; REGI\u00c3O DOS LAGOS\/RJ Rio de Janeiro &#8211; RJ;\u00a0<\/span><\/li>\n<li><span style=\"font-weight: 400\">CONSULTOR T\u00c9CNICO I (TRAINEE) &#8211; RIO DE JANEIRO\/RJ Rio de Janeiro &#8211; RJ;\u00a0<\/span><\/li>\n<li><span style=\"font-weight: 400\">COORDENADOR CONTRATOS &#8211; BRASIL Rio de Janeiro &#8211; RJ e Remoto;\u00a0<\/span><\/li>\n<li><span style=\"font-weight: 400\">ESPECIALISTA PLATAFORMA GERENCI\u00c1VEL II S\u00e3o Paulo &#8211; SP;\u00a0<\/span><\/li>\n<li><span style=\"font-weight: 400\">GESTOR DE AREA SERVI\u00c7O AO CLIENTE I &#8211; S\u00c3O JOS\u00c9\/SC S\u00e3o Jos\u00e9 &#8211; SC.<\/span><\/li>\n<\/ul>\n<figure id=\"attachment_19128\" aria-describedby=\"caption-attachment-19128\" style=\"width: 1200px\" class=\"wp-caption aligncenter\"><img decoding=\"async\" class=\"size-full wp-image-19128\" src=\"https:\/\/99empregos.com.br\/blog\/wp-content\/uploads\/2023\/01\/serede-vagas-2023-1.jpg\" alt=\"Serede abre novas vagas de emprego, confira as oportunidades. Foto: Divulga\u00e7\u00e3o\" width=\"1200\" height=\"700\" srcset=\"https:\/\/99empregos.com.br\/blog\/wp-content\/uploads\/2023\/01\/serede-vagas-2023-1.jpg 1200w, https:\/\/99empregos.com.br\/blog\/wp-content\/uploads\/2023\/01\/serede-vagas-2023-1-300x175.jpg 300w, https:\/\/99empregos.com.br\/blog\/wp-content\/uploads\/2023\/01\/serede-vagas-2023-1-1024x597.jpg 1024w, https:\/\/99empregos.com.br\/blog\/wp-content\/uploads\/2023\/01\/serede-vagas-2023-1-768x448.jpg 768w\" sizes=\"(max-width: 1200px) 100vw, 1200px\" \/><figcaption id=\"caption-attachment-19128\" class=\"wp-caption-text\">Serede abre novas vagas de emprego, confira as oportunidades. Foto: Divulga\u00e7\u00e3o<\/figcaption><\/figure>\n<h3>Mais informa\u00e7\u00f5es sobre a Serede<\/h3>\n<p class=\"font_8\">A <a href=\"https:\/\/www.webserede.com.br\/\" target=\"_blank\" rel=\"noopener\">Serede<\/a> \u00e9 uma empresa brasileira, pertencente ao Grupo Oi, que conta com solu\u00e7\u00f5es integradas em implanta\u00e7\u00e3o, opera\u00e7\u00e3o e manuten\u00e7\u00e3o em redes de fibras \u00f3pticas, FTTH, banda larga, TV por assinatura, telefonia e dados.<br \/>\nA nossa trajet\u00f3ria come\u00e7ou em 2007, com o objetivo de sermos benchmark em servi\u00e7os de telecomunica\u00e7\u00f5es. Estamos presentes em 18 estados e em mais de 3.000 munic\u00edpios do Brasil. J\u00e1 ultrapassamos a marca de 10 milh\u00f5es de domic\u00edlios cabeados (FTTH).<\/p>\n<p class=\"font_8\">A Serede possui independ\u00eancia e autonomia operacional, al\u00e9m de uma ampla estrutura e capilaridade para atuar de forma global, ofertando servi\u00e7os para v\u00e1rias empresas nacionais e internacionais. Isso nos permite utilizar o nosso know-how em empresas do segmento de Telecom, aliado \u00e0 evolu\u00e7\u00e3o do nosso portf\u00f3lio, a qualidade dos servi\u00e7os e experi\u00eancia adquirida ao longo de 15 anos de servi\u00e7os prestados aos nossos clientes.<\/p>\n<h3>Como se candidatar<\/h3>\n<p>Se voc\u00ea encontrou uma oportunidade de emprego que se encaixa com o seu perfil profissional, <a href=\"https:\/\/99empregos.com.br\/vaga\/serede-abre-novas-vagas-de-emprego-confira-as-oportunidades\/\">basta clicar neste link<\/a> para se candidatar agora mesmo. No entanto, antes de efetivar a sua inscri\u00e7\u00e3o, recomendamos que fa\u00e7a uma revis\u00e3o completa de todos os pr\u00e9-requisitos solicitados pela companhia. Boa sorte!<\/p>\n","protected":false},"excerpt":{"rendered":"<p>A Serede, empresa pertencente ao Grupo Oi que trabalha com solu\u00e7\u00f5es integradas para a manuten\u00e7\u00e3o de fibras \u00f3pticas, est\u00e1 com novas vagas de emprego abertas. Expandindo cada vez mais os seus investimentos dentro do setor, a companhia agora precisa dos seguintes profissionais para integrarem a sua equipe: ANALISTA PRECIFICA\u00c7\u00c3O J\u00daNIOR &#8211; BRASIL Rio de Janeiro [&hellip;]<\/p>\n","protected":false},"author":8,"featured_media":19129,"comment_status":"open","ping_status":"closed","sticky":false,"template":"","format":"standard","meta":{"footnotes":""},"categories":[7],"tags":[1544,5,2030,37],"class_list":["post-19124","post","type-post","status-publish","format-standard","has-post-thumbnail","hentry","category-noticias","tag-1544","tag-empregos","tag-serede","tag-vagas"],"_links":{"self":[{"href":"https:\/\/99empregos.com.br\/blog\/wp-json\/wp\/v2\/posts\/19124","targetHints":{"allow":["GET"]}}],"collection":[{"href":"https:\/\/99empregos.com.br\/blog\/wp-json\/wp\/v2\/posts"}],"about":[{"href":"https:\/\/99empregos.com.br\/blog\/wp-json\/wp\/v2\/types\/post"}],"author":[{"embeddable":true,"href":"https:\/\/99empregos.com.br\/blog\/wp-json\/wp\/v2\/users\/8"}],"replies":[{"embeddable":true,"href":"https:\/\/99empregos.com.br\/blog\/wp-json\/wp\/v2\/comments?post=19124"}],"version-history":[{"count":0,"href":"https:\/\/99empregos.com.br\/blog\/wp-json\/wp\/v2\/posts\/19124\/revisions"}],"wp:featuredmedia":[{"embeddable":true,"href":"https:\/\/99empregos.com.br\/blog\/wp-json\/wp\/v2\/media\/19129"}],"wp:attachment":[{"href":"https:\/\/99empregos.com.br\/blog\/wp-json\/wp\/v2\/media?parent=19124"}],"wp:term":[{"taxonomy":"category","embeddable":true,"href":"https:\/\/99empregos.com.br\/blog\/wp-json\/wp\/v2\/categories?post=19124"},{"taxonomy":"post_tag","embeddable":true,"href":"https:\/\/99empregos.com.br\/blog\/wp-json\/wp\/v2\/tags?post=19124"}],"curies":[{"name":"wp","href":"https:\/\/api.w.org\/{rel}","templated":true}]}}