{"id":19655,"date":"2023-02-03T14:46:48","date_gmt":"2023-02-03T17:46:48","guid":{"rendered":"https:\/\/123empregos.com.br\/?p=19655"},"modified":"2023-02-03T14:46:48","modified_gmt":"2023-02-03T17:46:48","slug":"pague-menos-divulga-centenas-de-ofertas-de-trabalho-saiba-quais-cargos-e-requisitos","status":"publish","type":"post","link":"https:\/\/99empregos.com.br\/blog\/pague-menos-divulga-centenas-de-ofertas-de-trabalho-saiba-quais-cargos-e-requisitos\/","title":{"rendered":"Pague Menos DIVULGA CENTENAS de ofertas de trabalho; saiba quais cargos e requisitos"},"content":{"rendered":"<p>Pague Menos, rede de farm\u00e1cias, est\u00e1 com centenas de <strong>ofertas de trabalho<\/strong> em seu processo seletivo para o preenchimento do quadro de colaboradores de diversas lojas. S\u00e3o aproximadamente 280 vagas disponibilizadas para candidatos que tenham ou n\u00e3o experi\u00eancia.<\/p>\n<h2>Requisitos exigidos para as ofertas de trabalho nas Farm\u00e1cias Pague Menos<\/h2>\n<p>Para que os melhores resultados continuem sendo entregues, as Farm\u00e1cias Pague Menos exigem alguns requisitos no processo de sele\u00e7\u00e3o das ofertas de trabalho. Abaixo voc\u00ea poder\u00e1 verificar alguns cargos e suas principais informa\u00e7\u00f5es:<\/p>\n<h3>Pessoa Coordenadora em Projetos (Arquitetura)<\/h3>\n<ul>\n<li>Ser graduado em Engenharia Civil ou Arquitetura e Urbanismo;<\/li>\n<li>Ter conhecimentos avan\u00e7ados no Pacote Office e no Autocad;<\/li>\n<li>MBA e\/ou P\u00f3s-Gradua\u00e7\u00e3o em projetos \u00e9 desej\u00e1vel;<\/li>\n<li>Ter experi\u00eancia no desenvolvimento dos projetos arquitet\u00f4nicos e conhecimento nos projetos complementares;<\/li>\n<li>Entre outras atividades.<\/li>\n<li>Analista de Precifica\u00e7\u00e3o<\/li>\n<li>Ser graduado em Matem\u00e1tica, Administra\u00e7\u00e3o de Empresas, Economia e Estat\u00edstica;<\/li>\n<li>Respons\u00e1vel pela participa\u00e7\u00e3o nos processos de an\u00e1lise do mercado e pesquisa, verificando os pre\u00e7os praticados por concorrentes mediante o monitoramento do mercado;<\/li>\n<li>Realizar a an\u00e1lise e a forma\u00e7\u00e3o dos pre\u00e7os das mercadorias e servi\u00e7os, tendo foco no aumento da receita, garantindo melhor margem em cima de custos de produtos.<\/li>\n<\/ul>\n<h3>Jovem Aprendiz \u2013 Administrativo<\/h3>\n<ul>\n<li>Estar cursando ou ter conclu\u00eddo o ensino m\u00e9dio;<\/li>\n<li>Ter, no m\u00e1ximo, 24 anos;<\/li>\n<li>Disponibilidade de atua\u00e7\u00e3o entre 4 e 6 horas por dia;<\/li>\n<li>Auxiliar na administra\u00e7\u00e3o, nos lan\u00e7amentos no sistema SAP, no atendimento telef\u00f4nico, bem como no acompanhamento do fluxo dos contratos de loca\u00e7\u00e3o.<\/li>\n<\/ul>\n<h2>Como se candidatar para uma das ofertas de emprego da Rede Pague Menos<\/h2>\n<p>Quem estiver interessado nesse processo seletivo da Rede de Farm\u00e1cias Pague Menos, deve acessar a p\u00e1gina da empresa no <a href=\"https:\/\/www.infojobs.com.br\/farmacias-pague-menos\/vagas?xtor=SEC-366333235-edital_concursos_CPL&amp;origenvisita=825&amp;utm_source=edital_concursos&amp;utm_medium=cpc&amp;utm_campaign=edital_concursos\" target=\"_blank\" rel=\"noopener\">site do Infojobs<\/a> e verificar a lista completa de cargos. Em seguida, \u00e9 preciso selecionar o que mais compete ao seu perfil profissional. Posteriormente, basta preencher todas as informa\u00e7\u00f5es solicitadas, encaminhando o curr\u00edculo atualizado.<\/p>\n<h3>Benef\u00edcios oferecidos pela empresa<\/h3>\n<p>Al\u00e9m da remunera\u00e7\u00e3o compat\u00edvel com a fun\u00e7\u00e3o, os aprovados nesse processo seletivo contar\u00e3o com diversos benef\u00edcios, como:<\/p>\n<ul>\n<li>Gympass;<\/li>\n<li>Vale-alimenta\u00e7\u00e3o;<\/li>\n<li>Seguro de vida;<\/li>\n<li>Assist\u00eancia m\u00e9dica;<\/li>\n<li>Entre outros.<\/li>\n<\/ul>\n<p>E se voc\u00ea procura por outras vagas, o\u00a0<a href=\"https:\/\/99empregos.com.br\/vagas-abertas\/\" target=\"_blank\" rel=\"noopener\">123 Empregos<\/a>\u00a0pode te ajudar. Acesse diariamente as melhores oportunidades e n\u00e3o se esque\u00e7a de ler os outros artigos do blog, que podem ajudar muito a se manter bem no mercado de trabalho.<\/p>\n<div id=\"icpbravoaccess_loaded\"><\/div>\n","protected":false},"excerpt":{"rendered":"<p>Pague Menos, rede de farm\u00e1cias, est\u00e1 com centenas de ofertas de trabalho em seu processo seletivo para o preenchimento do quadro de colaboradores de diversas lojas. S\u00e3o aproximadamente 280 vagas disponibilizadas para candidatos que tenham ou n\u00e3o experi\u00eancia. Requisitos exigidos para as ofertas de trabalho nas Farm\u00e1cias Pague Menos Para que os melhores resultados continuem [&hellip;]<\/p>\n","protected":false},"author":3,"featured_media":20283,"comment_status":"open","ping_status":"closed","sticky":false,"template":"","format":"standard","meta":{"footnotes":""},"categories":[15],"tags":[232,78],"class_list":["post-19655","post","type-post","status-publish","format-standard","has-post-thumbnail","hentry","category-vagas","tag-ofertas-de-trabalho","tag-pague-menos"],"_links":{"self":[{"href":"https:\/\/99empregos.com.br\/blog\/wp-json\/wp\/v2\/posts\/19655","targetHints":{"allow":["GET"]}}],"collection":[{"href":"https:\/\/99empregos.com.br\/blog\/wp-json\/wp\/v2\/posts"}],"about":[{"href":"https:\/\/99empregos.com.br\/blog\/wp-json\/wp\/v2\/types\/post"}],"author":[{"embeddable":true,"href":"https:\/\/99empregos.com.br\/blog\/wp-json\/wp\/v2\/users\/3"}],"replies":[{"embeddable":true,"href":"https:\/\/99empregos.com.br\/blog\/wp-json\/wp\/v2\/comments?post=19655"}],"version-history":[{"count":0,"href":"https:\/\/99empregos.com.br\/blog\/wp-json\/wp\/v2\/posts\/19655\/revisions"}],"wp:featuredmedia":[{"embeddable":true,"href":"https:\/\/99empregos.com.br\/blog\/wp-json\/wp\/v2\/media\/20283"}],"wp:attachment":[{"href":"https:\/\/99empregos.com.br\/blog\/wp-json\/wp\/v2\/media?parent=19655"}],"wp:term":[{"taxonomy":"category","embeddable":true,"href":"https:\/\/99empregos.com.br\/blog\/wp-json\/wp\/v2\/categories?post=19655"},{"taxonomy":"post_tag","embeddable":true,"href":"https:\/\/99empregos.com.br\/blog\/wp-json\/wp\/v2\/tags?post=19655"}],"curies":[{"name":"wp","href":"https:\/\/api.w.org\/{rel}","templated":true}]}}